{"id":17333,"date":"2016-10-11T18:14:00","date_gmt":"2016-10-11T18:14:00","guid":{"rendered":"https:\/\/totul.md\/auto\/altele\/interiorul-camerei-pentru-copii\/"},"modified":"2022-09-13T08:12:36","modified_gmt":"2022-09-13T08:12:36","slug":"interiorul-camerei-pentru-copii","status":"publish","type":"post","link":"https:\/\/totul.md\/ro\/expert\/interiorul-camerei-pentru-copii\/","title":{"rendered":"Interiorul camerei pentru copii"},"content":{"rendered":"<p>Mul\u0163i p\u0103rin\u0163i sunt dornici de a oforma de sinest\u0103t\u0103tor camera pentru copiii s\u0103i, dar nu g\u0103sesc solu\u0163ia optim\u0103, chiar \u015fi r\u0103sfoind un num\u0103r considerabil de reviste. Doar p\u0103rin\u0163ii doresc s\u0103 dea copiilor tot ce-i mai bun!<\/p>\n<p>Nu v\u0103 gr\u0103bi\u0163i amenaj\u00e2nd \u00een mod tradi\u0163ional camera de copii &#8211; mai bine de a o oforma \u015fi a o dota \u00een a\u015fa fel \u00eenc\u00e2t copilul s\u0103 simt\u0103 acolo bucurie \u015fi confort.<\/p>\n<p>Pentru ca vederea copilului s\u0103 nu sl\u0103beasc\u0103, interiorul camerei ar trebui s\u0103 fie decorat in culori deschise, iar iluminarea artificial\u0103 \u015fi natural\u0103 ar trebui s\u0103 fie r\u0103sp\u00e2ndit\u0103 pe toat\u0103 suprafa\u0163a camerei, nu doar \u00een unele zone ale acesteia. Prefer\u00e2nd o anumit\u0103 surs\u0103 de lumin\u0103, trebuie s\u0103 ne amintim c\u0103 spectrul de lumin\u0103 poate fi de un albastru aprins sau un galben mai lini\u015ftit. Prin urmare, atunci c\u00e2nd alegem tipul de iluminare ar trebui s\u0103 lu\u0103m \u00een considerare faptul c\u0103 lumina nu ar trebui s\u0103 fie foarte aprins\u0103 ci suficient\u0103 pentru tema pentru acas\u0103 \u015fi desen. Re\u0163ine\u0163i c\u0103 schimb\u0103rile bru\u015fte \u00een iluminare sunt d\u0103un\u0103toare pentru s\u0103n\u0103tatea copiilor.<\/p>\n<p>Lumina de sus poate fi instalat\u0103 at\u00e2t \u00een mod tradi\u0163ional &#8211; cu candelabre \u2013 c\u00e2t \u015fi amenaj\u00e2nd un plafon suspendat cu l\u0103mpi instalate \u00een el. Este foarte important s\u0103 se \u0163in\u0103 cont de lumina de serviciu, cum ar fi o lamp\u0103 de birou, o lamp\u0103 sau un candelabru de perete. La o \u00een\u0103l\u0163ime de aproximativ un metru de la podea ar fi bine de instalat comutatorul, pe care copilul \u00een cur\u00e2nd \u00eel va utiliza.<\/p>\n<p>Preferin\u0163ele copiilor privind culorile cu anii se modific\u0103. De exemplu, p\u00e2n\u0103 la 8 ani, le plac culori aprinse: roz, ro\u015fu, violet. La v\u00e2rsta de 9-11 ani &#8211; galben, portocaliu \u015fi verde,iar dup\u0103 12 ani, de regul\u0103, culoarea preferat\u0103 este albastru.<\/p>\n<p>Atunci c\u00e2nd alege\u0163i scheme de culoare pentru camere ar trebui s\u0103 lua\u0163i \u00een considerare culoarea mobilierului, iluminarea \u015fi suprafa\u0163a camerei. Aici v\u0103 pute\u0163i conduce dup\u0103 dou\u0103 reguli. Prima este de a combina culorile similare \u00een ton cu cele imperceptibile de pe tavan. Pardoseala si pere\u0163ii sunt vopsite in tonuri mai deschise dec\u00e2t mobila. A doua regul\u0103 necesit\u0103 combina\u0163ie armonioas\u0103 \u00eentre culori. \u00cen acela\u015fi timp nu se recomand\u0103 utilizarea combina\u0163iilor prea contrastante \u015fi de avangard\u0103, care pot avea un impact negativ asupra psihicului fragil al unui copil. Este important ca gama de culori s\u0103 creeze sentimente de c\u0103ldur\u0103 si confort.<\/p>\n<p>Plafonul constituie locul, unde \u00ee\u015fi poate g\u0103si realizarea imagina\u0163iei nelimitate designerul. El poate fi transformat \u00een cerul \u00eenstelat, cu o lun\u0103 sau se poate de ad\u0103ugat noura\u015fi. Pe plafon deasemenea pot fi reprezentate p\u0103s\u0103ri sau zmei . Totul depinde de imagina\u0163ia \u015fi dorin\u0163ele copilului.<\/p>\n<p>Adesea, oformarea camerei unui copil este foarte complicat\u0103 \u015fi extrem de interesant\u0103 \u00een proces. Interiorul joac\u0103 un rol foarte important \u00een via\u0163a copilului \u015fi influen\u0163eaz\u0103 formarea caracterului s\u0103u \u015fi formarea personalit\u0103\u0163ii. Prin urmare, este mai bine s\u0103 nu v\u0103 baza\u0163i doar pe gustul propriu, ci s\u0103 v\u0103 consulta\u0163i cu un psiholog pentru copii \u015fi s\u0103 va adresa\u0163i la un designer de interior calificat.<\/p>\n","protected":false},"excerpt":{"rendered":"<p>Mul\u0163i p\u0103rin\u0163i sunt dornici de a oforma de sinest\u0103t\u0103tor camera pentru copiii s\u0103i, dar nu g\u0103sesc solu\u0163ia optim\u0103, chiar \u015fi r\u0103sfoind un num\u0103r considerabil de reviste. Doar p\u0103rin\u0163ii doresc s\u0103 dea copiilor tot ce-i mai bun! Nu v\u0103 gr\u0103bi\u0163i amenaj\u00e2nd \u00een mod tradi\u0163ional camera de copii &#8211; mai bine de a o oforma \u015fi a [&hellip;]<\/p>\n","protected":false},"author":2,"featured_media":13654,"comment_status":"open","ping_status":"open","sticky":false,"template":"","format":"standard","meta":{"footnotes":""},"categories":[216],"tags":[],"class_list":{"0":"post-17333","1":"post","2":"type-post","3":"status-publish","4":"format-standard","5":"has-post-thumbnail","7":"category-expert"},"yoast_head":"<!-- This site is optimized with the Yoast SEO Premium plugin v18.4 (Yoast SEO v27.5) - https:\/\/yoast.com\/product\/yoast-seo-premium-wordpress\/ -->\n<title>Interiorul camerei pentru copii - Totul<\/title>\n<meta name=\"robots\" content=\"index, follow, max-snippet:-1, max-image-preview:large, max-video-preview:-1\" \/>\n<link rel=\"canonical\" href=\"https:\/\/totul.md\/ro\/expert\/interiorul-camerei-pentru-copii\/\" \/>\n<meta property=\"og:locale\" content=\"ro_RO\" \/>\n<meta property=\"og:type\" content=\"article\" \/>\n<meta property=\"og:title\" content=\"Interiorul camerei pentru copii\" \/>\n<meta property=\"og:description\" content=\"Mul\u0163i p\u0103rin\u0163i sunt dornici de a oforma de sinest\u0103t\u0103tor camera pentru copiii s\u0103i, dar nu g\u0103sesc solu\u0163ia optim\u0103, chiar \u015fi r\u0103sfoind un num\u0103r considerabil de reviste. Doar p\u0103rin\u0163ii doresc s\u0103 dea copiilor tot ce-i mai bun! Nu v\u0103 gr\u0103bi\u0163i amenaj\u00e2nd \u00een mod tradi\u0163ional camera de copii &#8211; mai bine de a o oforma \u015fi a [&hellip;]\" \/>\n<meta property=\"og:url\" content=\"https:\/\/totul.md\/ro\/expert\/interiorul-camerei-pentru-copii\/\" \/>\n<meta property=\"og:site_name\" content=\"Totul\" \/>\n<meta property=\"article:published_time\" content=\"2016-10-11T18:14:00+00:00\" \/>\n<meta property=\"article:modified_time\" content=\"2022-09-13T08:12:36+00:00\" \/>\n<meta property=\"og:image\" content=\"https:\/\/totul.md\/wp-content\/uploads\/2022\/08\/328660001253009131.jpg\" \/>\n\t<meta property=\"og:image:width\" content=\"700\" \/>\n\t<meta property=\"og:image:height\" content=\"467\" \/>\n\t<meta property=\"og:image:type\" content=\"image\/jpeg\" \/>\n<meta name=\"author\" content=\"Totul\" \/>\n<meta name=\"twitter:card\" content=\"summary_large_image\" \/>\n<meta name=\"twitter:label1\" content=\"Scris de\" \/>\n\t<meta name=\"twitter:data1\" content=\"Totul\" \/>\n\t<meta name=\"twitter:label2\" content=\"Timp estimat pentru citire\" \/>\n\t<meta name=\"twitter:data2\" content=\"3 minute\" \/>\n<script type=\"application\/ld+json\" class=\"yoast-schema-graph\">{\"@context\":\"https:\\\/\\\/schema.org\",\"@graph\":[{\"@type\":\"Article\",\"@id\":\"https:\\\/\\\/totul.md\\\/ro\\\/expert\\\/interiorul-camerei-pentru-copii\\\/#article\",\"isPartOf\":{\"@id\":\"https:\\\/\\\/totul.md\\\/ro\\\/expert\\\/interiorul-camerei-pentru-copii\\\/\"},\"author\":{\"name\":\"Totul\",\"@id\":\"https:\\\/\\\/totul.md\\\/#\\\/schema\\\/person\\\/635267878ac55394c5d6b65297f7ecb3\"},\"headline\":\"Interiorul camerei pentru copii\",\"datePublished\":\"2016-10-11T18:14:00+00:00\",\"dateModified\":\"2022-09-13T08:12:36+00:00\",\"mainEntityOfPage\":{\"@id\":\"https:\\\/\\\/totul.md\\\/ro\\\/expert\\\/interiorul-camerei-pentru-copii\\\/\"},\"wordCount\":567,\"commentCount\":0,\"image\":{\"@id\":\"https:\\\/\\\/totul.md\\\/ro\\\/expert\\\/interiorul-camerei-pentru-copii\\\/#primaryimage\"},\"thumbnailUrl\":\"https:\\\/\\\/totul.md\\\/wp-content\\\/uploads\\\/2022\\\/08\\\/328660001253009131.jpg\",\"articleSection\":[\"Expert\"],\"inLanguage\":\"ro-RO\",\"potentialAction\":[{\"@type\":\"CommentAction\",\"name\":\"Comment\",\"target\":[\"https:\\\/\\\/totul.md\\\/ro\\\/expert\\\/interiorul-camerei-pentru-copii\\\/#respond\"]}]},{\"@type\":\"WebPage\",\"@id\":\"https:\\\/\\\/totul.md\\\/ro\\\/expert\\\/interiorul-camerei-pentru-copii\\\/\",\"url\":\"https:\\\/\\\/totul.md\\\/ro\\\/expert\\\/interiorul-camerei-pentru-copii\\\/\",\"name\":\"Interiorul camerei pentru copii - Totul\",\"isPartOf\":{\"@id\":\"https:\\\/\\\/totul.md\\\/#website\"},\"primaryImageOfPage\":{\"@id\":\"https:\\\/\\\/totul.md\\\/ro\\\/expert\\\/interiorul-camerei-pentru-copii\\\/#primaryimage\"},\"image\":{\"@id\":\"https:\\\/\\\/totul.md\\\/ro\\\/expert\\\/interiorul-camerei-pentru-copii\\\/#primaryimage\"},\"thumbnailUrl\":\"https:\\\/\\\/totul.md\\\/wp-content\\\/uploads\\\/2022\\\/08\\\/328660001253009131.jpg\",\"datePublished\":\"2016-10-11T18:14:00+00:00\",\"dateModified\":\"2022-09-13T08:12:36+00:00\",\"author\":{\"@id\":\"https:\\\/\\\/totul.md\\\/#\\\/schema\\\/person\\\/635267878ac55394c5d6b65297f7ecb3\"},\"breadcrumb\":{\"@id\":\"https:\\\/\\\/totul.md\\\/ro\\\/expert\\\/interiorul-camerei-pentru-copii\\\/#breadcrumb\"},\"inLanguage\":\"ro-RO\",\"potentialAction\":[{\"@type\":\"ReadAction\",\"target\":[\"https:\\\/\\\/totul.md\\\/ro\\\/expert\\\/interiorul-camerei-pentru-copii\\\/\"]}]},{\"@type\":\"ImageObject\",\"inLanguage\":\"ro-RO\",\"@id\":\"https:\\\/\\\/totul.md\\\/ro\\\/expert\\\/interiorul-camerei-pentru-copii\\\/#primaryimage\",\"url\":\"https:\\\/\\\/totul.md\\\/wp-content\\\/uploads\\\/2022\\\/08\\\/328660001253009131.jpg\",\"contentUrl\":\"https:\\\/\\\/totul.md\\\/wp-content\\\/uploads\\\/2022\\\/08\\\/328660001253009131.jpg\",\"width\":700,\"height\":467},{\"@type\":\"BreadcrumbList\",\"@id\":\"https:\\\/\\\/totul.md\\\/ro\\\/expert\\\/interiorul-camerei-pentru-copii\\\/#breadcrumb\",\"itemListElement\":[{\"@type\":\"ListItem\",\"position\":1,\"name\":\"\u0413\u043b\u0430\u0432\u043d\u0430\u044f \u0441\u0442\u0440\u0430\u043d\u0438\u0446\u0430\",\"item\":\"https:\\\/\\\/totul.md\\\/\"},{\"@type\":\"ListItem\",\"position\":2,\"name\":\"Interiorul camerei pentru copii\"}]},{\"@type\":\"WebSite\",\"@id\":\"https:\\\/\\\/totul.md\\\/#website\",\"url\":\"https:\\\/\\\/totul.md\\\/\",\"name\":\"TOTUL.md\",\"description\":\"\",\"potentialAction\":[{\"@type\":\"SearchAction\",\"target\":{\"@type\":\"EntryPoint\",\"urlTemplate\":\"https:\\\/\\\/totul.md\\\/?s={search_term_string}\"},\"query-input\":{\"@type\":\"PropertyValueSpecification\",\"valueRequired\":true,\"valueName\":\"search_term_string\"}}],\"inLanguage\":\"ro-RO\"},{\"@type\":\"Person\",\"@id\":\"https:\\\/\\\/totul.md\\\/#\\\/schema\\\/person\\\/635267878ac55394c5d6b65297f7ecb3\",\"name\":\"Totul\",\"image\":{\"@type\":\"ImageObject\",\"inLanguage\":\"ro-RO\",\"@id\":\"https:\\\/\\\/secure.gravatar.com\\\/avatar\\\/94edef5f0e1d1c9f622cccc320e866d6b4b0de983e72b96a420073fc52119bac?s=96&d=mm&r=g\",\"url\":\"https:\\\/\\\/secure.gravatar.com\\\/avatar\\\/94edef5f0e1d1c9f622cccc320e866d6b4b0de983e72b96a420073fc52119bac?s=96&d=mm&r=g\",\"contentUrl\":\"https:\\\/\\\/secure.gravatar.com\\\/avatar\\\/94edef5f0e1d1c9f622cccc320e866d6b4b0de983e72b96a420073fc52119bac?s=96&d=mm&r=g\",\"caption\":\"Totul\"},\"url\":\"https:\\\/\\\/totul.md\\\/ro\\\/author\\\/totul-md\\\/\"}]}<\/script>\n<!-- \/ Yoast SEO Premium plugin. -->","yoast_head_json":{"title":"Interiorul camerei pentru copii - Totul","robots":{"index":"index","follow":"follow","max-snippet":"max-snippet:-1","max-image-preview":"max-image-preview:large","max-video-preview":"max-video-preview:-1"},"canonical":"https:\/\/totul.md\/ro\/expert\/interiorul-camerei-pentru-copii\/","og_locale":"ro_RO","og_type":"article","og_title":"Interiorul camerei pentru copii","og_description":"Mul\u0163i p\u0103rin\u0163i sunt dornici de a oforma de sinest\u0103t\u0103tor camera pentru copiii s\u0103i, dar nu g\u0103sesc solu\u0163ia optim\u0103, chiar \u015fi r\u0103sfoind un num\u0103r considerabil de reviste. Doar p\u0103rin\u0163ii doresc s\u0103 dea copiilor tot ce-i mai bun! Nu v\u0103 gr\u0103bi\u0163i amenaj\u00e2nd \u00een mod tradi\u0163ional camera de copii &#8211; mai bine de a o oforma \u015fi a [&hellip;]","og_url":"https:\/\/totul.md\/ro\/expert\/interiorul-camerei-pentru-copii\/","og_site_name":"Totul","article_published_time":"2016-10-11T18:14:00+00:00","article_modified_time":"2022-09-13T08:12:36+00:00","og_image":[{"width":700,"height":467,"url":"https:\/\/totul.md\/wp-content\/uploads\/2022\/08\/328660001253009131.jpg","type":"image\/jpeg"}],"author":"Totul","twitter_card":"summary_large_image","twitter_misc":{"Scris de":"Totul","Timp estimat pentru citire":"3 minute"},"schema":{"@context":"https:\/\/schema.org","@graph":[{"@type":"Article","@id":"https:\/\/totul.md\/ro\/expert\/interiorul-camerei-pentru-copii\/#article","isPartOf":{"@id":"https:\/\/totul.md\/ro\/expert\/interiorul-camerei-pentru-copii\/"},"author":{"name":"Totul","@id":"https:\/\/totul.md\/#\/schema\/person\/635267878ac55394c5d6b65297f7ecb3"},"headline":"Interiorul camerei pentru copii","datePublished":"2016-10-11T18:14:00+00:00","dateModified":"2022-09-13T08:12:36+00:00","mainEntityOfPage":{"@id":"https:\/\/totul.md\/ro\/expert\/interiorul-camerei-pentru-copii\/"},"wordCount":567,"commentCount":0,"image":{"@id":"https:\/\/totul.md\/ro\/expert\/interiorul-camerei-pentru-copii\/#primaryimage"},"thumbnailUrl":"https:\/\/totul.md\/wp-content\/uploads\/2022\/08\/328660001253009131.jpg","articleSection":["Expert"],"inLanguage":"ro-RO","potentialAction":[{"@type":"CommentAction","name":"Comment","target":["https:\/\/totul.md\/ro\/expert\/interiorul-camerei-pentru-copii\/#respond"]}]},{"@type":"WebPage","@id":"https:\/\/totul.md\/ro\/expert\/interiorul-camerei-pentru-copii\/","url":"https:\/\/totul.md\/ro\/expert\/interiorul-camerei-pentru-copii\/","name":"Interiorul camerei pentru copii - Totul","isPartOf":{"@id":"https:\/\/totul.md\/#website"},"primaryImageOfPage":{"@id":"https:\/\/totul.md\/ro\/expert\/interiorul-camerei-pentru-copii\/#primaryimage"},"image":{"@id":"https:\/\/totul.md\/ro\/expert\/interiorul-camerei-pentru-copii\/#primaryimage"},"thumbnailUrl":"https:\/\/totul.md\/wp-content\/uploads\/2022\/08\/328660001253009131.jpg","datePublished":"2016-10-11T18:14:00+00:00","dateModified":"2022-09-13T08:12:36+00:00","author":{"@id":"https:\/\/totul.md\/#\/schema\/person\/635267878ac55394c5d6b65297f7ecb3"},"breadcrumb":{"@id":"https:\/\/totul.md\/ro\/expert\/interiorul-camerei-pentru-copii\/#breadcrumb"},"inLanguage":"ro-RO","potentialAction":[{"@type":"ReadAction","target":["https:\/\/totul.md\/ro\/expert\/interiorul-camerei-pentru-copii\/"]}]},{"@type":"ImageObject","inLanguage":"ro-RO","@id":"https:\/\/totul.md\/ro\/expert\/interiorul-camerei-pentru-copii\/#primaryimage","url":"https:\/\/totul.md\/wp-content\/uploads\/2022\/08\/328660001253009131.jpg","contentUrl":"https:\/\/totul.md\/wp-content\/uploads\/2022\/08\/328660001253009131.jpg","width":700,"height":467},{"@type":"BreadcrumbList","@id":"https:\/\/totul.md\/ro\/expert\/interiorul-camerei-pentru-copii\/#breadcrumb","itemListElement":[{"@type":"ListItem","position":1,"name":"\u0413\u043b\u0430\u0432\u043d\u0430\u044f \u0441\u0442\u0440\u0430\u043d\u0438\u0446\u0430","item":"https:\/\/totul.md\/"},{"@type":"ListItem","position":2,"name":"Interiorul camerei pentru copii"}]},{"@type":"WebSite","@id":"https:\/\/totul.md\/#website","url":"https:\/\/totul.md\/","name":"TOTUL.md","description":"","potentialAction":[{"@type":"SearchAction","target":{"@type":"EntryPoint","urlTemplate":"https:\/\/totul.md\/?s={search_term_string}"},"query-input":{"@type":"PropertyValueSpecification","valueRequired":true,"valueName":"search_term_string"}}],"inLanguage":"ro-RO"},{"@type":"Person","@id":"https:\/\/totul.md\/#\/schema\/person\/635267878ac55394c5d6b65297f7ecb3","name":"Totul","image":{"@type":"ImageObject","inLanguage":"ro-RO","@id":"https:\/\/secure.gravatar.com\/avatar\/94edef5f0e1d1c9f622cccc320e866d6b4b0de983e72b96a420073fc52119bac?s=96&d=mm&r=g","url":"https:\/\/secure.gravatar.com\/avatar\/94edef5f0e1d1c9f622cccc320e866d6b4b0de983e72b96a420073fc52119bac?s=96&d=mm&r=g","contentUrl":"https:\/\/secure.gravatar.com\/avatar\/94edef5f0e1d1c9f622cccc320e866d6b4b0de983e72b96a420073fc52119bac?s=96&d=mm&r=g","caption":"Totul"},"url":"https:\/\/totul.md\/ro\/author\/totul-md\/"}]}},"_links":{"self":[{"href":"https:\/\/totul.md\/ro\/wp-json\/wp\/v2\/posts\/17333","targetHints":{"allow":["GET"]}}],"collection":[{"href":"https:\/\/totul.md\/ro\/wp-json\/wp\/v2\/posts"}],"about":[{"href":"https:\/\/totul.md\/ro\/wp-json\/wp\/v2\/types\/post"}],"author":[{"embeddable":true,"href":"https:\/\/totul.md\/ro\/wp-json\/wp\/v2\/users\/2"}],"replies":[{"embeddable":true,"href":"https:\/\/totul.md\/ro\/wp-json\/wp\/v2\/comments?post=17333"}],"version-history":[{"count":0,"href":"https:\/\/totul.md\/ro\/wp-json\/wp\/v2\/posts\/17333\/revisions"}],"wp:featuredmedia":[{"embeddable":true,"href":"https:\/\/totul.md\/ro\/wp-json\/wp\/v2\/media\/13654"}],"wp:attachment":[{"href":"https:\/\/totul.md\/ro\/wp-json\/wp\/v2\/media?parent=17333"}],"wp:term":[{"taxonomy":"category","embeddable":true,"href":"https:\/\/totul.md\/ro\/wp-json\/wp\/v2\/categories?post=17333"},{"taxonomy":"post_tag","embeddable":true,"href":"https:\/\/totul.md\/ro\/wp-json\/wp\/v2\/tags?post=17333"}],"curies":[{"name":"wp","href":"https:\/\/api.w.org\/{rel}","templated":true}]}}