{"id":47278,"date":"2017-02-04T03:41:36","date_gmt":"2017-02-04T03:41:36","guid":{"rendered":"https:\/\/totul.md\/auto\/altele\/crima-de-la-straseni-pe-unul-dintre-suspecti-vor-sa-l-faca-nebun\/"},"modified":"2017-02-04T03:41:36","modified_gmt":"2017-02-04T03:41:36","slug":"crima-de-la-straseni-pe-unul-dintre-suspecti-vor-sa-l-faca-nebun","status":"publish","type":"post","link":"https:\/\/totul.md\/ro\/recomandat\/crima-de-la-straseni-pe-unul-dintre-suspecti-vor-sa-l-faca-nebun\/","title":{"rendered":"Crima de la Str\u0103\u0219eni: Pe unul dintre suspec\u021bi vor s\u0103-l fac\u0103 \u201eNEBUN\u201d?"},"content":{"rendered":"<p><strong>Unul dintre suspec\u021bii \u00a0odioasei crime de la Str\u0103\u0219eni, care a zguduit opinia public\u0103 la finele lunii noiembrie anul trecut, ar putea sc\u0103pa b\u0103sma curat\u0103, asta dup\u0103 ce avocatul acestuia a venit cu un demers prin care a cerut ca \u00a0clientul s\u0103u s\u0103 fie internat la Spitalul Clinic de Psihiatrie.<\/strong><\/p>\n<p>Este vorba despre adolescentul, Vlad Vitalie, cunoscut prin Str\u0103\u0219eni ca alias \u201eZaie\u021b\u201d, \u00een v\u00eerst\u0103 de 17 ani, care este suspectat de faptul c\u0103, \u00eempreun\u0103 cu al\u021bi trei minori din Str\u0103\u0219eni, ar fi omor\u00eet-o cu bestialitate pe Cristina Parhomenco, minora de 14 ani. Dup\u0103 crim\u0103, adolescentul a fugit \u00een Rom\u00e2nia, unde \u00ee\u0219i f\u0103cea studiile, iar dup\u0103 ce a fost dat \u00een c\u0103utare interna\u021bional\u0103, acesta a fost re\u021binut \u00een Ungaria, iar ulterior a fost extr\u0103dat \u00een Republica Moldova unde avea mandat de arest pe numele s\u0103u pentru 30 de zile.<\/p>\n<p>Ieri, Vlad Vitalie \u00eempreun\u0103 cu ceilal\u021bi doi suspec\u021bi, \u00a0a fost adus din nou pe banca acuza\u021bilor, la Curtea de Apel, iar la cererea avocatului instan\u021ba urmeaz\u0103 s\u0103 decid\u0103 \u00a0plasarea suspectului din arest \u00een Spitalul Clinic de Psihiatrie pentru examinare.<\/p>\n<p>Potrivit unor surse ale portalului Today.MD apropiate anchetei, avocatul lui Vlad Vitalie, Gheorghe Cobzac, a cerut examinrea sta\u021bionar\u0103 a clientului s\u0103u la Spitalul Clinic de Psihiatrie. Sursele au mai ad\u0103ugat c\u0103 \u00a0acela\u0219i avocat a procedat la fel \u0219i \u00een cazul interlopului Micu, c\u00eend a fost plasat \u00een Spitalul Clinic de Psihiatrie.<\/p>\n<p>Totodat\u0103, sursele \u0219i-au exprimat temerea c\u0103 aceast\u0103 ac\u021biune are drept scop s\u0103-l absolveasc\u0103 pe suspect de pedeapsa penal\u0103 pentru crima comis\u0103.<\/p>\n<p>Solicitat telefonic, Alexandru Ra\u021b\u0103, \u0219eful Procuraturei Str\u0103\u0219eni, a confirmat pentru Today.MD faptul c\u0103 avoca\u021bii cer internarea lui Vlad Vitalie \u00een Psihiatrie.<\/p>\n<p>\u201eDa, v\u0103 confirm acest fapt, este o solicitarea a Comisiei de Exper\u021bi \u00a0\u0219i a avocatului acestuia, din motiv c\u0103\u00a0s\u00eent \u00een inposibilitate de a se expune dac\u0103 acesta a fost responsabil c\u00eend s-a comis crima. Consider c\u0103 nu-i corect, s-ar p\u0103rea c\u0103 este vorba despre o \u00eencercare de a se eschiva de la r\u0103spundere penal\u0103. \u00cen cazul celorlal\u021bi doi s-au putut expune c\u0103 s\u00eent responsabili, dup\u0103 ce au fost audia\u021bi \u00een arest, iar \u00een cazul acestuia au nevoie s\u0103-l interneze pentru o lun\u0103 \u00een Spitalul de Psihiatrie pentru a fi sub observa\u021bia psihiatrilor. Am s\u0103 apelez m\u00eeine la toate institu\u021biile, ca s\u0103 fie examinat ambulatoriu \u0219i nu \u00een sta\u021bionar dac\u0103 este responsabil sau nu. Este de men\u021bionat c\u0103 acest suspect \u00ee\u0219i f\u0103cea studiile \u00een Rom\u00e2nia \u0219i mai are un dosar \u00een judecat\u0103 penal pentru huliganism \u00een judecat\u0103, atunci a fost declarat responsabil\u201d, ne-a declarat Ra\u021b\u0103.<\/p>\n<p>Reamintim c\u0103 cei patru minori ar fi suspecta\u021bi c\u0103 au omor\u00eet-o pe Cristina Parhomenco \u00een v\u00eerst\u0103 de 14 ani, dup\u0103 ce au consumat \u00eempreun\u0103 b\u0103uturi alcoolice, iar cadavrul acesteia l-au ascuns \u00eentr-o cl\u0103dire aflat\u0103 \u00een construc\u021bie \u0219i l-au acoperit cu c\u0103r\u0103mizi \u0219i lespezi de lemn.<\/p>\n<p>\u00cen prezent, trei s\u00eent cerceta\u021bi \u00een stare de arest, iar un alt minor de 13 ani este cercetat \u00een stare de libertate.\u00a0Adolescen\u021bii care s\u00eent suspecta\u021bi de asasinarea Cristinei Parhomenco risc\u0103 p\u00een\u0103 la 20 de ani de priva\u021biune de libertate, dac\u0103 vinov\u0103\u021bia lor va fi dovedit\u0103.<\/p>\n","protected":false},"excerpt":{"rendered":"<p>Unul dintre suspec\u021bii \u00a0odioasei crime de la Str\u0103\u0219eni, care a zguduit opinia public\u0103 la finele lunii noiembrie anul trecut, ar putea sc\u0103pa b\u0103sma curat\u0103, asta dup\u0103 ce avocatul acestuia a venit cu un demers prin care a cerut ca \u00a0clientul s\u0103u s\u0103 fie internat la Spitalul Clinic de Psihiatrie. Este vorba despre adolescentul, Vlad Vitalie, [&hellip;]<\/p>\n","protected":false},"author":2,"featured_media":0,"comment_status":"open","ping_status":"open","sticky":false,"template":"","format":"standard","meta":{"footnotes":""},"categories":[],"tags":[],"class_list":["post-47278","post","type-post","status-publish","format-standard"],"yoast_head":"<!-- This site is optimized with the Yoast SEO Premium plugin v18.4 (Yoast SEO v27.4) - https:\/\/yoast.com\/product\/yoast-seo-premium-wordpress\/ -->\n<title>Crima de la Str\u0103\u0219eni: Pe unul dintre suspec\u021bi vor s\u0103-l fac\u0103 \u201eNEBUN\u201d? - Totul<\/title>\n<meta name=\"robots\" content=\"index, follow, max-snippet:-1, max-image-preview:large, max-video-preview:-1\" \/>\n<link rel=\"canonical\" href=\"https:\/\/totul.md\/ro\/recomandat\/crima-de-la-straseni-pe-unul-dintre-suspecti-vor-sa-l-faca-nebun\/\" \/>\n<meta property=\"og:locale\" content=\"ro_RO\" \/>\n<meta property=\"og:type\" content=\"article\" \/>\n<meta property=\"og:title\" content=\"Crima de la Str\u0103\u0219eni: Pe unul dintre suspec\u021bi vor s\u0103-l fac\u0103 \u201eNEBUN\u201d?\" \/>\n<meta property=\"og:description\" content=\"Unul dintre suspec\u021bii \u00a0odioasei crime de la Str\u0103\u0219eni, care a zguduit opinia public\u0103 la finele lunii noiembrie anul trecut, ar putea sc\u0103pa b\u0103sma curat\u0103, asta dup\u0103 ce avocatul acestuia a venit cu un demers prin care a cerut ca \u00a0clientul s\u0103u s\u0103 fie internat la Spitalul Clinic de Psihiatrie. Este vorba despre adolescentul, Vlad Vitalie, [&hellip;]\" \/>\n<meta property=\"og:url\" content=\"https:\/\/totul.md\/ro\/recomandat\/crima-de-la-straseni-pe-unul-dintre-suspecti-vor-sa-l-faca-nebun\/\" \/>\n<meta property=\"og:site_name\" content=\"Totul\" \/>\n<meta property=\"article:published_time\" content=\"2017-02-04T03:41:36+00:00\" \/>\n<meta name=\"author\" content=\"Totul\" \/>\n<meta name=\"twitter:card\" content=\"summary_large_image\" \/>\n<meta name=\"twitter:label1\" content=\"Scris de\" \/>\n\t<meta name=\"twitter:data1\" content=\"Totul\" \/>\n\t<meta name=\"twitter:label2\" content=\"Timp estimat pentru citire\" \/>\n\t<meta name=\"twitter:data2\" content=\"3 minute\" \/>\n<script type=\"application\/ld+json\" class=\"yoast-schema-graph\">{\"@context\":\"https:\\\/\\\/schema.org\",\"@graph\":[{\"@type\":\"Article\",\"@id\":\"https:\\\/\\\/totul.md\\\/ro\\\/recomandat\\\/crima-de-la-straseni-pe-unul-dintre-suspecti-vor-sa-l-faca-nebun\\\/#article\",\"isPartOf\":{\"@id\":\"https:\\\/\\\/totul.md\\\/ro\\\/recomandat\\\/crima-de-la-straseni-pe-unul-dintre-suspecti-vor-sa-l-faca-nebun\\\/\"},\"author\":{\"name\":\"Totul\",\"@id\":\"https:\\\/\\\/totul.md\\\/#\\\/schema\\\/person\\\/635267878ac55394c5d6b65297f7ecb3\"},\"headline\":\"Crima de la Str\u0103\u0219eni: Pe unul dintre suspec\u021bi vor s\u0103-l fac\u0103 \u201eNEBUN\u201d?\",\"datePublished\":\"2017-02-04T03:41:36+00:00\",\"mainEntityOfPage\":{\"@id\":\"https:\\\/\\\/totul.md\\\/ro\\\/recomandat\\\/crima-de-la-straseni-pe-unul-dintre-suspecti-vor-sa-l-faca-nebun\\\/\"},\"wordCount\":578,\"commentCount\":0,\"inLanguage\":\"ro-RO\",\"potentialAction\":[{\"@type\":\"CommentAction\",\"name\":\"Comment\",\"target\":[\"https:\\\/\\\/totul.md\\\/ro\\\/recomandat\\\/crima-de-la-straseni-pe-unul-dintre-suspecti-vor-sa-l-faca-nebun\\\/#respond\"]}]},{\"@type\":\"WebPage\",\"@id\":\"https:\\\/\\\/totul.md\\\/ro\\\/recomandat\\\/crima-de-la-straseni-pe-unul-dintre-suspecti-vor-sa-l-faca-nebun\\\/\",\"url\":\"https:\\\/\\\/totul.md\\\/ro\\\/recomandat\\\/crima-de-la-straseni-pe-unul-dintre-suspecti-vor-sa-l-faca-nebun\\\/\",\"name\":\"Crima de la Str\u0103\u0219eni: Pe unul dintre suspec\u021bi vor s\u0103-l fac\u0103 \u201eNEBUN\u201d? - Totul\",\"isPartOf\":{\"@id\":\"https:\\\/\\\/totul.md\\\/#website\"},\"datePublished\":\"2017-02-04T03:41:36+00:00\",\"author\":{\"@id\":\"https:\\\/\\\/totul.md\\\/#\\\/schema\\\/person\\\/635267878ac55394c5d6b65297f7ecb3\"},\"breadcrumb\":{\"@id\":\"https:\\\/\\\/totul.md\\\/ro\\\/recomandat\\\/crima-de-la-straseni-pe-unul-dintre-suspecti-vor-sa-l-faca-nebun\\\/#breadcrumb\"},\"inLanguage\":\"ro-RO\",\"potentialAction\":[{\"@type\":\"ReadAction\",\"target\":[\"https:\\\/\\\/totul.md\\\/ro\\\/recomandat\\\/crima-de-la-straseni-pe-unul-dintre-suspecti-vor-sa-l-faca-nebun\\\/\"]}]},{\"@type\":\"BreadcrumbList\",\"@id\":\"https:\\\/\\\/totul.md\\\/ro\\\/recomandat\\\/crima-de-la-straseni-pe-unul-dintre-suspecti-vor-sa-l-faca-nebun\\\/#breadcrumb\",\"itemListElement\":[{\"@type\":\"ListItem\",\"position\":1,\"name\":\"\u0413\u043b\u0430\u0432\u043d\u0430\u044f \u0441\u0442\u0440\u0430\u043d\u0438\u0446\u0430\",\"item\":\"https:\\\/\\\/totul.md\\\/\"},{\"@type\":\"ListItem\",\"position\":2,\"name\":\"Crima de la Str\u0103\u0219eni: Pe unul dintre suspec\u021bi vor s\u0103-l fac\u0103 \u201eNEBUN\u201d?\"}]},{\"@type\":\"WebSite\",\"@id\":\"https:\\\/\\\/totul.md\\\/#website\",\"url\":\"https:\\\/\\\/totul.md\\\/\",\"name\":\"TOTUL.md\",\"description\":\"\",\"potentialAction\":[{\"@type\":\"SearchAction\",\"target\":{\"@type\":\"EntryPoint\",\"urlTemplate\":\"https:\\\/\\\/totul.md\\\/?s={search_term_string}\"},\"query-input\":{\"@type\":\"PropertyValueSpecification\",\"valueRequired\":true,\"valueName\":\"search_term_string\"}}],\"inLanguage\":\"ro-RO\"},{\"@type\":\"Person\",\"@id\":\"https:\\\/\\\/totul.md\\\/#\\\/schema\\\/person\\\/635267878ac55394c5d6b65297f7ecb3\",\"name\":\"Totul\",\"image\":{\"@type\":\"ImageObject\",\"inLanguage\":\"ro-RO\",\"@id\":\"https:\\\/\\\/secure.gravatar.com\\\/avatar\\\/94edef5f0e1d1c9f622cccc320e866d6b4b0de983e72b96a420073fc52119bac?s=96&d=mm&r=g\",\"url\":\"https:\\\/\\\/secure.gravatar.com\\\/avatar\\\/94edef5f0e1d1c9f622cccc320e866d6b4b0de983e72b96a420073fc52119bac?s=96&d=mm&r=g\",\"contentUrl\":\"https:\\\/\\\/secure.gravatar.com\\\/avatar\\\/94edef5f0e1d1c9f622cccc320e866d6b4b0de983e72b96a420073fc52119bac?s=96&d=mm&r=g\",\"caption\":\"Totul\"},\"url\":\"https:\\\/\\\/totul.md\\\/ro\\\/author\\\/totul-md\\\/\"}]}<\/script>\n<!-- \/ Yoast SEO Premium plugin. -->","yoast_head_json":{"title":"Crima de la Str\u0103\u0219eni: Pe unul dintre suspec\u021bi vor s\u0103-l fac\u0103 \u201eNEBUN\u201d? - Totul","robots":{"index":"index","follow":"follow","max-snippet":"max-snippet:-1","max-image-preview":"max-image-preview:large","max-video-preview":"max-video-preview:-1"},"canonical":"https:\/\/totul.md\/ro\/recomandat\/crima-de-la-straseni-pe-unul-dintre-suspecti-vor-sa-l-faca-nebun\/","og_locale":"ro_RO","og_type":"article","og_title":"Crima de la Str\u0103\u0219eni: Pe unul dintre suspec\u021bi vor s\u0103-l fac\u0103 \u201eNEBUN\u201d?","og_description":"Unul dintre suspec\u021bii \u00a0odioasei crime de la Str\u0103\u0219eni, care a zguduit opinia public\u0103 la finele lunii noiembrie anul trecut, ar putea sc\u0103pa b\u0103sma curat\u0103, asta dup\u0103 ce avocatul acestuia a venit cu un demers prin care a cerut ca \u00a0clientul s\u0103u s\u0103 fie internat la Spitalul Clinic de Psihiatrie. Este vorba despre adolescentul, Vlad Vitalie, [&hellip;]","og_url":"https:\/\/totul.md\/ro\/recomandat\/crima-de-la-straseni-pe-unul-dintre-suspecti-vor-sa-l-faca-nebun\/","og_site_name":"Totul","article_published_time":"2017-02-04T03:41:36+00:00","author":"Totul","twitter_card":"summary_large_image","twitter_misc":{"Scris de":"Totul","Timp estimat pentru citire":"3 minute"},"schema":{"@context":"https:\/\/schema.org","@graph":[{"@type":"Article","@id":"https:\/\/totul.md\/ro\/recomandat\/crima-de-la-straseni-pe-unul-dintre-suspecti-vor-sa-l-faca-nebun\/#article","isPartOf":{"@id":"https:\/\/totul.md\/ro\/recomandat\/crima-de-la-straseni-pe-unul-dintre-suspecti-vor-sa-l-faca-nebun\/"},"author":{"name":"Totul","@id":"https:\/\/totul.md\/#\/schema\/person\/635267878ac55394c5d6b65297f7ecb3"},"headline":"Crima de la Str\u0103\u0219eni: Pe unul dintre suspec\u021bi vor s\u0103-l fac\u0103 \u201eNEBUN\u201d?","datePublished":"2017-02-04T03:41:36+00:00","mainEntityOfPage":{"@id":"https:\/\/totul.md\/ro\/recomandat\/crima-de-la-straseni-pe-unul-dintre-suspecti-vor-sa-l-faca-nebun\/"},"wordCount":578,"commentCount":0,"inLanguage":"ro-RO","potentialAction":[{"@type":"CommentAction","name":"Comment","target":["https:\/\/totul.md\/ro\/recomandat\/crima-de-la-straseni-pe-unul-dintre-suspecti-vor-sa-l-faca-nebun\/#respond"]}]},{"@type":"WebPage","@id":"https:\/\/totul.md\/ro\/recomandat\/crima-de-la-straseni-pe-unul-dintre-suspecti-vor-sa-l-faca-nebun\/","url":"https:\/\/totul.md\/ro\/recomandat\/crima-de-la-straseni-pe-unul-dintre-suspecti-vor-sa-l-faca-nebun\/","name":"Crima de la Str\u0103\u0219eni: Pe unul dintre suspec\u021bi vor s\u0103-l fac\u0103 \u201eNEBUN\u201d? - Totul","isPartOf":{"@id":"https:\/\/totul.md\/#website"},"datePublished":"2017-02-04T03:41:36+00:00","author":{"@id":"https:\/\/totul.md\/#\/schema\/person\/635267878ac55394c5d6b65297f7ecb3"},"breadcrumb":{"@id":"https:\/\/totul.md\/ro\/recomandat\/crima-de-la-straseni-pe-unul-dintre-suspecti-vor-sa-l-faca-nebun\/#breadcrumb"},"inLanguage":"ro-RO","potentialAction":[{"@type":"ReadAction","target":["https:\/\/totul.md\/ro\/recomandat\/crima-de-la-straseni-pe-unul-dintre-suspecti-vor-sa-l-faca-nebun\/"]}]},{"@type":"BreadcrumbList","@id":"https:\/\/totul.md\/ro\/recomandat\/crima-de-la-straseni-pe-unul-dintre-suspecti-vor-sa-l-faca-nebun\/#breadcrumb","itemListElement":[{"@type":"ListItem","position":1,"name":"\u0413\u043b\u0430\u0432\u043d\u0430\u044f \u0441\u0442\u0440\u0430\u043d\u0438\u0446\u0430","item":"https:\/\/totul.md\/"},{"@type":"ListItem","position":2,"name":"Crima de la Str\u0103\u0219eni: Pe unul dintre suspec\u021bi vor s\u0103-l fac\u0103 \u201eNEBUN\u201d?"}]},{"@type":"WebSite","@id":"https:\/\/totul.md\/#website","url":"https:\/\/totul.md\/","name":"TOTUL.md","description":"","potentialAction":[{"@type":"SearchAction","target":{"@type":"EntryPoint","urlTemplate":"https:\/\/totul.md\/?s={search_term_string}"},"query-input":{"@type":"PropertyValueSpecification","valueRequired":true,"valueName":"search_term_string"}}],"inLanguage":"ro-RO"},{"@type":"Person","@id":"https:\/\/totul.md\/#\/schema\/person\/635267878ac55394c5d6b65297f7ecb3","name":"Totul","image":{"@type":"ImageObject","inLanguage":"ro-RO","@id":"https:\/\/secure.gravatar.com\/avatar\/94edef5f0e1d1c9f622cccc320e866d6b4b0de983e72b96a420073fc52119bac?s=96&d=mm&r=g","url":"https:\/\/secure.gravatar.com\/avatar\/94edef5f0e1d1c9f622cccc320e866d6b4b0de983e72b96a420073fc52119bac?s=96&d=mm&r=g","contentUrl":"https:\/\/secure.gravatar.com\/avatar\/94edef5f0e1d1c9f622cccc320e866d6b4b0de983e72b96a420073fc52119bac?s=96&d=mm&r=g","caption":"Totul"},"url":"https:\/\/totul.md\/ro\/author\/totul-md\/"}]}},"_links":{"self":[{"href":"https:\/\/totul.md\/ro\/wp-json\/wp\/v2\/posts\/47278","targetHints":{"allow":["GET"]}}],"collection":[{"href":"https:\/\/totul.md\/ro\/wp-json\/wp\/v2\/posts"}],"about":[{"href":"https:\/\/totul.md\/ro\/wp-json\/wp\/v2\/types\/post"}],"author":[{"embeddable":true,"href":"https:\/\/totul.md\/ro\/wp-json\/wp\/v2\/users\/2"}],"replies":[{"embeddable":true,"href":"https:\/\/totul.md\/ro\/wp-json\/wp\/v2\/comments?post=47278"}],"version-history":[{"count":0,"href":"https:\/\/totul.md\/ro\/wp-json\/wp\/v2\/posts\/47278\/revisions"}],"wp:attachment":[{"href":"https:\/\/totul.md\/ro\/wp-json\/wp\/v2\/media?parent=47278"}],"wp:term":[{"taxonomy":"category","embeddable":true,"href":"https:\/\/totul.md\/ro\/wp-json\/wp\/v2\/categories?post=47278"},{"taxonomy":"post_tag","embeddable":true,"href":"https:\/\/totul.md\/ro\/wp-json\/wp\/v2\/tags?post=47278"}],"curies":[{"name":"wp","href":"https:\/\/api.w.org\/{rel}","templated":true}]}}