{"id":49701,"date":"2023-01-13T09:01:44","date_gmt":"2023-01-13T09:01:44","guid":{"rendered":"https:\/\/totul.md\/?p=49701"},"modified":"2023-01-13T09:07:43","modified_gmt":"2023-01-13T09:07:43","slug":"cum-corect-sa-alegem-produsele-cosmetice","status":"publish","type":"post","link":"https:\/\/totul.md\/ro\/lifestream\/cum-corect-sa-alegem-produsele-cosmetice\/","title":{"rendered":"Cum corect sa alegem produsele cosmetice?"},"content":{"rendered":"<p>Cand folosim produsele <strong><a href=\"https:\/\/ibeauty.md\" target=\"_blank\">cosmetice coreene<\/a><\/strong> , este important sa stim carateristicile si ingredientele, ca sa nu fie efect invers. Unele produse pot contine ingrediente necalitative sau nocive, pentru a evita aceste produse ,trebuie sa studiem componentele.<\/p>\n<p>La alegerea produselor atagem atentia la \u2013 pret, componente si termen de valabilitate. Inainte de folosirea produselor, trebuie sa stiti ce tip de ten aveti si sa tratati imperfectiunile pielii \u2013 eczema, psoriazis, acnee, etc.<\/p>\n<p>In cazul vizitielor regulate la salon trebuie sa stim ce produse sunt aplicate pe pielea noastra, ca sa evitam iritatii sau reactii alergice.<\/p>\n<p><img loading=\"lazy\" decoding=\"async\" class=\"rounded-image aligncenter wp-image-49707 size-large\" src=\"https:\/\/totul.md\/wp-content\/uploads\/2023\/01\/izobrazhenie_viber_2022-12-27_17-12-06-408-e1673600378750-1024x696.jpg\" alt=\"\" width=\"696\" height=\"473\" srcset=\"https:\/\/totul.md\/wp-content\/uploads\/2023\/01\/izobrazhenie_viber_2022-12-27_17-12-06-408-e1673600378750-1024x696.jpg 1024w, https:\/\/totul.md\/wp-content\/uploads\/2023\/01\/izobrazhenie_viber_2022-12-27_17-12-06-408-e1673600378750-300x204.jpg 300w, https:\/\/totul.md\/wp-content\/uploads\/2023\/01\/izobrazhenie_viber_2022-12-27_17-12-06-408-e1673600378750-768x522.jpg 768w, https:\/\/totul.md\/wp-content\/uploads\/2023\/01\/izobrazhenie_viber_2022-12-27_17-12-06-408-e1673600378750-1536x1044.jpg 1536w, https:\/\/totul.md\/wp-content\/uploads\/2023\/01\/izobrazhenie_viber_2022-12-27_17-12-06-408-e1673600378750-696x473.jpg 696w, https:\/\/totul.md\/wp-content\/uploads\/2023\/01\/izobrazhenie_viber_2022-12-27_17-12-06-408-e1673600378750.jpg 1600w\" sizes=\"auto, (max-width: 696px) 100vw, 696px\" \/><\/p>\n<p>Produsele cosmetice se califica in \u2013 produse cosmetice usor accesibile si cosmetica profesionala. In lista de ingrediente a produselor de uz profesional intra o multime de componente biologice, coloranti permanenti, care permit machiajului sa arate bine pe parcursul zilei.<\/p>\n<p>Este populara folosirea produselor de la brand-uri cunoscute, insa sa nu uitam ca anume aceste produse pot fi usor contrafacute, astfel aceasta afacere devine profitabila pentru cei care au initiat-o.<\/p>\n<p><img loading=\"lazy\" decoding=\"async\" class=\"rounded-image aligncenter wp-image-49710 size-large\" src=\"https:\/\/totul.md\/wp-content\/uploads\/2023\/01\/izobrazhenie_viber_2022-12-27_17-12-05-987-e1673600403856-1024x673.jpg\" alt=\"\" width=\"696\" height=\"457\" srcset=\"https:\/\/totul.md\/wp-content\/uploads\/2023\/01\/izobrazhenie_viber_2022-12-27_17-12-05-987-e1673600403856-1024x673.jpg 1024w, https:\/\/totul.md\/wp-content\/uploads\/2023\/01\/izobrazhenie_viber_2022-12-27_17-12-05-987-e1673600403856-300x197.jpg 300w, https:\/\/totul.md\/wp-content\/uploads\/2023\/01\/izobrazhenie_viber_2022-12-27_17-12-05-987-e1673600403856-768x505.jpg 768w, https:\/\/totul.md\/wp-content\/uploads\/2023\/01\/izobrazhenie_viber_2022-12-27_17-12-05-987-e1673600403856-1536x1010.jpg 1536w, https:\/\/totul.md\/wp-content\/uploads\/2023\/01\/izobrazhenie_viber_2022-12-27_17-12-05-987-e1673600403856-696x458.jpg 696w\" sizes=\"auto, (max-width: 696px) 100vw, 696px\" \/><\/p>\n<p>Cosmetica pofesionala este de fapt despre naturalete si nu se recomanda de a crede in publicitatea, care promite tinerete vesnica \u2013 acest rol ii partine unui alt domeniu de servicii.<\/p>\n<p>Cumparati <strong><a href=\"https:\/\/ibeauty.md\" target=\"_blank\">produse cosmetic coreene<\/a><\/strong> doar in magazinele calificate, unde consultan\u021bii sunt bine informa\u021bi despre asortimentul din magazin., cum se combin\u0103 \u00eentre ele produsele. \u00cen magazinele iBeauty, la sigur ve\u021bi g\u0103si tot ce ave\u021bi nevoie pentru ca tenul s\u0103 str\u0103luceasc\u0103 \u00een fiecare zi.<\/p>\n","protected":false},"excerpt":{"rendered":"<p>Cand folosim produsele cosmetice coreene , este important sa stim carateristicile si ingredientele, ca sa nu fie efect invers. Unele produse pot contine ingrediente necalitative sau nocive, pentru a evita aceste produse ,trebuie sa studiem componentele. La alegerea produselor atagem atentia la \u2013 pret, componente si termen de valabilitate. Inainte de folosirea produselor, trebuie sa [&hellip;]<\/p>\n","protected":false},"author":2,"featured_media":49704,"comment_status":"closed","ping_status":"closed","sticky":false,"template":"","format":"standard","meta":{"footnotes":""},"categories":[190,303],"tags":[],"class_list":{"0":"post-49701","1":"post","2":"type-post","3":"status-publish","4":"format-standard","5":"has-post-thumbnail","7":"category-recomandat","8":"category-lifestream"},"yoast_head":"<!-- This site is optimized with the Yoast SEO Premium plugin v18.4 (Yoast SEO v27.4) - https:\/\/yoast.com\/product\/yoast-seo-premium-wordpress\/ -->\n<title>Cum corect sa alegem produsele cosmetice? - Totul<\/title>\n<meta name=\"robots\" content=\"index, follow, max-snippet:-1, max-image-preview:large, max-video-preview:-1\" \/>\n<link rel=\"canonical\" href=\"https:\/\/totul.md\/ro\/lifestream\/cum-corect-sa-alegem-produsele-cosmetice\/\" \/>\n<meta property=\"og:locale\" content=\"ro_RO\" \/>\n<meta property=\"og:type\" content=\"article\" \/>\n<meta property=\"og:title\" content=\"Cum corect sa alegem produsele cosmetice?\" \/>\n<meta property=\"og:description\" content=\"Cand folosim produsele cosmetice coreene , este important sa stim carateristicile si ingredientele, ca sa nu fie efect invers. Unele produse pot contine ingrediente necalitative sau nocive, pentru a evita aceste produse ,trebuie sa studiem componentele. La alegerea produselor atagem atentia la \u2013 pret, componente si termen de valabilitate. Inainte de folosirea produselor, trebuie sa [&hellip;]\" \/>\n<meta property=\"og:url\" content=\"https:\/\/totul.md\/ro\/lifestream\/cum-corect-sa-alegem-produsele-cosmetice\/\" \/>\n<meta property=\"og:site_name\" content=\"Totul\" \/>\n<meta property=\"article:published_time\" content=\"2023-01-13T09:01:44+00:00\" \/>\n<meta property=\"article:modified_time\" content=\"2023-01-13T09:07:43+00:00\" \/>\n<meta property=\"og:image\" content=\"https:\/\/totul.md\/wp-content\/uploads\/2023\/01\/coxir-tuoteosasto-bearel-asetelmakuva.jpg\" \/>\n\t<meta property=\"og:image:width\" content=\"1200\" \/>\n\t<meta property=\"og:image:height\" content=\"725\" \/>\n\t<meta property=\"og:image:type\" content=\"image\/jpeg\" \/>\n<meta name=\"author\" content=\"Totul\" \/>\n<meta name=\"twitter:card\" content=\"summary_large_image\" \/>\n<meta name=\"twitter:label1\" content=\"Scris de\" \/>\n\t<meta name=\"twitter:data1\" content=\"Totul\" \/>\n\t<meta name=\"twitter:label2\" content=\"Timp estimat pentru citire\" \/>\n\t<meta name=\"twitter:data2\" content=\"2 minute\" \/>\n<script type=\"application\/ld+json\" class=\"yoast-schema-graph\">{\"@context\":\"https:\\\/\\\/schema.org\",\"@graph\":[{\"@type\":\"Article\",\"@id\":\"https:\\\/\\\/totul.md\\\/ro\\\/lifestream\\\/cum-corect-sa-alegem-produsele-cosmetice\\\/#article\",\"isPartOf\":{\"@id\":\"https:\\\/\\\/totul.md\\\/ro\\\/lifestream\\\/cum-corect-sa-alegem-produsele-cosmetice\\\/\"},\"author\":{\"name\":\"Totul\",\"@id\":\"https:\\\/\\\/totul.md\\\/#\\\/schema\\\/person\\\/635267878ac55394c5d6b65297f7ecb3\"},\"headline\":\"Cum corect sa alegem produsele cosmetice?\",\"datePublished\":\"2023-01-13T09:01:44+00:00\",\"dateModified\":\"2023-01-13T09:07:43+00:00\",\"mainEntityOfPage\":{\"@id\":\"https:\\\/\\\/totul.md\\\/ro\\\/lifestream\\\/cum-corect-sa-alegem-produsele-cosmetice\\\/\"},\"wordCount\":242,\"image\":{\"@id\":\"https:\\\/\\\/totul.md\\\/ro\\\/lifestream\\\/cum-corect-sa-alegem-produsele-cosmetice\\\/#primaryimage\"},\"thumbnailUrl\":\"https:\\\/\\\/totul.md\\\/wp-content\\\/uploads\\\/2023\\\/01\\\/coxir-tuoteosasto-bearel-asetelmakuva.jpg\",\"articleSection\":[\"Recomandat\",\"LifeStyle\"],\"inLanguage\":\"ro-RO\"},{\"@type\":\"WebPage\",\"@id\":\"https:\\\/\\\/totul.md\\\/ro\\\/lifestream\\\/cum-corect-sa-alegem-produsele-cosmetice\\\/\",\"url\":\"https:\\\/\\\/totul.md\\\/ro\\\/lifestream\\\/cum-corect-sa-alegem-produsele-cosmetice\\\/\",\"name\":\"Cum corect sa alegem produsele cosmetice? - Totul\",\"isPartOf\":{\"@id\":\"https:\\\/\\\/totul.md\\\/#website\"},\"primaryImageOfPage\":{\"@id\":\"https:\\\/\\\/totul.md\\\/ro\\\/lifestream\\\/cum-corect-sa-alegem-produsele-cosmetice\\\/#primaryimage\"},\"image\":{\"@id\":\"https:\\\/\\\/totul.md\\\/ro\\\/lifestream\\\/cum-corect-sa-alegem-produsele-cosmetice\\\/#primaryimage\"},\"thumbnailUrl\":\"https:\\\/\\\/totul.md\\\/wp-content\\\/uploads\\\/2023\\\/01\\\/coxir-tuoteosasto-bearel-asetelmakuva.jpg\",\"datePublished\":\"2023-01-13T09:01:44+00:00\",\"dateModified\":\"2023-01-13T09:07:43+00:00\",\"author\":{\"@id\":\"https:\\\/\\\/totul.md\\\/#\\\/schema\\\/person\\\/635267878ac55394c5d6b65297f7ecb3\"},\"breadcrumb\":{\"@id\":\"https:\\\/\\\/totul.md\\\/ro\\\/lifestream\\\/cum-corect-sa-alegem-produsele-cosmetice\\\/#breadcrumb\"},\"inLanguage\":\"ro-RO\",\"potentialAction\":[{\"@type\":\"ReadAction\",\"target\":[\"https:\\\/\\\/totul.md\\\/ro\\\/lifestream\\\/cum-corect-sa-alegem-produsele-cosmetice\\\/\"]}]},{\"@type\":\"ImageObject\",\"inLanguage\":\"ro-RO\",\"@id\":\"https:\\\/\\\/totul.md\\\/ro\\\/lifestream\\\/cum-corect-sa-alegem-produsele-cosmetice\\\/#primaryimage\",\"url\":\"https:\\\/\\\/totul.md\\\/wp-content\\\/uploads\\\/2023\\\/01\\\/coxir-tuoteosasto-bearel-asetelmakuva.jpg\",\"contentUrl\":\"https:\\\/\\\/totul.md\\\/wp-content\\\/uploads\\\/2023\\\/01\\\/coxir-tuoteosasto-bearel-asetelmakuva.jpg\",\"width\":1200,\"height\":725},{\"@type\":\"BreadcrumbList\",\"@id\":\"https:\\\/\\\/totul.md\\\/ro\\\/lifestream\\\/cum-corect-sa-alegem-produsele-cosmetice\\\/#breadcrumb\",\"itemListElement\":[{\"@type\":\"ListItem\",\"position\":1,\"name\":\"\u0413\u043b\u0430\u0432\u043d\u0430\u044f \u0441\u0442\u0440\u0430\u043d\u0438\u0446\u0430\",\"item\":\"https:\\\/\\\/totul.md\\\/\"},{\"@type\":\"ListItem\",\"position\":2,\"name\":\"Cum corect sa alegem produsele cosmetice?\"}]},{\"@type\":\"WebSite\",\"@id\":\"https:\\\/\\\/totul.md\\\/#website\",\"url\":\"https:\\\/\\\/totul.md\\\/\",\"name\":\"TOTUL.md\",\"description\":\"\",\"potentialAction\":[{\"@type\":\"SearchAction\",\"target\":{\"@type\":\"EntryPoint\",\"urlTemplate\":\"https:\\\/\\\/totul.md\\\/?s={search_term_string}\"},\"query-input\":{\"@type\":\"PropertyValueSpecification\",\"valueRequired\":true,\"valueName\":\"search_term_string\"}}],\"inLanguage\":\"ro-RO\"},{\"@type\":\"Person\",\"@id\":\"https:\\\/\\\/totul.md\\\/#\\\/schema\\\/person\\\/635267878ac55394c5d6b65297f7ecb3\",\"name\":\"Totul\",\"image\":{\"@type\":\"ImageObject\",\"inLanguage\":\"ro-RO\",\"@id\":\"https:\\\/\\\/secure.gravatar.com\\\/avatar\\\/94edef5f0e1d1c9f622cccc320e866d6b4b0de983e72b96a420073fc52119bac?s=96&d=mm&r=g\",\"url\":\"https:\\\/\\\/secure.gravatar.com\\\/avatar\\\/94edef5f0e1d1c9f622cccc320e866d6b4b0de983e72b96a420073fc52119bac?s=96&d=mm&r=g\",\"contentUrl\":\"https:\\\/\\\/secure.gravatar.com\\\/avatar\\\/94edef5f0e1d1c9f622cccc320e866d6b4b0de983e72b96a420073fc52119bac?s=96&d=mm&r=g\",\"caption\":\"Totul\"},\"url\":\"https:\\\/\\\/totul.md\\\/ro\\\/author\\\/totul-md\\\/\"}]}<\/script>\n<!-- \/ Yoast SEO Premium plugin. -->","yoast_head_json":{"title":"Cum corect sa alegem produsele cosmetice? - Totul","robots":{"index":"index","follow":"follow","max-snippet":"max-snippet:-1","max-image-preview":"max-image-preview:large","max-video-preview":"max-video-preview:-1"},"canonical":"https:\/\/totul.md\/ro\/lifestream\/cum-corect-sa-alegem-produsele-cosmetice\/","og_locale":"ro_RO","og_type":"article","og_title":"Cum corect sa alegem produsele cosmetice?","og_description":"Cand folosim produsele cosmetice coreene , este important sa stim carateristicile si ingredientele, ca sa nu fie efect invers. Unele produse pot contine ingrediente necalitative sau nocive, pentru a evita aceste produse ,trebuie sa studiem componentele. La alegerea produselor atagem atentia la \u2013 pret, componente si termen de valabilitate. Inainte de folosirea produselor, trebuie sa [&hellip;]","og_url":"https:\/\/totul.md\/ro\/lifestream\/cum-corect-sa-alegem-produsele-cosmetice\/","og_site_name":"Totul","article_published_time":"2023-01-13T09:01:44+00:00","article_modified_time":"2023-01-13T09:07:43+00:00","og_image":[{"width":1200,"height":725,"url":"https:\/\/totul.md\/wp-content\/uploads\/2023\/01\/coxir-tuoteosasto-bearel-asetelmakuva.jpg","type":"image\/jpeg"}],"author":"Totul","twitter_card":"summary_large_image","twitter_misc":{"Scris de":"Totul","Timp estimat pentru citire":"2 minute"},"schema":{"@context":"https:\/\/schema.org","@graph":[{"@type":"Article","@id":"https:\/\/totul.md\/ro\/lifestream\/cum-corect-sa-alegem-produsele-cosmetice\/#article","isPartOf":{"@id":"https:\/\/totul.md\/ro\/lifestream\/cum-corect-sa-alegem-produsele-cosmetice\/"},"author":{"name":"Totul","@id":"https:\/\/totul.md\/#\/schema\/person\/635267878ac55394c5d6b65297f7ecb3"},"headline":"Cum corect sa alegem produsele cosmetice?","datePublished":"2023-01-13T09:01:44+00:00","dateModified":"2023-01-13T09:07:43+00:00","mainEntityOfPage":{"@id":"https:\/\/totul.md\/ro\/lifestream\/cum-corect-sa-alegem-produsele-cosmetice\/"},"wordCount":242,"image":{"@id":"https:\/\/totul.md\/ro\/lifestream\/cum-corect-sa-alegem-produsele-cosmetice\/#primaryimage"},"thumbnailUrl":"https:\/\/totul.md\/wp-content\/uploads\/2023\/01\/coxir-tuoteosasto-bearel-asetelmakuva.jpg","articleSection":["Recomandat","LifeStyle"],"inLanguage":"ro-RO"},{"@type":"WebPage","@id":"https:\/\/totul.md\/ro\/lifestream\/cum-corect-sa-alegem-produsele-cosmetice\/","url":"https:\/\/totul.md\/ro\/lifestream\/cum-corect-sa-alegem-produsele-cosmetice\/","name":"Cum corect sa alegem produsele cosmetice? - Totul","isPartOf":{"@id":"https:\/\/totul.md\/#website"},"primaryImageOfPage":{"@id":"https:\/\/totul.md\/ro\/lifestream\/cum-corect-sa-alegem-produsele-cosmetice\/#primaryimage"},"image":{"@id":"https:\/\/totul.md\/ro\/lifestream\/cum-corect-sa-alegem-produsele-cosmetice\/#primaryimage"},"thumbnailUrl":"https:\/\/totul.md\/wp-content\/uploads\/2023\/01\/coxir-tuoteosasto-bearel-asetelmakuva.jpg","datePublished":"2023-01-13T09:01:44+00:00","dateModified":"2023-01-13T09:07:43+00:00","author":{"@id":"https:\/\/totul.md\/#\/schema\/person\/635267878ac55394c5d6b65297f7ecb3"},"breadcrumb":{"@id":"https:\/\/totul.md\/ro\/lifestream\/cum-corect-sa-alegem-produsele-cosmetice\/#breadcrumb"},"inLanguage":"ro-RO","potentialAction":[{"@type":"ReadAction","target":["https:\/\/totul.md\/ro\/lifestream\/cum-corect-sa-alegem-produsele-cosmetice\/"]}]},{"@type":"ImageObject","inLanguage":"ro-RO","@id":"https:\/\/totul.md\/ro\/lifestream\/cum-corect-sa-alegem-produsele-cosmetice\/#primaryimage","url":"https:\/\/totul.md\/wp-content\/uploads\/2023\/01\/coxir-tuoteosasto-bearel-asetelmakuva.jpg","contentUrl":"https:\/\/totul.md\/wp-content\/uploads\/2023\/01\/coxir-tuoteosasto-bearel-asetelmakuva.jpg","width":1200,"height":725},{"@type":"BreadcrumbList","@id":"https:\/\/totul.md\/ro\/lifestream\/cum-corect-sa-alegem-produsele-cosmetice\/#breadcrumb","itemListElement":[{"@type":"ListItem","position":1,"name":"\u0413\u043b\u0430\u0432\u043d\u0430\u044f \u0441\u0442\u0440\u0430\u043d\u0438\u0446\u0430","item":"https:\/\/totul.md\/"},{"@type":"ListItem","position":2,"name":"Cum corect sa alegem produsele cosmetice?"}]},{"@type":"WebSite","@id":"https:\/\/totul.md\/#website","url":"https:\/\/totul.md\/","name":"TOTUL.md","description":"","potentialAction":[{"@type":"SearchAction","target":{"@type":"EntryPoint","urlTemplate":"https:\/\/totul.md\/?s={search_term_string}"},"query-input":{"@type":"PropertyValueSpecification","valueRequired":true,"valueName":"search_term_string"}}],"inLanguage":"ro-RO"},{"@type":"Person","@id":"https:\/\/totul.md\/#\/schema\/person\/635267878ac55394c5d6b65297f7ecb3","name":"Totul","image":{"@type":"ImageObject","inLanguage":"ro-RO","@id":"https:\/\/secure.gravatar.com\/avatar\/94edef5f0e1d1c9f622cccc320e866d6b4b0de983e72b96a420073fc52119bac?s=96&d=mm&r=g","url":"https:\/\/secure.gravatar.com\/avatar\/94edef5f0e1d1c9f622cccc320e866d6b4b0de983e72b96a420073fc52119bac?s=96&d=mm&r=g","contentUrl":"https:\/\/secure.gravatar.com\/avatar\/94edef5f0e1d1c9f622cccc320e866d6b4b0de983e72b96a420073fc52119bac?s=96&d=mm&r=g","caption":"Totul"},"url":"https:\/\/totul.md\/ro\/author\/totul-md\/"}]}},"_links":{"self":[{"href":"https:\/\/totul.md\/ro\/wp-json\/wp\/v2\/posts\/49701","targetHints":{"allow":["GET"]}}],"collection":[{"href":"https:\/\/totul.md\/ro\/wp-json\/wp\/v2\/posts"}],"about":[{"href":"https:\/\/totul.md\/ro\/wp-json\/wp\/v2\/types\/post"}],"author":[{"embeddable":true,"href":"https:\/\/totul.md\/ro\/wp-json\/wp\/v2\/users\/2"}],"replies":[{"embeddable":true,"href":"https:\/\/totul.md\/ro\/wp-json\/wp\/v2\/comments?post=49701"}],"version-history":[{"count":0,"href":"https:\/\/totul.md\/ro\/wp-json\/wp\/v2\/posts\/49701\/revisions"}],"wp:featuredmedia":[{"embeddable":true,"href":"https:\/\/totul.md\/ro\/wp-json\/wp\/v2\/media\/49704"}],"wp:attachment":[{"href":"https:\/\/totul.md\/ro\/wp-json\/wp\/v2\/media?parent=49701"}],"wp:term":[{"taxonomy":"category","embeddable":true,"href":"https:\/\/totul.md\/ro\/wp-json\/wp\/v2\/categories?post=49701"},{"taxonomy":"post_tag","embeddable":true,"href":"https:\/\/totul.md\/ro\/wp-json\/wp\/v2\/tags?post=49701"}],"curies":[{"name":"wp","href":"https:\/\/api.w.org\/{rel}","templated":true}]}}