{"id":53499,"date":"2026-08-14T13:08:21","date_gmt":"2026-08-14T13:08:21","guid":{"rendered":"https:\/\/totul.md\/?p=53499"},"modified":"2026-08-15T17:00:36","modified_gmt":"2026-08-15T17:00:36","slug":"expo-2030-expozitia-mondiala-de-la-riad","status":"publish","type":"post","link":"https:\/\/totul.md\/ro\/lifestream\/expo-2030-expozitia-mondiala-de-la-riad\/","title":{"rendered":"Ora\u0219ul viitorului: cum tehnologia transform\u0103 mediul urban"},"content":{"rendered":"<div class=\"relative basis-auto flex-col -mb-(--composer-overlap-px) pb-(--composer-overlap-px) [--composer-overlap-px:28px] grow flex\">\n<div class=\"flex min-h-0 grow flex-col text-sm\">\n<div class=\"qMYqUG_convSearchResultHighlightRoot\">\n<div class=\"\" data-turn-id-container=\"request-WEB:7e008369-e752-4656-b6d0-8121d04ffbb7-58\" data-is-intersecting=\"true\">\n<section class=\"text-token-text-primary w-full focus:outline-none has-data-writing-block:pointer-events-none [&amp;:has([data-writing-block])&gt;*]:pointer-events-auto R6Vx5W_threadScrollVars scroll-mb-[calc(var(--scroll-root-safe-area-inset-bottom,0px)+var(--thread-response-height))] scroll-mt-[calc(var(--header-height)+min(200px,max(70px,20svh)))]\" dir=\"auto\" data-turn-id=\"request-WEB:7e008369-e752-4656-b6d0-8121d04ffbb7-58\" data-turn-id-container=\"request-WEB:7e008369-e752-4656-b6d0-8121d04ffbb7-58\" data-testid=\"conversation-turn-66\" data-turn=\"assistant\">\n<div class=\"text-base my-auto mx-auto pb-8 [--thread-content-margin:var(--thread-content-margin-xs,calc(var(--spacing)*4))] @w-sm\/main:[--thread-content-margin:var(--thread-content-margin-sm,calc(var(--spacing)*6))] @w-lg\/main:[--thread-content-margin:var(--thread-content-margin-lg,calc(var(--spacing)*16))] px-(--thread-content-margin)\">\n<div class=\"[--thread-content-max-width:40rem] @w-lg\/main:[--thread-content-max-width:48rem] mx-auto max-w-(--thread-content-max-width) flex-1 group\/turn-messages focus-visible:outline-hidden relative flex w-full min-w-0 flex-col agent-turn\" data-conversation-screenshot-content=\"\">\n<div class=\"flex max-w-full flex-col gap-4 grow\">\n<div class=\"min-h-8 text-message relative flex w-full flex-col items-end gap-2 text-start break-words whitespace-normal outline-none keyboard-focused:focus-ring [.text-message+&amp;]:mt-1\" dir=\"auto\" tabindex=\"0\" data-message-author-role=\"assistant\" data-message-id=\"fd664c5e-8d57-4e83-abd0-40be4c2b2cba\" data-message-model-slug=\"gpt-5-6\" data-turn-start-message=\"true\">\n<div class=\"flex w-full flex-col gap-1 empty:hidden\">\n<div class=\"markdown prose dark:prose-invert wrap-break-word w-full light markdown-new-styling\">\n<p class=\"PDq2pG_selectionAnchorContainer\" data-start=\"63\" data-end=\"315\"><strong>Republica Moldova inten\u021bioneaz\u0103 s\u0103 participe la Expozi\u021bia Mondial\u0103 EXPO 2030 de la Riad,<\/strong> care va reprezenta o platform\u0103 important\u0103 pentru promovarea \u021b\u0103rii, contactelor interna\u021bionale \u0219i dezvoltarea rela\u021biilor economice \u0219i investi\u021bionale.<\/p>\n<p data-start=\"317\" data-end=\"506\"><strong data-start=\"317\" data-end=\"341\">EXPO 2030 de la Riad<\/strong> invit\u0103 lume s\u0103 descopere viziunea Arabiei Saudite asupra viitorului \u0219i s\u0103 devin\u0103 parte a unui dialog global despre schimbare, inova\u021bie \u0219i noi oportunit\u0103\u021bi.<\/p>\n<p data-start=\"508\" data-end=\"759\">Istoria Expozi\u021biilor Mondiale are o vechime de peste un secol \u0219i jum\u0103tate. Una dintre cele mai cunoscute a fost Expozi\u021bia din 1889 de la Paris, pentru care a fost construit Turnul Eiffel, devenit ulterior unul dintre simbolurile capitalei Fran\u021bei.<\/p>\n<p data-start=\"761\" data-end=\"1079\"><strong>EXPO 2030 de la Riad se va desf\u0103\u0219ura sub tema \u201eEra schimb\u0103rii: \u00eempreun\u0103 cre\u0103m un viitor previzionar\u201d (The Era of Change: Together for a Foresighted Tomorrow)<\/strong>. Arabia Saudit\u0103 consider\u0103 expozi\u021bia o oportunitate de a prezenta lumii transform\u0103rile de amploare care au loc \u00een \u021bar\u0103 \u00een cadrul programului <strong data-start=\"1063\" data-end=\"1078\">Vision 2030<\/strong>.<\/p>\n<p data-start=\"1081\" data-end=\"1330\">\u00cen cadrul preg\u0103tirilor pentru EXPO, Arabia Saudit\u0103 a prezentat o concep\u021bie ambi\u021bioas\u0103 axat\u0103 pe dezvoltarea mediului urban futurist, a tehnologiilor, a infrastructurii durabile \u0219i a unor noi forme de interac\u021biune dintre oameni \u0219i mediul \u00eenconjur\u0103tor.<\/p>\n<p data-start=\"1332\" data-end=\"1680\">Printre cele mai ample proiecte ale \u021b\u0103rii se num\u0103r\u0103 <strong data-start=\"1384\" data-end=\"1392\">NEOM<\/strong>, inclusiv ora\u0219ul futurist <strong data-start=\"1419\" data-end=\"1431\">The Line<\/strong>, clusterul industrial inovator <strong data-start=\"1463\" data-end=\"1473\">Oxagon<\/strong>, sta\u021biunea montan\u0103 <strong data-start=\"1493\" data-end=\"1504\">Trojena<\/strong> \u0219i proiectul turistic insular <strong data-start=\"1535\" data-end=\"1547\">Sindalah<\/strong>. Aceste ini\u021biative urm\u0103resc s\u0103 prezinte o nou\u0103 viziune asupra ora\u0219elor viitorului, economiei, turismului \u0219i dezvolt\u0103rii tehnologice.<\/p>\n<p data-start=\"1682\" data-end=\"1983\">Una dintre principalele obiective ale Arabiei Saudite este transformarea ora\u0219ului Riad, situat \u00een mijlocul de\u0219ertului, \u00eentr-una dintre cele mai verzi \u0219i confortabile metropole din lume. Aceast\u0103 direc\u021bie este legat\u0103 de programul na\u021bional Vision 2030 \u0219i de conceptul dezvolt\u0103rii urbane durabile.<\/p>\n<p data-start=\"1985\" data-end=\"2416\">Unul dintre cele mai ample proiecte va fi <strong data-start=\"2027\" data-end=\"2072\">Sports Boulevard<\/strong>, care urmeaz\u0103 s\u0103 traverseze Riadul pe o lungime de aproximativ 135 de kilometri. Proiectul prevede crearea unui spa\u021biu continuu destinat sportului, plimb\u0103rilor, ciclismului \u0219i recreerii, care va conecta diferite cartiere ale capitalei. \u00cen cadrul acestuia urmeaz\u0103 s\u0103 fie create aproximativ 2,3 milioane de metri p\u0103tra\u021bi de spa\u021bii verzi.<\/p>\n<figure id=\"attachment_53495\" aria-describedby=\"caption-attachment-53495\" style=\"width: 1000px\" class=\"wp-caption aligncenter\"><img loading=\"lazy\" decoding=\"async\" class=\"wp-image-53495\" src=\"https:\/\/totul.md\/wp-content\/uploads\/2026\/08\/1695654849183194139.webp\" alt=\"\" width=\"1000\" height=\"664\" srcset=\"https:\/\/totul.md\/wp-content\/uploads\/2026\/08\/1695654849183194139.webp 700w, https:\/\/totul.md\/wp-content\/uploads\/2026\/08\/1695654849183194139-300x199.webp 300w, https:\/\/totul.md\/wp-content\/uploads\/2026\/08\/1695654849183194139-696x462.webp 696w\" sizes=\"auto, (max-width: 1000px) 100vw, 1000px\" \/><figcaption id=\"caption-attachment-53495\" class=\"wp-caption-text\">Sports Boulevard<\/figcaption><\/figure>\n<p data-start=\"2418\" data-end=\"2683\">Un alt proiect emblematic este <strong data-start=\"2449\" data-end=\"2493\">King Salman Park<\/strong>, care urmeaz\u0103 s\u0103 devin\u0103 un amplu spa\u021biu public \u00een centrul capitalei. Acesta va include zone verzi, obiective culturale, infrastructur\u0103 sportiv\u0103, spa\u021bii pentru recreere \u0219i alte zone publice.<\/p>\n<figure id=\"attachment_53493\" aria-describedby=\"caption-attachment-53493\" style=\"width: 1600px\" class=\"wp-caption aligncenter\"><img loading=\"lazy\" decoding=\"async\" class=\"wp-image-53493 size-full\" src=\"https:\/\/totul.md\/wp-content\/uploads\/2026\/08\/king-salman-park-1.jpg\" alt=\"\" width=\"1600\" height=\"900\" srcset=\"https:\/\/totul.md\/wp-content\/uploads\/2026\/08\/king-salman-park-1.jpg 1600w, https:\/\/totul.md\/wp-content\/uploads\/2026\/08\/king-salman-park-1-300x169.jpg 300w, https:\/\/totul.md\/wp-content\/uploads\/2026\/08\/king-salman-park-1-1024x576.jpg 1024w, https:\/\/totul.md\/wp-content\/uploads\/2026\/08\/king-salman-park-1-768x432.jpg 768w, https:\/\/totul.md\/wp-content\/uploads\/2026\/08\/king-salman-park-1-1536x864.jpg 1536w, https:\/\/totul.md\/wp-content\/uploads\/2026\/08\/king-salman-park-1-696x392.jpg 696w, https:\/\/totul.md\/wp-content\/uploads\/2026\/08\/king-salman-park-1-1200x675.jpg 1200w\" sizes=\"auto, (max-width: 1600px) 100vw, 1600px\" \/><figcaption id=\"caption-attachment-53493\" class=\"wp-caption-text\">King Salman Park<\/figcaption><\/figure>\n<p data-start=\"2685\" data-end=\"3066\">\u00cen paralel, se dezvolt\u0103 <strong data-start=\"2709\" data-end=\"2793\">King Abdullah Financial District (KAFD)<\/strong>, care contribuie la formarea unui nou centru de afaceri al ora\u0219ului Riad. Districtul reune\u0219te cl\u0103diri de birouri, spa\u021bii reziden\u021biale, hoteluri, spa\u021bii publice \u0219i infrastructur\u0103 de transport, cre\u00e2nd un mediu urban modern orientat spre afaceri \u0219i investi\u021bii interna\u021bionale.<\/p>\n<figure id=\"attachment_53497\" aria-describedby=\"caption-attachment-53497\" style=\"width: 1600px\" class=\"wp-caption aligncenter\"><img loading=\"lazy\" decoding=\"async\" class=\"wp-image-53497 size-full\" src=\"https:\/\/totul.md\/wp-content\/uploads\/2026\/08\/kafd-1.jpg\" alt=\"\" width=\"1600\" height=\"1067\" srcset=\"https:\/\/totul.md\/wp-content\/uploads\/2026\/08\/kafd-1.jpg 1600w, https:\/\/totul.md\/wp-content\/uploads\/2026\/08\/kafd-1-300x200.jpg 300w, https:\/\/totul.md\/wp-content\/uploads\/2026\/08\/kafd-1-1024x683.jpg 1024w, https:\/\/totul.md\/wp-content\/uploads\/2026\/08\/kafd-1-768x512.jpg 768w, https:\/\/totul.md\/wp-content\/uploads\/2026\/08\/kafd-1-1536x1024.jpg 1536w, https:\/\/totul.md\/wp-content\/uploads\/2026\/08\/kafd-1-696x464.jpg 696w\" sizes=\"auto, (max-width: 1600px) 100vw, 1600px\" \/><figcaption id=\"caption-attachment-53497\" class=\"wp-caption-text\">King Abdullah Financial District<\/figcaption><\/figure>\n<p data-start=\"3068\" data-end=\"3314\">Unul dintre cele mai impresionante proiecte ale noului Riyadh va fi <strong data-start=\"68\" data-end=\"82\">The Mukaab<\/strong> \u2014 un zg\u00e2rie-nori gigantic \u00een form\u0103 de cub, cu o \u00een\u0103l\u021bime, l\u0103\u021bime \u0219i lungime de aproximativ 400 de metri. Proiectul este realizat \u00een cadrul <strong data-start=\"222\" data-end=\"237\">New Murabba<\/strong> \u2014 noul centru de afaceri \u0219i urban al capitalei Arabiei Saudite, care \u00ee\u0219i propune s\u0103 devin\u0103 un exemplu de arhitectur\u0103 a viitorului.<\/p>\n<figure id=\"attachment_53514\" aria-describedby=\"caption-attachment-53514\" style=\"width: 1600px\" class=\"wp-caption aligncenter\"><img loading=\"lazy\" decoding=\"async\" class=\"wp-image-53514 size-full\" src=\"https:\/\/totul.md\/wp-content\/uploads\/2026\/08\/0155968_saudi-arabia-issued-usd-1-billion-steel-order-for-mukaab-project.jpg\" alt=\"\" width=\"1600\" height=\"934\" srcset=\"https:\/\/totul.md\/wp-content\/uploads\/2026\/08\/0155968_saudi-arabia-issued-usd-1-billion-steel-order-for-mukaab-project.jpg 1600w, https:\/\/totul.md\/wp-content\/uploads\/2026\/08\/0155968_saudi-arabia-issued-usd-1-billion-steel-order-for-mukaab-project-300x175.jpg 300w, https:\/\/totul.md\/wp-content\/uploads\/2026\/08\/0155968_saudi-arabia-issued-usd-1-billion-steel-order-for-mukaab-project-1024x598.jpg 1024w, https:\/\/totul.md\/wp-content\/uploads\/2026\/08\/0155968_saudi-arabia-issued-usd-1-billion-steel-order-for-mukaab-project-768x448.jpg 768w, https:\/\/totul.md\/wp-content\/uploads\/2026\/08\/0155968_saudi-arabia-issued-usd-1-billion-steel-order-for-mukaab-project-1536x897.jpg 1536w, https:\/\/totul.md\/wp-content\/uploads\/2026\/08\/0155968_saudi-arabia-issued-usd-1-billion-steel-order-for-mukaab-project-696x406.jpg 696w\" sizes=\"auto, (max-width: 1600px) 100vw, 1600px\" \/><figcaption id=\"caption-attachment-53514\" class=\"wp-caption-text\">The Mukaab<\/figcaption><\/figure>\n<p data-start=\"3068\" data-end=\"3314\">Aceste proiecte demonstreaz\u0103 o component\u0103 important\u0103 a conceptului EXPO 2030: viitorul Arabiei Saudite nu \u00eenseamn\u0103 doar cl\u0103diri futuriste \u0219i tehnologii noi, ci \u0219i \u00eencercarea de a reg\u00e2ndi via\u021ba unei metropole \u00een condi\u021biile climatului de\u0219ertic.<\/p>\n<p data-start=\"3316\" data-end=\"3507\">Conceptul oficial al expozi\u021biei acord\u0103 o aten\u021bie deosebit\u0103 unor provoc\u0103ri precum reducerea dependen\u021bei de petrol, deficitul de ap\u0103, c\u0103ldura extrem\u0103, conservarea ecosistemelor naturale \u0219i tranzi\u021bia c\u0103tre energia curat\u0103.<\/p>\n<p data-start=\"3509\" data-end=\"3680\">Tocmai de aceea, tema <strong data-start=\"3531\" data-end=\"3563\">EXPO 2030 \u2014 Vision 2030<\/strong>\u00a0\u2014 leag\u0103 inova\u021biile tehnologice de probleme mai largi privind dezvoltarea durabil\u0103, mediul urban \u0219i calitatea vie\u021bii.<\/p>\n<p data-start=\"3682\" data-end=\"3879\">Desf\u0103\u0219urarea EXPO 2030 la Riad va reprezenta, de asemenea, o oportunitate pentru mediul de afaceri interna\u021bional de a accesa pia\u021ba Arabiei Saudite \u0219i de a consolida rela\u021biile economice cu regiunea.<\/p>\n<p data-start=\"3881\" data-end=\"4221\" data-is-last-node=\"\" data-is-only-node=\"\">Pentru Republica Moldova, participarea la o astfel de expozi\u021bie poate reprezenta o oportunitate de a prezenta propria viziune asupra dezvolt\u0103rii \u021b\u0103rii, de a-\u0219i promova poten\u021bialul investi\u021bional \u0219i proiectele na\u021bionale \u0219i de a stabili noi contacte cu mediul de afaceri interna\u021bional, \u00een contextul transform\u0103rilor de amploare din regiune.<\/p>\n<\/div>\n<\/div>\n<\/div>\n<\/div>\n<div class=\"z-0 flex min-h-[46px] justify-start\">EXPO 2030 se va desf\u0103\u0219ura la Riad \u00een perioada <strong data-start=\"46\" data-end=\"83\">1 octombrie 2030 \u2013 31 martie 2031<\/strong>. Sunt a\u0219teptate participarea a zeci de \u021b\u0103ri \u0219i milioane de vizitatori din \u00eentreaga lume.<\/div>\n<div><\/div>\n<\/div>\n<\/div>\n<\/section>\n<\/div>\n<\/div>\n<\/div>\n<\/div>\n","protected":false},"excerpt":{"rendered":"<p>Republica Moldova inten\u021bioneaz\u0103 s\u0103 participe la Expozi\u021bia Mondial\u0103 EXPO 2030 de la Riad, care va reprezenta o platform\u0103 important\u0103 pentru promovarea \u021b\u0103rii, contactelor interna\u021bionale \u0219i dezvoltarea rela\u021biilor economice \u0219i investi\u021bionale. EXPO 2030 de la Riad invit\u0103 lume s\u0103 descopere viziunea Arabiei Saudite asupra viitorului \u0219i s\u0103 devin\u0103 parte a unui dialog global despre schimbare, inova\u021bie [&hellip;]<\/p>\n","protected":false},"author":78,"featured_media":53488,"comment_status":"closed","ping_status":"closed","sticky":false,"template":"","format":"standard","meta":{"footnotes":""},"categories":[303],"tags":[],"class_list":["post-53499","post","type-post","status-publish","format-standard","has-post-thumbnail","category-lifestream"],"yoast_head":"<!-- This site is optimized with the Yoast SEO plugin v28.3 - https:\/\/yoast.com\/product\/yoast-seo-wordpress\/ -->\n<title>Ora\u0219ul viitorului: cum tehnologia transform\u0103 mediul urban<\/title>\n<meta name=\"robots\" content=\"index, follow, max-snippet:-1, max-image-preview:large, max-video-preview:-1\" \/>\n<link rel=\"canonical\" href=\"https:\/\/totul.md\/ro\/lifestream\/expo-2030-expozitia-mondiala-de-la-riad\/\" \/>\n<meta property=\"og:locale\" content=\"ro_RO\" \/>\n<meta property=\"og:type\" content=\"article\" \/>\n<meta property=\"og:title\" content=\"Ora\u0219ul viitorului: cum tehnologia transform\u0103 mediul urban\" \/>\n<meta property=\"og:description\" content=\"Republica Moldova inten\u021bioneaz\u0103 s\u0103 participe la Expozi\u021bia Mondial\u0103 EXPO 2030 de la Riad, care va reprezenta o platform\u0103 important\u0103 pentru promovarea \u021b\u0103rii, contactelor interna\u021bionale \u0219i dezvoltarea rela\u021biilor economice \u0219i investi\u021bionale. EXPO 2030 de la Riad invit\u0103 lume s\u0103 descopere viziunea Arabiei Saudite asupra viitorului \u0219i s\u0103 devin\u0103 parte a unui dialog global despre schimbare, inova\u021bie [&hellip;]\" \/>\n<meta property=\"og:url\" content=\"https:\/\/totul.md\/ro\/lifestream\/expo-2030-expozitia-mondiala-de-la-riad\/\" \/>\n<meta property=\"og:site_name\" content=\"Totul\" \/>\n<meta property=\"article:published_time\" content=\"2026-08-14T13:08:21+00:00\" \/>\n<meta property=\"article:modified_time\" content=\"2026-08-15T17:00:36+00:00\" \/>\n<meta property=\"og:image\" content=\"https:\/\/totul.md\/wp-content\/uploads\/2026\/08\/sport-boulevard-riyadh.jpg\" \/>\n\t<meta property=\"og:image:width\" content=\"1600\" \/>\n\t<meta property=\"og:image:height\" content=\"579\" \/>\n\t<meta property=\"og:image:type\" content=\"image\/jpeg\" \/>\n<meta name=\"author\" content=\"TOTUL\" \/>\n<meta name=\"twitter:card\" content=\"summary_large_image\" \/>\n<meta name=\"twitter:label1\" content=\"Scris de\" \/>\n\t<meta name=\"twitter:data1\" content=\"TOTUL\" \/>\n\t<meta name=\"twitter:label2\" content=\"Timp estimat pentru citire\" \/>\n\t<meta name=\"twitter:data2\" content=\"5 minute\" \/>\n<script type=\"application\/ld+json\" class=\"yoast-schema-graph\">{\"@context\":\"https:\\\/\\\/schema.org\",\"@graph\":[{\"@type\":\"Article\",\"@id\":\"https:\\\/\\\/totul.md\\\/ro\\\/lifestream\\\/expo-2030-expozitia-mondiala-de-la-riad\\\/#article\",\"isPartOf\":{\"@id\":\"https:\\\/\\\/totul.md\\\/ro\\\/lifestream\\\/expo-2030-expozitia-mondiala-de-la-riad\\\/\"},\"author\":{\"name\":\"TOTUL\",\"@id\":\"https:\\\/\\\/totul.md\\\/#\\\/schema\\\/person\\\/93f2fffe0c74089acf5f74fb041a330b\"},\"headline\":\"Ora\u0219ul viitorului: cum tehnologia transform\u0103 mediul urban\",\"datePublished\":\"2026-08-14T13:08:21+00:00\",\"dateModified\":\"2026-08-15T17:00:36+00:00\",\"mainEntityOfPage\":{\"@id\":\"https:\\\/\\\/totul.md\\\/ro\\\/lifestream\\\/expo-2030-expozitia-mondiala-de-la-riad\\\/\"},\"wordCount\":763,\"image\":{\"@id\":\"https:\\\/\\\/totul.md\\\/ro\\\/lifestream\\\/expo-2030-expozitia-mondiala-de-la-riad\\\/#primaryimage\"},\"thumbnailUrl\":\"https:\\\/\\\/totul.md\\\/wp-content\\\/uploads\\\/2026\\\/08\\\/sport-boulevard-riyadh.jpg\",\"articleSection\":[\"Stil de via\u021b\u0103\"],\"inLanguage\":\"ro-RO\"},{\"@type\":\"WebPage\",\"@id\":\"https:\\\/\\\/totul.md\\\/ro\\\/lifestream\\\/expo-2030-expozitia-mondiala-de-la-riad\\\/\",\"url\":\"https:\\\/\\\/totul.md\\\/ro\\\/lifestream\\\/expo-2030-expozitia-mondiala-de-la-riad\\\/\",\"name\":\"Ora\u0219ul viitorului: cum tehnologia transform\u0103 mediul urban\",\"isPartOf\":{\"@id\":\"https:\\\/\\\/totul.md\\\/#website\"},\"primaryImageOfPage\":{\"@id\":\"https:\\\/\\\/totul.md\\\/ro\\\/lifestream\\\/expo-2030-expozitia-mondiala-de-la-riad\\\/#primaryimage\"},\"image\":{\"@id\":\"https:\\\/\\\/totul.md\\\/ro\\\/lifestream\\\/expo-2030-expozitia-mondiala-de-la-riad\\\/#primaryimage\"},\"thumbnailUrl\":\"https:\\\/\\\/totul.md\\\/wp-content\\\/uploads\\\/2026\\\/08\\\/sport-boulevard-riyadh.jpg\",\"datePublished\":\"2026-08-14T13:08:21+00:00\",\"dateModified\":\"2026-08-15T17:00:36+00:00\",\"author\":{\"@id\":\"https:\\\/\\\/totul.md\\\/#\\\/schema\\\/person\\\/93f2fffe0c74089acf5f74fb041a330b\"},\"breadcrumb\":{\"@id\":\"https:\\\/\\\/totul.md\\\/ro\\\/lifestream\\\/expo-2030-expozitia-mondiala-de-la-riad\\\/#breadcrumb\"},\"inLanguage\":\"ro-RO\",\"potentialAction\":[{\"@type\":\"ReadAction\",\"target\":[\"https:\\\/\\\/totul.md\\\/ro\\\/lifestream\\\/expo-2030-expozitia-mondiala-de-la-riad\\\/\"]}]},{\"@type\":\"ImageObject\",\"inLanguage\":\"ro-RO\",\"@id\":\"https:\\\/\\\/totul.md\\\/ro\\\/lifestream\\\/expo-2030-expozitia-mondiala-de-la-riad\\\/#primaryimage\",\"url\":\"https:\\\/\\\/totul.md\\\/wp-content\\\/uploads\\\/2026\\\/08\\\/sport-boulevard-riyadh.jpg\",\"contentUrl\":\"https:\\\/\\\/totul.md\\\/wp-content\\\/uploads\\\/2026\\\/08\\\/sport-boulevard-riyadh.jpg\",\"width\":1600,\"height\":579},{\"@type\":\"BreadcrumbList\",\"@id\":\"https:\\\/\\\/totul.md\\\/ro\\\/lifestream\\\/expo-2030-expozitia-mondiala-de-la-riad\\\/#breadcrumb\",\"itemListElement\":[{\"@type\":\"ListItem\",\"position\":1,\"name\":\"\u0413\u043b\u0430\u0432\u043d\u0430\u044f \u0441\u0442\u0440\u0430\u043d\u0438\u0446\u0430\",\"item\":\"https:\\\/\\\/totul.md\\\/ro\\\/acasa\\\/\"},{\"@type\":\"ListItem\",\"position\":2,\"name\":\"Ora\u0219ul viitorului: cum tehnologia transform\u0103 mediul urban\"}]},{\"@type\":\"WebSite\",\"@id\":\"https:\\\/\\\/totul.md\\\/#website\",\"url\":\"https:\\\/\\\/totul.md\\\/\",\"name\":\"TOTUL.md\",\"description\":\"\",\"potentialAction\":[{\"@type\":\"SearchAction\",\"target\":{\"@type\":\"EntryPoint\",\"urlTemplate\":\"https:\\\/\\\/totul.md\\\/?s={search_term_string}\"},\"query-input\":{\"@type\":\"PropertyValueSpecification\",\"valueRequired\":true,\"valueName\":\"search_term_string\"}}],\"inLanguage\":\"ro-RO\"},{\"@type\":\"Person\",\"@id\":\"https:\\\/\\\/totul.md\\\/#\\\/schema\\\/person\\\/93f2fffe0c74089acf5f74fb041a330b\",\"name\":\"TOTUL\",\"image\":{\"@type\":\"ImageObject\",\"inLanguage\":\"ro-RO\",\"@id\":\"https:\\\/\\\/secure.gravatar.com\\\/avatar\\\/5e87996a50ae2ab46b00fceeeaf96f4ea6936f57c0b849f1d668bd140d0141d9?s=96&d=mm&r=g\",\"url\":\"https:\\\/\\\/secure.gravatar.com\\\/avatar\\\/5e87996a50ae2ab46b00fceeeaf96f4ea6936f57c0b849f1d668bd140d0141d9?s=96&d=mm&r=g\",\"contentUrl\":\"https:\\\/\\\/secure.gravatar.com\\\/avatar\\\/5e87996a50ae2ab46b00fceeeaf96f4ea6936f57c0b849f1d668bd140d0141d9?s=96&d=mm&r=g\",\"caption\":\"TOTUL\"},\"url\":\"https:\\\/\\\/totul.md\\\/ro\\\/author\\\/anna-perjan\\\/\"}]}<\/script>\n<!-- \/ Yoast SEO plugin. -->","yoast_head_json":{"title":"Ora\u0219ul viitorului: cum tehnologia transform\u0103 mediul urban","robots":{"index":"index","follow":"follow","max-snippet":"max-snippet:-1","max-image-preview":"max-image-preview:large","max-video-preview":"max-video-preview:-1"},"canonical":"https:\/\/totul.md\/ro\/lifestream\/expo-2030-expozitia-mondiala-de-la-riad\/","og_locale":"ro_RO","og_type":"article","og_title":"Ora\u0219ul viitorului: cum tehnologia transform\u0103 mediul urban","og_description":"Republica Moldova inten\u021bioneaz\u0103 s\u0103 participe la Expozi\u021bia Mondial\u0103 EXPO 2030 de la Riad, care va reprezenta o platform\u0103 important\u0103 pentru promovarea \u021b\u0103rii, contactelor interna\u021bionale \u0219i dezvoltarea rela\u021biilor economice \u0219i investi\u021bionale. EXPO 2030 de la Riad invit\u0103 lume s\u0103 descopere viziunea Arabiei Saudite asupra viitorului \u0219i s\u0103 devin\u0103 parte a unui dialog global despre schimbare, inova\u021bie [&hellip;]","og_url":"https:\/\/totul.md\/ro\/lifestream\/expo-2030-expozitia-mondiala-de-la-riad\/","og_site_name":"Totul","article_published_time":"2026-08-14T13:08:21+00:00","article_modified_time":"2026-08-15T17:00:36+00:00","og_image":[{"width":1600,"height":579,"url":"https:\/\/totul.md\/wp-content\/uploads\/2026\/08\/sport-boulevard-riyadh.jpg","type":"image\/jpeg"}],"author":"TOTUL","twitter_card":"summary_large_image","twitter_misc":{"Scris de":"TOTUL","Timp estimat pentru citire":"5 minute"},"schema":{"@context":"https:\/\/schema.org","@graph":[{"@type":"Article","@id":"https:\/\/totul.md\/ro\/lifestream\/expo-2030-expozitia-mondiala-de-la-riad\/#article","isPartOf":{"@id":"https:\/\/totul.md\/ro\/lifestream\/expo-2030-expozitia-mondiala-de-la-riad\/"},"author":{"name":"TOTUL","@id":"https:\/\/totul.md\/#\/schema\/person\/93f2fffe0c74089acf5f74fb041a330b"},"headline":"Ora\u0219ul viitorului: cum tehnologia transform\u0103 mediul urban","datePublished":"2026-08-14T13:08:21+00:00","dateModified":"2026-08-15T17:00:36+00:00","mainEntityOfPage":{"@id":"https:\/\/totul.md\/ro\/lifestream\/expo-2030-expozitia-mondiala-de-la-riad\/"},"wordCount":763,"image":{"@id":"https:\/\/totul.md\/ro\/lifestream\/expo-2030-expozitia-mondiala-de-la-riad\/#primaryimage"},"thumbnailUrl":"https:\/\/totul.md\/wp-content\/uploads\/2026\/08\/sport-boulevard-riyadh.jpg","articleSection":["Stil de via\u021b\u0103"],"inLanguage":"ro-RO"},{"@type":"WebPage","@id":"https:\/\/totul.md\/ro\/lifestream\/expo-2030-expozitia-mondiala-de-la-riad\/","url":"https:\/\/totul.md\/ro\/lifestream\/expo-2030-expozitia-mondiala-de-la-riad\/","name":"Ora\u0219ul viitorului: cum tehnologia transform\u0103 mediul urban","isPartOf":{"@id":"https:\/\/totul.md\/#website"},"primaryImageOfPage":{"@id":"https:\/\/totul.md\/ro\/lifestream\/expo-2030-expozitia-mondiala-de-la-riad\/#primaryimage"},"image":{"@id":"https:\/\/totul.md\/ro\/lifestream\/expo-2030-expozitia-mondiala-de-la-riad\/#primaryimage"},"thumbnailUrl":"https:\/\/totul.md\/wp-content\/uploads\/2026\/08\/sport-boulevard-riyadh.jpg","datePublished":"2026-08-14T13:08:21+00:00","dateModified":"2026-08-15T17:00:36+00:00","author":{"@id":"https:\/\/totul.md\/#\/schema\/person\/93f2fffe0c74089acf5f74fb041a330b"},"breadcrumb":{"@id":"https:\/\/totul.md\/ro\/lifestream\/expo-2030-expozitia-mondiala-de-la-riad\/#breadcrumb"},"inLanguage":"ro-RO","potentialAction":[{"@type":"ReadAction","target":["https:\/\/totul.md\/ro\/lifestream\/expo-2030-expozitia-mondiala-de-la-riad\/"]}]},{"@type":"ImageObject","inLanguage":"ro-RO","@id":"https:\/\/totul.md\/ro\/lifestream\/expo-2030-expozitia-mondiala-de-la-riad\/#primaryimage","url":"https:\/\/totul.md\/wp-content\/uploads\/2026\/08\/sport-boulevard-riyadh.jpg","contentUrl":"https:\/\/totul.md\/wp-content\/uploads\/2026\/08\/sport-boulevard-riyadh.jpg","width":1600,"height":579},{"@type":"BreadcrumbList","@id":"https:\/\/totul.md\/ro\/lifestream\/expo-2030-expozitia-mondiala-de-la-riad\/#breadcrumb","itemListElement":[{"@type":"ListItem","position":1,"name":"\u0413\u043b\u0430\u0432\u043d\u0430\u044f \u0441\u0442\u0440\u0430\u043d\u0438\u0446\u0430","item":"https:\/\/totul.md\/ro\/acasa\/"},{"@type":"ListItem","position":2,"name":"Ora\u0219ul viitorului: cum tehnologia transform\u0103 mediul urban"}]},{"@type":"WebSite","@id":"https:\/\/totul.md\/#website","url":"https:\/\/totul.md\/","name":"TOTUL.md","description":"","potentialAction":[{"@type":"SearchAction","target":{"@type":"EntryPoint","urlTemplate":"https:\/\/totul.md\/?s={search_term_string}"},"query-input":{"@type":"PropertyValueSpecification","valueRequired":true,"valueName":"search_term_string"}}],"inLanguage":"ro-RO"},{"@type":"Person","@id":"https:\/\/totul.md\/#\/schema\/person\/93f2fffe0c74089acf5f74fb041a330b","name":"TOTUL","image":{"@type":"ImageObject","inLanguage":"ro-RO","@id":"https:\/\/secure.gravatar.com\/avatar\/5e87996a50ae2ab46b00fceeeaf96f4ea6936f57c0b849f1d668bd140d0141d9?s=96&d=mm&r=g","url":"https:\/\/secure.gravatar.com\/avatar\/5e87996a50ae2ab46b00fceeeaf96f4ea6936f57c0b849f1d668bd140d0141d9?s=96&d=mm&r=g","contentUrl":"https:\/\/secure.gravatar.com\/avatar\/5e87996a50ae2ab46b00fceeeaf96f4ea6936f57c0b849f1d668bd140d0141d9?s=96&d=mm&r=g","caption":"TOTUL"},"url":"https:\/\/totul.md\/ro\/author\/anna-perjan\/"}]}},"_links":{"self":[{"href":"https:\/\/totul.md\/ro\/wp-json\/wp\/v2\/posts\/53499","targetHints":{"allow":["GET"]}}],"collection":[{"href":"https:\/\/totul.md\/ro\/wp-json\/wp\/v2\/posts"}],"about":[{"href":"https:\/\/totul.md\/ro\/wp-json\/wp\/v2\/types\/post"}],"author":[{"embeddable":true,"href":"https:\/\/totul.md\/ro\/wp-json\/wp\/v2\/users\/78"}],"replies":[{"embeddable":true,"href":"https:\/\/totul.md\/ro\/wp-json\/wp\/v2\/comments?post=53499"}],"version-history":[{"count":14,"href":"https:\/\/totul.md\/ro\/wp-json\/wp\/v2\/posts\/53499\/revisions"}],"predecessor-version":[{"id":53545,"href":"https:\/\/totul.md\/ro\/wp-json\/wp\/v2\/posts\/53499\/revisions\/53545"}],"wp:featuredmedia":[{"embeddable":true,"href":"https:\/\/totul.md\/ro\/wp-json\/wp\/v2\/media\/53488"}],"wp:attachment":[{"href":"https:\/\/totul.md\/ro\/wp-json\/wp\/v2\/media?parent=53499"}],"wp:term":[{"taxonomy":"category","embeddable":true,"href":"https:\/\/totul.md\/ro\/wp-json\/wp\/v2\/categories?post=53499"},{"taxonomy":"post_tag","embeddable":true,"href":"https:\/\/totul.md\/ro\/wp-json\/wp\/v2\/tags?post=53499"}],"curies":[{"name":"wp","href":"https:\/\/api.w.org\/{rel}","templated":true}]}}