{"id":54326,"date":"2026-08-31T07:23:47","date_gmt":"2026-08-31T07:23:47","guid":{"rendered":"https:\/\/totul.md\/?p=54326"},"modified":"2026-08-31T08:53:58","modified_gmt":"2026-08-31T08:53:58","slug":"marea-dictare-nationala-dedicata-zilei-limbii-romane","status":"publish","type":"post","link":"https:\/\/totul.md\/ro\/news\/marea-dictare-nationala-dedicata-zilei-limbii-romane\/","title":{"rendered":"Marea dictare na\u021bional\u0103 dedicat\u0103 Zilei Limbii Rom\u00e2ne"},"content":{"rendered":"<p>\u00cen Republica Moldova, pe 31 august, de <strong>Ziua Limbii Rom\u00e2ne,<\/strong> a avut loc cea de-a <strong>IV-a edi\u021bie a Marii dict\u0103ri na\u021bionale.<\/strong> Evenimentul s-a desf\u0103\u0219urat \u00een Pia\u021ba Marii Adun\u0103ri Na\u021bionale din Chi\u0219in\u0103u.<\/p>\n<p>\u00cen acest an, la dictare s-au \u00eenscris <strong>peste 3 000 de persoane<\/strong> \u2014 un num\u0103r record de participan\u021bi de la lansarea proiectului \u00een 2023.<\/p>\n<p>Evenimentul a fost organizat de Ministerul Educa\u021biei \u0219i Cercet\u0103rii, sub patronajul Pre\u0219edin\u021biei Republicii Moldova. Scopul acestuia este promovarea utiliz\u0103rii corecte a limbii rom\u00e2ne \u0219i stimularea interesului pentru cultura limbii.<\/p>\n<p>\u00cen mesajul s\u0103u, pre\u0219edinta Republicii Moldova, <strong>Maia Sandu,<\/strong> a subliniat c\u0103 ast\u0103zi cet\u0103\u021benii \u021b\u0103rii pot vorbi limba rom\u00e2n\u0103 \u201eliber, f\u0103r\u0103 team\u0103\u201d.<\/p>\n<p><em>\u201eCu at\u00e2t mai mult, este datoria noastr\u0103 s\u0103 o p\u0103str\u0103m. Iar cel mai important este s\u0103 le transmitem copiilor no\u0219tri dragostea pentru limba rom\u00e2n\u0103, a\u0219a cum am primit-o noi de la str\u0103mo\u0219ii no\u0219tri. S\u0103 le l\u0103s\u0103m aceast\u0103 mo\u0219tenire pre\u021bioas\u0103: o limb\u0103 vie \u0219i frumoas\u0103\u2026\u201d,<\/em> a declarat \u0219efa statului.<\/p>\n<p>La felicit\u0103rile cu ocazia Zilei Limbii Rom\u00e2ne s-a al\u0103turat \u0219i pre\u0219edintele Rom\u00e2niei, Nicu\u0219or Dan. El a remarcat c\u0103, pentru prima dat\u0103, aceast\u0103 s\u0103rb\u0103toare este marcat\u0103 simultan \u00een trei \u021b\u0103ri \u2014 <strong>Rom\u00e2nia, Republica Moldova \u0219i Ucraina.<\/strong><\/p>\n<p><em>\u201eProtejarea drepturilor rom\u00e2nilor de pretutindeni \u0219i promovarea limbii \u0219i culturii noastre r\u0103m\u00e2n obiective esen\u021biale ale statului rom\u00e2n dincolo de grani\u021bele sale. Ne une\u0219te aceast\u0103 pre\u021bioas\u0103 leg\u0103tur\u0103 a limbii rom\u00e2ne, care ne ancoreaz\u0103 \u00een istorie \u0219i ne deschide calea spre viitor\u201d,<\/em> a scris Nicu\u0219or Dan.<\/p>\n<p>Despre importan\u021ba studierii limbii rom\u00e2ne \u00een Republica Moldova a vorbit \u0219i prim-ministrul <strong>Vasile Tofan,<\/strong> la deschiderea evenimentului:<\/p>\n<p><em>\u201eDac\u0103 tr\u0103ie\u0219ti aici, este firesc s\u0103 \u00eenve\u021bi limba rom\u00e2n\u0103. Da, suntem un popor deschis \u0219i ospitalier, respect\u0103m limbile oamenilor care locuiesc aici \u0219i nimeni nu trebuie s\u0103 renun\u021be la limba sa matern\u0103. Dar ne respect\u0103m \u0219i propria limb\u0103 \u0219i ne dorim ca oamenii care aleg s\u0103 tr\u0103iasc\u0103 \u00een Republica Moldova s\u0103 \u00eenve\u021be \u0219i s\u0103 vorbeasc\u0103 rom\u00e2ne\u0219te. Este un semn de respect fa\u021b\u0103 de \u021bara \u00een care tr\u0103ie\u0219ti. \u00cen acela\u0219i timp, limba rom\u00e2n\u0103 ne permite tuturor, indiferent de limba pe care o vorbim acas\u0103, s\u0103 ne \u00een\u021belegem unii pe al\u021bii\u201d.<\/em><\/p>\n<p>Dictarea a \u00eenceput la ora 9:30 \u0219i a durat aproximativ 45 de minute. Lucr\u0103rile participan\u021bilor vor fi verificate de o comisie special\u0103, iar autorii celor mai bune lucr\u0103ri vor fi premia\u021bi \u00een luna septembrie.<\/p>\n<p>\u00cen acest an, evenimente similare au avut loc \u0219i \u00een alte localit\u0103\u021bi din \u021bar\u0103. \u00cen total, organizatorii \u0219i-au propus s\u0103 atrag\u0103 aproximativ <strong>3 500 de participan\u021bi,<\/strong> dintre care circa 1 000 \u00een raioanele \u0219i municipiile Republicii Moldova.<\/p>\n<p><strong>Ziua Limbii Rom\u00e2ne este s\u0103rb\u0103torit\u0103 \u00een Republica Moldova la 31 august, \u00eencep\u00e2nd din 1990.<\/strong><\/p>\n","protected":false},"excerpt":{"rendered":"<p>\u00cen Republica Moldova, pe 31 august, de Ziua Limbii Rom\u00e2ne, a avut loc cea de-a IV-a edi\u021bie a Marii dict\u0103ri na\u021bionale. Evenimentul s-a desf\u0103\u0219urat \u00een Pia\u021ba Marii Adun\u0103ri Na\u021bionale din Chi\u0219in\u0103u. \u00cen acest an, la dictare s-au \u00eenscris peste 3 000 de persoane \u2014 un num\u0103r record de participan\u021bi de la lansarea proiectului \u00een 2023. [&hellip;]<\/p>\n","protected":false},"author":78,"featured_media":54324,"comment_status":"closed","ping_status":"closed","sticky":false,"template":"","format":"standard","meta":{"footnotes":""},"categories":[218],"tags":[],"class_list":["post-54326","post","type-post","status-publish","format-standard","has-post-thumbnail","category-news"],"yoast_head":"<!-- This site is optimized with the Yoast SEO plugin v28.3 - https:\/\/yoast.com\/product\/yoast-seo-wordpress\/ -->\n<title>Marea dictare na\u021bional\u0103 dedicat\u0103 Zilei Limbii Rom\u00e2ne<\/title>\n<meta name=\"robots\" content=\"index, follow, max-snippet:-1, max-image-preview:large, max-video-preview:-1\" \/>\n<link rel=\"canonical\" href=\"https:\/\/totul.md\/ro\/news\/marea-dictare-nationala-dedicata-zilei-limbii-romane\/\" \/>\n<meta property=\"og:locale\" content=\"ro_RO\" \/>\n<meta property=\"og:type\" content=\"article\" \/>\n<meta property=\"og:title\" content=\"Marea dictare na\u021bional\u0103 dedicat\u0103 Zilei Limbii Rom\u00e2ne\" \/>\n<meta property=\"og:description\" content=\"\u00cen Republica Moldova, pe 31 august, de Ziua Limbii Rom\u00e2ne, a avut loc cea de-a IV-a edi\u021bie a Marii dict\u0103ri na\u021bionale. Evenimentul s-a desf\u0103\u0219urat \u00een Pia\u021ba Marii Adun\u0103ri Na\u021bionale din Chi\u0219in\u0103u. \u00cen acest an, la dictare s-au \u00eenscris peste 3 000 de persoane \u2014 un num\u0103r record de participan\u021bi de la lansarea proiectului \u00een 2023. [&hellip;]\" \/>\n<meta property=\"og:url\" content=\"https:\/\/totul.md\/ro\/news\/marea-dictare-nationala-dedicata-zilei-limbii-romane\/\" \/>\n<meta property=\"og:site_name\" content=\"Totul\" \/>\n<meta property=\"article:published_time\" content=\"2026-08-31T07:23:47+00:00\" \/>\n<meta property=\"article:modified_time\" content=\"2026-08-31T08:53:58+00:00\" \/>\n<meta property=\"og:image\" content=\"https:\/\/totul.md\/wp-content\/uploads\/2026\/08\/3wenx63we.jpeg\" \/>\n\t<meta property=\"og:image:width\" content=\"1456\" \/>\n\t<meta property=\"og:image:height\" content=\"720\" \/>\n\t<meta property=\"og:image:type\" content=\"image\/jpeg\" \/>\n<meta name=\"author\" content=\"TOTUL\" \/>\n<meta name=\"twitter:card\" content=\"summary_large_image\" \/>\n<meta name=\"twitter:label1\" content=\"Scris de\" \/>\n\t<meta name=\"twitter:data1\" content=\"TOTUL\" \/>\n\t<meta name=\"twitter:label2\" content=\"Timp estimat pentru citire\" \/>\n\t<meta name=\"twitter:data2\" content=\"3 minute\" \/>\n<script type=\"application\/ld+json\" class=\"yoast-schema-graph\">{\"@context\":\"https:\\\/\\\/schema.org\",\"@graph\":[{\"@type\":\"Article\",\"@id\":\"https:\\\/\\\/totul.md\\\/ro\\\/news\\\/marea-dictare-nationala-dedicata-zilei-limbii-romane\\\/#article\",\"isPartOf\":{\"@id\":\"https:\\\/\\\/totul.md\\\/ro\\\/news\\\/marea-dictare-nationala-dedicata-zilei-limbii-romane\\\/\"},\"author\":{\"name\":\"TOTUL\",\"@id\":\"https:\\\/\\\/totul.md\\\/#\\\/schema\\\/person\\\/93f2fffe0c74089acf5f74fb041a330b\"},\"headline\":\"Marea dictare na\u021bional\u0103 dedicat\u0103 Zilei Limbii Rom\u00e2ne\",\"datePublished\":\"2026-08-31T07:23:47+00:00\",\"dateModified\":\"2026-08-31T08:53:58+00:00\",\"mainEntityOfPage\":{\"@id\":\"https:\\\/\\\/totul.md\\\/ro\\\/news\\\/marea-dictare-nationala-dedicata-zilei-limbii-romane\\\/\"},\"wordCount\":504,\"image\":{\"@id\":\"https:\\\/\\\/totul.md\\\/ro\\\/news\\\/marea-dictare-nationala-dedicata-zilei-limbii-romane\\\/#primaryimage\"},\"thumbnailUrl\":\"https:\\\/\\\/totul.md\\\/wp-content\\\/uploads\\\/2026\\\/08\\\/3wenx63we.jpeg\",\"articleSection\":[\"\u0218tiri\"],\"inLanguage\":\"ro-RO\"},{\"@type\":\"WebPage\",\"@id\":\"https:\\\/\\\/totul.md\\\/ro\\\/news\\\/marea-dictare-nationala-dedicata-zilei-limbii-romane\\\/\",\"url\":\"https:\\\/\\\/totul.md\\\/ro\\\/news\\\/marea-dictare-nationala-dedicata-zilei-limbii-romane\\\/\",\"name\":\"Marea dictare na\u021bional\u0103 dedicat\u0103 Zilei Limbii Rom\u00e2ne\",\"isPartOf\":{\"@id\":\"https:\\\/\\\/totul.md\\\/#website\"},\"primaryImageOfPage\":{\"@id\":\"https:\\\/\\\/totul.md\\\/ro\\\/news\\\/marea-dictare-nationala-dedicata-zilei-limbii-romane\\\/#primaryimage\"},\"image\":{\"@id\":\"https:\\\/\\\/totul.md\\\/ro\\\/news\\\/marea-dictare-nationala-dedicata-zilei-limbii-romane\\\/#primaryimage\"},\"thumbnailUrl\":\"https:\\\/\\\/totul.md\\\/wp-content\\\/uploads\\\/2026\\\/08\\\/3wenx63we.jpeg\",\"datePublished\":\"2026-08-31T07:23:47+00:00\",\"dateModified\":\"2026-08-31T08:53:58+00:00\",\"author\":{\"@id\":\"https:\\\/\\\/totul.md\\\/#\\\/schema\\\/person\\\/93f2fffe0c74089acf5f74fb041a330b\"},\"breadcrumb\":{\"@id\":\"https:\\\/\\\/totul.md\\\/ro\\\/news\\\/marea-dictare-nationala-dedicata-zilei-limbii-romane\\\/#breadcrumb\"},\"inLanguage\":\"ro-RO\",\"potentialAction\":[{\"@type\":\"ReadAction\",\"target\":[\"https:\\\/\\\/totul.md\\\/ro\\\/news\\\/marea-dictare-nationala-dedicata-zilei-limbii-romane\\\/\"]}]},{\"@type\":\"ImageObject\",\"inLanguage\":\"ro-RO\",\"@id\":\"https:\\\/\\\/totul.md\\\/ro\\\/news\\\/marea-dictare-nationala-dedicata-zilei-limbii-romane\\\/#primaryimage\",\"url\":\"https:\\\/\\\/totul.md\\\/wp-content\\\/uploads\\\/2026\\\/08\\\/3wenx63we.jpeg\",\"contentUrl\":\"https:\\\/\\\/totul.md\\\/wp-content\\\/uploads\\\/2026\\\/08\\\/3wenx63we.jpeg\",\"width\":1456,\"height\":720},{\"@type\":\"BreadcrumbList\",\"@id\":\"https:\\\/\\\/totul.md\\\/ro\\\/news\\\/marea-dictare-nationala-dedicata-zilei-limbii-romane\\\/#breadcrumb\",\"itemListElement\":[{\"@type\":\"ListItem\",\"position\":1,\"name\":\"\u0413\u043b\u0430\u0432\u043d\u0430\u044f \u0441\u0442\u0440\u0430\u043d\u0438\u0446\u0430\",\"item\":\"https:\\\/\\\/totul.md\\\/ro\\\/acasa\\\/\"},{\"@type\":\"ListItem\",\"position\":2,\"name\":\"Marea dictare na\u021bional\u0103 dedicat\u0103 Zilei Limbii Rom\u00e2ne\"}]},{\"@type\":\"WebSite\",\"@id\":\"https:\\\/\\\/totul.md\\\/#website\",\"url\":\"https:\\\/\\\/totul.md\\\/\",\"name\":\"TOTUL.md\",\"description\":\"\",\"potentialAction\":[{\"@type\":\"SearchAction\",\"target\":{\"@type\":\"EntryPoint\",\"urlTemplate\":\"https:\\\/\\\/totul.md\\\/?s={search_term_string}\"},\"query-input\":{\"@type\":\"PropertyValueSpecification\",\"valueRequired\":true,\"valueName\":\"search_term_string\"}}],\"inLanguage\":\"ro-RO\"},{\"@type\":\"Person\",\"@id\":\"https:\\\/\\\/totul.md\\\/#\\\/schema\\\/person\\\/93f2fffe0c74089acf5f74fb041a330b\",\"name\":\"TOTUL\",\"image\":{\"@type\":\"ImageObject\",\"inLanguage\":\"ro-RO\",\"@id\":\"https:\\\/\\\/secure.gravatar.com\\\/avatar\\\/5e87996a50ae2ab46b00fceeeaf96f4ea6936f57c0b849f1d668bd140d0141d9?s=96&d=mm&r=g\",\"url\":\"https:\\\/\\\/secure.gravatar.com\\\/avatar\\\/5e87996a50ae2ab46b00fceeeaf96f4ea6936f57c0b849f1d668bd140d0141d9?s=96&d=mm&r=g\",\"contentUrl\":\"https:\\\/\\\/secure.gravatar.com\\\/avatar\\\/5e87996a50ae2ab46b00fceeeaf96f4ea6936f57c0b849f1d668bd140d0141d9?s=96&d=mm&r=g\",\"caption\":\"TOTUL\"},\"url\":\"https:\\\/\\\/totul.md\\\/ro\\\/author\\\/anna-perjan\\\/\"}]}<\/script>\n<!-- \/ Yoast SEO plugin. -->","yoast_head_json":{"title":"Marea dictare na\u021bional\u0103 dedicat\u0103 Zilei Limbii Rom\u00e2ne","robots":{"index":"index","follow":"follow","max-snippet":"max-snippet:-1","max-image-preview":"max-image-preview:large","max-video-preview":"max-video-preview:-1"},"canonical":"https:\/\/totul.md\/ro\/news\/marea-dictare-nationala-dedicata-zilei-limbii-romane\/","og_locale":"ro_RO","og_type":"article","og_title":"Marea dictare na\u021bional\u0103 dedicat\u0103 Zilei Limbii Rom\u00e2ne","og_description":"\u00cen Republica Moldova, pe 31 august, de Ziua Limbii Rom\u00e2ne, a avut loc cea de-a IV-a edi\u021bie a Marii dict\u0103ri na\u021bionale. Evenimentul s-a desf\u0103\u0219urat \u00een Pia\u021ba Marii Adun\u0103ri Na\u021bionale din Chi\u0219in\u0103u. \u00cen acest an, la dictare s-au \u00eenscris peste 3 000 de persoane \u2014 un num\u0103r record de participan\u021bi de la lansarea proiectului \u00een 2023. [&hellip;]","og_url":"https:\/\/totul.md\/ro\/news\/marea-dictare-nationala-dedicata-zilei-limbii-romane\/","og_site_name":"Totul","article_published_time":"2026-08-31T07:23:47+00:00","article_modified_time":"2026-08-31T08:53:58+00:00","og_image":[{"width":1456,"height":720,"url":"https:\/\/totul.md\/wp-content\/uploads\/2026\/08\/3wenx63we.jpeg","type":"image\/jpeg"}],"author":"TOTUL","twitter_card":"summary_large_image","twitter_misc":{"Scris de":"TOTUL","Timp estimat pentru citire":"3 minute"},"schema":{"@context":"https:\/\/schema.org","@graph":[{"@type":"Article","@id":"https:\/\/totul.md\/ro\/news\/marea-dictare-nationala-dedicata-zilei-limbii-romane\/#article","isPartOf":{"@id":"https:\/\/totul.md\/ro\/news\/marea-dictare-nationala-dedicata-zilei-limbii-romane\/"},"author":{"name":"TOTUL","@id":"https:\/\/totul.md\/#\/schema\/person\/93f2fffe0c74089acf5f74fb041a330b"},"headline":"Marea dictare na\u021bional\u0103 dedicat\u0103 Zilei Limbii Rom\u00e2ne","datePublished":"2026-08-31T07:23:47+00:00","dateModified":"2026-08-31T08:53:58+00:00","mainEntityOfPage":{"@id":"https:\/\/totul.md\/ro\/news\/marea-dictare-nationala-dedicata-zilei-limbii-romane\/"},"wordCount":504,"image":{"@id":"https:\/\/totul.md\/ro\/news\/marea-dictare-nationala-dedicata-zilei-limbii-romane\/#primaryimage"},"thumbnailUrl":"https:\/\/totul.md\/wp-content\/uploads\/2026\/08\/3wenx63we.jpeg","articleSection":["\u0218tiri"],"inLanguage":"ro-RO"},{"@type":"WebPage","@id":"https:\/\/totul.md\/ro\/news\/marea-dictare-nationala-dedicata-zilei-limbii-romane\/","url":"https:\/\/totul.md\/ro\/news\/marea-dictare-nationala-dedicata-zilei-limbii-romane\/","name":"Marea dictare na\u021bional\u0103 dedicat\u0103 Zilei Limbii Rom\u00e2ne","isPartOf":{"@id":"https:\/\/totul.md\/#website"},"primaryImageOfPage":{"@id":"https:\/\/totul.md\/ro\/news\/marea-dictare-nationala-dedicata-zilei-limbii-romane\/#primaryimage"},"image":{"@id":"https:\/\/totul.md\/ro\/news\/marea-dictare-nationala-dedicata-zilei-limbii-romane\/#primaryimage"},"thumbnailUrl":"https:\/\/totul.md\/wp-content\/uploads\/2026\/08\/3wenx63we.jpeg","datePublished":"2026-08-31T07:23:47+00:00","dateModified":"2026-08-31T08:53:58+00:00","author":{"@id":"https:\/\/totul.md\/#\/schema\/person\/93f2fffe0c74089acf5f74fb041a330b"},"breadcrumb":{"@id":"https:\/\/totul.md\/ro\/news\/marea-dictare-nationala-dedicata-zilei-limbii-romane\/#breadcrumb"},"inLanguage":"ro-RO","potentialAction":[{"@type":"ReadAction","target":["https:\/\/totul.md\/ro\/news\/marea-dictare-nationala-dedicata-zilei-limbii-romane\/"]}]},{"@type":"ImageObject","inLanguage":"ro-RO","@id":"https:\/\/totul.md\/ro\/news\/marea-dictare-nationala-dedicata-zilei-limbii-romane\/#primaryimage","url":"https:\/\/totul.md\/wp-content\/uploads\/2026\/08\/3wenx63we.jpeg","contentUrl":"https:\/\/totul.md\/wp-content\/uploads\/2026\/08\/3wenx63we.jpeg","width":1456,"height":720},{"@type":"BreadcrumbList","@id":"https:\/\/totul.md\/ro\/news\/marea-dictare-nationala-dedicata-zilei-limbii-romane\/#breadcrumb","itemListElement":[{"@type":"ListItem","position":1,"name":"\u0413\u043b\u0430\u0432\u043d\u0430\u044f \u0441\u0442\u0440\u0430\u043d\u0438\u0446\u0430","item":"https:\/\/totul.md\/ro\/acasa\/"},{"@type":"ListItem","position":2,"name":"Marea dictare na\u021bional\u0103 dedicat\u0103 Zilei Limbii Rom\u00e2ne"}]},{"@type":"WebSite","@id":"https:\/\/totul.md\/#website","url":"https:\/\/totul.md\/","name":"TOTUL.md","description":"","potentialAction":[{"@type":"SearchAction","target":{"@type":"EntryPoint","urlTemplate":"https:\/\/totul.md\/?s={search_term_string}"},"query-input":{"@type":"PropertyValueSpecification","valueRequired":true,"valueName":"search_term_string"}}],"inLanguage":"ro-RO"},{"@type":"Person","@id":"https:\/\/totul.md\/#\/schema\/person\/93f2fffe0c74089acf5f74fb041a330b","name":"TOTUL","image":{"@type":"ImageObject","inLanguage":"ro-RO","@id":"https:\/\/secure.gravatar.com\/avatar\/5e87996a50ae2ab46b00fceeeaf96f4ea6936f57c0b849f1d668bd140d0141d9?s=96&d=mm&r=g","url":"https:\/\/secure.gravatar.com\/avatar\/5e87996a50ae2ab46b00fceeeaf96f4ea6936f57c0b849f1d668bd140d0141d9?s=96&d=mm&r=g","contentUrl":"https:\/\/secure.gravatar.com\/avatar\/5e87996a50ae2ab46b00fceeeaf96f4ea6936f57c0b849f1d668bd140d0141d9?s=96&d=mm&r=g","caption":"TOTUL"},"url":"https:\/\/totul.md\/ro\/author\/anna-perjan\/"}]}},"_links":{"self":[{"href":"https:\/\/totul.md\/ro\/wp-json\/wp\/v2\/posts\/54326","targetHints":{"allow":["GET"]}}],"collection":[{"href":"https:\/\/totul.md\/ro\/wp-json\/wp\/v2\/posts"}],"about":[{"href":"https:\/\/totul.md\/ro\/wp-json\/wp\/v2\/types\/post"}],"author":[{"embeddable":true,"href":"https:\/\/totul.md\/ro\/wp-json\/wp\/v2\/users\/78"}],"replies":[{"embeddable":true,"href":"https:\/\/totul.md\/ro\/wp-json\/wp\/v2\/comments?post=54326"}],"version-history":[{"count":5,"href":"https:\/\/totul.md\/ro\/wp-json\/wp\/v2\/posts\/54326\/revisions"}],"predecessor-version":[{"id":54335,"href":"https:\/\/totul.md\/ro\/wp-json\/wp\/v2\/posts\/54326\/revisions\/54335"}],"wp:featuredmedia":[{"embeddable":true,"href":"https:\/\/totul.md\/ro\/wp-json\/wp\/v2\/media\/54324"}],"wp:attachment":[{"href":"https:\/\/totul.md\/ro\/wp-json\/wp\/v2\/media?parent=54326"}],"wp:term":[{"taxonomy":"category","embeddable":true,"href":"https:\/\/totul.md\/ro\/wp-json\/wp\/v2\/categories?post=54326"},{"taxonomy":"post_tag","embeddable":true,"href":"https:\/\/totul.md\/ro\/wp-json\/wp\/v2\/tags?post=54326"}],"curies":[{"name":"wp","href":"https:\/\/api.w.org\/{rel}","templated":true}]}}