{"id":54348,"date":"2026-08-31T17:00:20","date_gmt":"2026-08-31T17:00:20","guid":{"rendered":"https:\/\/totul.md\/?p=54348"},"modified":"2026-08-31T17:04:54","modified_gmt":"2026-08-31T17:04:54","slug":"polonia-a-interceptat-un-avion-rusesc-de-recunoastere-il-20-in-apropierea-coastei-sale","status":"publish","type":"post","link":"https:\/\/totul.md\/ro\/news\/polonia-a-interceptat-un-avion-rusesc-de-recunoastere-il-20-in-apropierea-coastei-sale\/","title":{"rendered":"Polonia a interceptat un avion rusesc de recunoa\u0219tere Il-20 \u00een apropierea coastei sale"},"content":{"rendered":"<p>Avioane de lupt\u0103 poloneze au interceptat un avion rusesc de recunoa\u0219tere Il-20 deasupra M\u0103rii Baltice, la aproximativ 30 de kilometri de coasta Poloniei, relateaz\u0103 TVP World. Aeronava se afla \u00een apele interna\u021bionale, la aproximativ 30 de kilometri nord de \u0141eba, \u0219i nu a intrat \u00een spa\u021biul aerian al Poloniei.<\/p>\n<p>Potrivit ministrului polonez al Ap\u0103r\u0103rii, W\u0142adys\u0142aw Kosiniak-Kamysz, interceptarea a avut loc \u00eenainte de pr\u00e2nz. Ministrul a declarat c\u0103 Rusia testeaz\u0103 din nou capacit\u0103\u021bile sistemului polonez de descurajare \u0219i de ap\u0103rare antiaerian\u0103.<\/p>\n<p>Il-20 este destinat misiunilor de recunoa\u0219tere aerian\u0103. Aeronava poate colecta informa\u021bii despre sistemele radar, mijloacele de comunica\u021bii \u0219i obiectivele de ap\u0103rare antiaerian\u0103.<\/p>\n<p>Nu este primul incident de acest fel din ultimele luni. Avioane de lupt\u0103 poloneze au fost ridicate \u00een aer \u00een repetate r\u00e2nduri pentru a intercepta avioane ruse\u0219ti de recunoa\u0219tere \u0219i alte aeronave militare deasupra M\u0103rii Baltice.<\/p>\n","protected":false},"excerpt":{"rendered":"<p>Avioane de lupt\u0103 poloneze au interceptat un avion rusesc de recunoa\u0219tere Il-20 deasupra M\u0103rii Baltice, la aproximativ 30 de kilometri de coasta Poloniei, relateaz\u0103 TVP World. Aeronava se afla \u00een apele interna\u021bionale, la aproximativ 30 de kilometri nord de \u0141eba, \u0219i nu a intrat \u00een spa\u021biul aerian al Poloniei. Potrivit ministrului polonez al Ap\u0103r\u0103rii, W\u0142adys\u0142aw [&hellip;]<\/p>\n","protected":false},"author":78,"featured_media":54351,"comment_status":"closed","ping_status":"closed","sticky":false,"template":"","format":"standard","meta":{"footnotes":""},"categories":[218],"tags":[],"class_list":["post-54348","post","type-post","status-publish","format-standard","has-post-thumbnail","category-news"],"yoast_head":"<!-- This site is optimized with the Yoast SEO plugin v28.3 - https:\/\/yoast.com\/product\/yoast-seo-wordpress\/ -->\n<title>Polonia a interceptat un avion rusesc de recunoa\u0219tere Il-20 \u00een apropierea coastei sale<\/title>\n<meta name=\"robots\" content=\"index, follow, max-snippet:-1, max-image-preview:large, max-video-preview:-1\" \/>\n<link rel=\"canonical\" href=\"https:\/\/totul.md\/ro\/news\/polonia-a-interceptat-un-avion-rusesc-de-recunoastere-il-20-in-apropierea-coastei-sale\/\" \/>\n<meta property=\"og:locale\" content=\"ro_RO\" \/>\n<meta property=\"og:type\" content=\"article\" \/>\n<meta property=\"og:title\" content=\"Polonia a interceptat un avion rusesc de recunoa\u0219tere Il-20 \u00een apropierea coastei sale\" \/>\n<meta property=\"og:description\" content=\"Avioane de lupt\u0103 poloneze au interceptat un avion rusesc de recunoa\u0219tere Il-20 deasupra M\u0103rii Baltice, la aproximativ 30 de kilometri de coasta Poloniei, relateaz\u0103 TVP World. Aeronava se afla \u00een apele interna\u021bionale, la aproximativ 30 de kilometri nord de \u0141eba, \u0219i nu a intrat \u00een spa\u021biul aerian al Poloniei. Potrivit ministrului polonez al Ap\u0103r\u0103rii, W\u0142adys\u0142aw [&hellip;]\" \/>\n<meta property=\"og:url\" content=\"https:\/\/totul.md\/ro\/news\/polonia-a-interceptat-un-avion-rusesc-de-recunoastere-il-20-in-apropierea-coastei-sale\/\" \/>\n<meta property=\"og:site_name\" content=\"Totul\" \/>\n<meta property=\"article:published_time\" content=\"2026-08-31T17:00:20+00:00\" \/>\n<meta property=\"article:modified_time\" content=\"2026-08-31T17:04:54+00:00\" \/>\n<meta property=\"og:image\" content=\"https:\/\/totul.md\/wp-content\/uploads\/2026\/08\/unnamed-13.jpg\" \/>\n\t<meta property=\"og:image:width\" content=\"1023\" \/>\n\t<meta property=\"og:image:height\" content=\"575\" \/>\n\t<meta property=\"og:image:type\" content=\"image\/jpeg\" \/>\n<meta name=\"author\" content=\"TOTUL\" \/>\n<meta name=\"twitter:card\" content=\"summary_large_image\" \/>\n<meta name=\"twitter:label1\" content=\"Scris de\" \/>\n\t<meta name=\"twitter:data1\" content=\"TOTUL\" \/>\n\t<meta name=\"twitter:label2\" content=\"Timp estimat pentru citire\" \/>\n\t<meta name=\"twitter:data2\" content=\"1 minut\" \/>\n<script type=\"application\/ld+json\" class=\"yoast-schema-graph\">{\"@context\":\"https:\\\/\\\/schema.org\",\"@graph\":[{\"@type\":\"Article\",\"@id\":\"https:\\\/\\\/totul.md\\\/ro\\\/news\\\/polonia-a-interceptat-un-avion-rusesc-de-recunoastere-il-20-in-apropierea-coastei-sale\\\/#article\",\"isPartOf\":{\"@id\":\"https:\\\/\\\/totul.md\\\/ro\\\/news\\\/polonia-a-interceptat-un-avion-rusesc-de-recunoastere-il-20-in-apropierea-coastei-sale\\\/\"},\"author\":{\"name\":\"TOTUL\",\"@id\":\"https:\\\/\\\/totul.md\\\/#\\\/schema\\\/person\\\/93f2fffe0c74089acf5f74fb041a330b\"},\"headline\":\"Polonia a interceptat un avion rusesc de recunoa\u0219tere Il-20 \u00een apropierea coastei sale\",\"datePublished\":\"2026-08-31T17:00:20+00:00\",\"dateModified\":\"2026-08-31T17:04:54+00:00\",\"mainEntityOfPage\":{\"@id\":\"https:\\\/\\\/totul.md\\\/ro\\\/news\\\/polonia-a-interceptat-un-avion-rusesc-de-recunoastere-il-20-in-apropierea-coastei-sale\\\/\"},\"wordCount\":169,\"image\":{\"@id\":\"https:\\\/\\\/totul.md\\\/ro\\\/news\\\/polonia-a-interceptat-un-avion-rusesc-de-recunoastere-il-20-in-apropierea-coastei-sale\\\/#primaryimage\"},\"thumbnailUrl\":\"https:\\\/\\\/totul.md\\\/wp-content\\\/uploads\\\/2026\\\/08\\\/unnamed-13.jpg\",\"articleSection\":[\"\u0218tiri\"],\"inLanguage\":\"ro-RO\"},{\"@type\":\"WebPage\",\"@id\":\"https:\\\/\\\/totul.md\\\/ro\\\/news\\\/polonia-a-interceptat-un-avion-rusesc-de-recunoastere-il-20-in-apropierea-coastei-sale\\\/\",\"url\":\"https:\\\/\\\/totul.md\\\/ro\\\/news\\\/polonia-a-interceptat-un-avion-rusesc-de-recunoastere-il-20-in-apropierea-coastei-sale\\\/\",\"name\":\"Polonia a interceptat un avion rusesc de recunoa\u0219tere Il-20 \u00een apropierea coastei sale\",\"isPartOf\":{\"@id\":\"https:\\\/\\\/totul.md\\\/#website\"},\"primaryImageOfPage\":{\"@id\":\"https:\\\/\\\/totul.md\\\/ro\\\/news\\\/polonia-a-interceptat-un-avion-rusesc-de-recunoastere-il-20-in-apropierea-coastei-sale\\\/#primaryimage\"},\"image\":{\"@id\":\"https:\\\/\\\/totul.md\\\/ro\\\/news\\\/polonia-a-interceptat-un-avion-rusesc-de-recunoastere-il-20-in-apropierea-coastei-sale\\\/#primaryimage\"},\"thumbnailUrl\":\"https:\\\/\\\/totul.md\\\/wp-content\\\/uploads\\\/2026\\\/08\\\/unnamed-13.jpg\",\"datePublished\":\"2026-08-31T17:00:20+00:00\",\"dateModified\":\"2026-08-31T17:04:54+00:00\",\"author\":{\"@id\":\"https:\\\/\\\/totul.md\\\/#\\\/schema\\\/person\\\/93f2fffe0c74089acf5f74fb041a330b\"},\"breadcrumb\":{\"@id\":\"https:\\\/\\\/totul.md\\\/ro\\\/news\\\/polonia-a-interceptat-un-avion-rusesc-de-recunoastere-il-20-in-apropierea-coastei-sale\\\/#breadcrumb\"},\"inLanguage\":\"ro-RO\",\"potentialAction\":[{\"@type\":\"ReadAction\",\"target\":[\"https:\\\/\\\/totul.md\\\/ro\\\/news\\\/polonia-a-interceptat-un-avion-rusesc-de-recunoastere-il-20-in-apropierea-coastei-sale\\\/\"]}]},{\"@type\":\"ImageObject\",\"inLanguage\":\"ro-RO\",\"@id\":\"https:\\\/\\\/totul.md\\\/ro\\\/news\\\/polonia-a-interceptat-un-avion-rusesc-de-recunoastere-il-20-in-apropierea-coastei-sale\\\/#primaryimage\",\"url\":\"https:\\\/\\\/totul.md\\\/wp-content\\\/uploads\\\/2026\\\/08\\\/unnamed-13.jpg\",\"contentUrl\":\"https:\\\/\\\/totul.md\\\/wp-content\\\/uploads\\\/2026\\\/08\\\/unnamed-13.jpg\",\"width\":1023,\"height\":575},{\"@type\":\"BreadcrumbList\",\"@id\":\"https:\\\/\\\/totul.md\\\/ro\\\/news\\\/polonia-a-interceptat-un-avion-rusesc-de-recunoastere-il-20-in-apropierea-coastei-sale\\\/#breadcrumb\",\"itemListElement\":[{\"@type\":\"ListItem\",\"position\":1,\"name\":\"\u0413\u043b\u0430\u0432\u043d\u0430\u044f \u0441\u0442\u0440\u0430\u043d\u0438\u0446\u0430\",\"item\":\"https:\\\/\\\/totul.md\\\/ro\\\/acasa\\\/\"},{\"@type\":\"ListItem\",\"position\":2,\"name\":\"Polonia a interceptat un avion rusesc de recunoa\u0219tere Il-20 \u00een apropierea coastei sale\"}]},{\"@type\":\"WebSite\",\"@id\":\"https:\\\/\\\/totul.md\\\/#website\",\"url\":\"https:\\\/\\\/totul.md\\\/\",\"name\":\"TOTUL.md\",\"description\":\"\",\"potentialAction\":[{\"@type\":\"SearchAction\",\"target\":{\"@type\":\"EntryPoint\",\"urlTemplate\":\"https:\\\/\\\/totul.md\\\/?s={search_term_string}\"},\"query-input\":{\"@type\":\"PropertyValueSpecification\",\"valueRequired\":true,\"valueName\":\"search_term_string\"}}],\"inLanguage\":\"ro-RO\"},{\"@type\":\"Person\",\"@id\":\"https:\\\/\\\/totul.md\\\/#\\\/schema\\\/person\\\/93f2fffe0c74089acf5f74fb041a330b\",\"name\":\"TOTUL\",\"image\":{\"@type\":\"ImageObject\",\"inLanguage\":\"ro-RO\",\"@id\":\"https:\\\/\\\/secure.gravatar.com\\\/avatar\\\/5e87996a50ae2ab46b00fceeeaf96f4ea6936f57c0b849f1d668bd140d0141d9?s=96&d=mm&r=g\",\"url\":\"https:\\\/\\\/secure.gravatar.com\\\/avatar\\\/5e87996a50ae2ab46b00fceeeaf96f4ea6936f57c0b849f1d668bd140d0141d9?s=96&d=mm&r=g\",\"contentUrl\":\"https:\\\/\\\/secure.gravatar.com\\\/avatar\\\/5e87996a50ae2ab46b00fceeeaf96f4ea6936f57c0b849f1d668bd140d0141d9?s=96&d=mm&r=g\",\"caption\":\"TOTUL\"},\"url\":\"https:\\\/\\\/totul.md\\\/ro\\\/author\\\/anna-perjan\\\/\"}]}<\/script>\n<!-- \/ Yoast SEO plugin. -->","yoast_head_json":{"title":"Polonia a interceptat un avion rusesc de recunoa\u0219tere Il-20 \u00een apropierea coastei sale","robots":{"index":"index","follow":"follow","max-snippet":"max-snippet:-1","max-image-preview":"max-image-preview:large","max-video-preview":"max-video-preview:-1"},"canonical":"https:\/\/totul.md\/ro\/news\/polonia-a-interceptat-un-avion-rusesc-de-recunoastere-il-20-in-apropierea-coastei-sale\/","og_locale":"ro_RO","og_type":"article","og_title":"Polonia a interceptat un avion rusesc de recunoa\u0219tere Il-20 \u00een apropierea coastei sale","og_description":"Avioane de lupt\u0103 poloneze au interceptat un avion rusesc de recunoa\u0219tere Il-20 deasupra M\u0103rii Baltice, la aproximativ 30 de kilometri de coasta Poloniei, relateaz\u0103 TVP World. Aeronava se afla \u00een apele interna\u021bionale, la aproximativ 30 de kilometri nord de \u0141eba, \u0219i nu a intrat \u00een spa\u021biul aerian al Poloniei. Potrivit ministrului polonez al Ap\u0103r\u0103rii, W\u0142adys\u0142aw [&hellip;]","og_url":"https:\/\/totul.md\/ro\/news\/polonia-a-interceptat-un-avion-rusesc-de-recunoastere-il-20-in-apropierea-coastei-sale\/","og_site_name":"Totul","article_published_time":"2026-08-31T17:00:20+00:00","article_modified_time":"2026-08-31T17:04:54+00:00","og_image":[{"width":1023,"height":575,"url":"https:\/\/totul.md\/wp-content\/uploads\/2026\/08\/unnamed-13.jpg","type":"image\/jpeg"}],"author":"TOTUL","twitter_card":"summary_large_image","twitter_misc":{"Scris de":"TOTUL","Timp estimat pentru citire":"1 minut"},"schema":{"@context":"https:\/\/schema.org","@graph":[{"@type":"Article","@id":"https:\/\/totul.md\/ro\/news\/polonia-a-interceptat-un-avion-rusesc-de-recunoastere-il-20-in-apropierea-coastei-sale\/#article","isPartOf":{"@id":"https:\/\/totul.md\/ro\/news\/polonia-a-interceptat-un-avion-rusesc-de-recunoastere-il-20-in-apropierea-coastei-sale\/"},"author":{"name":"TOTUL","@id":"https:\/\/totul.md\/#\/schema\/person\/93f2fffe0c74089acf5f74fb041a330b"},"headline":"Polonia a interceptat un avion rusesc de recunoa\u0219tere Il-20 \u00een apropierea coastei sale","datePublished":"2026-08-31T17:00:20+00:00","dateModified":"2026-08-31T17:04:54+00:00","mainEntityOfPage":{"@id":"https:\/\/totul.md\/ro\/news\/polonia-a-interceptat-un-avion-rusesc-de-recunoastere-il-20-in-apropierea-coastei-sale\/"},"wordCount":169,"image":{"@id":"https:\/\/totul.md\/ro\/news\/polonia-a-interceptat-un-avion-rusesc-de-recunoastere-il-20-in-apropierea-coastei-sale\/#primaryimage"},"thumbnailUrl":"https:\/\/totul.md\/wp-content\/uploads\/2026\/08\/unnamed-13.jpg","articleSection":["\u0218tiri"],"inLanguage":"ro-RO"},{"@type":"WebPage","@id":"https:\/\/totul.md\/ro\/news\/polonia-a-interceptat-un-avion-rusesc-de-recunoastere-il-20-in-apropierea-coastei-sale\/","url":"https:\/\/totul.md\/ro\/news\/polonia-a-interceptat-un-avion-rusesc-de-recunoastere-il-20-in-apropierea-coastei-sale\/","name":"Polonia a interceptat un avion rusesc de recunoa\u0219tere Il-20 \u00een apropierea coastei sale","isPartOf":{"@id":"https:\/\/totul.md\/#website"},"primaryImageOfPage":{"@id":"https:\/\/totul.md\/ro\/news\/polonia-a-interceptat-un-avion-rusesc-de-recunoastere-il-20-in-apropierea-coastei-sale\/#primaryimage"},"image":{"@id":"https:\/\/totul.md\/ro\/news\/polonia-a-interceptat-un-avion-rusesc-de-recunoastere-il-20-in-apropierea-coastei-sale\/#primaryimage"},"thumbnailUrl":"https:\/\/totul.md\/wp-content\/uploads\/2026\/08\/unnamed-13.jpg","datePublished":"2026-08-31T17:00:20+00:00","dateModified":"2026-08-31T17:04:54+00:00","author":{"@id":"https:\/\/totul.md\/#\/schema\/person\/93f2fffe0c74089acf5f74fb041a330b"},"breadcrumb":{"@id":"https:\/\/totul.md\/ro\/news\/polonia-a-interceptat-un-avion-rusesc-de-recunoastere-il-20-in-apropierea-coastei-sale\/#breadcrumb"},"inLanguage":"ro-RO","potentialAction":[{"@type":"ReadAction","target":["https:\/\/totul.md\/ro\/news\/polonia-a-interceptat-un-avion-rusesc-de-recunoastere-il-20-in-apropierea-coastei-sale\/"]}]},{"@type":"ImageObject","inLanguage":"ro-RO","@id":"https:\/\/totul.md\/ro\/news\/polonia-a-interceptat-un-avion-rusesc-de-recunoastere-il-20-in-apropierea-coastei-sale\/#primaryimage","url":"https:\/\/totul.md\/wp-content\/uploads\/2026\/08\/unnamed-13.jpg","contentUrl":"https:\/\/totul.md\/wp-content\/uploads\/2026\/08\/unnamed-13.jpg","width":1023,"height":575},{"@type":"BreadcrumbList","@id":"https:\/\/totul.md\/ro\/news\/polonia-a-interceptat-un-avion-rusesc-de-recunoastere-il-20-in-apropierea-coastei-sale\/#breadcrumb","itemListElement":[{"@type":"ListItem","position":1,"name":"\u0413\u043b\u0430\u0432\u043d\u0430\u044f \u0441\u0442\u0440\u0430\u043d\u0438\u0446\u0430","item":"https:\/\/totul.md\/ro\/acasa\/"},{"@type":"ListItem","position":2,"name":"Polonia a interceptat un avion rusesc de recunoa\u0219tere Il-20 \u00een apropierea coastei sale"}]},{"@type":"WebSite","@id":"https:\/\/totul.md\/#website","url":"https:\/\/totul.md\/","name":"TOTUL.md","description":"","potentialAction":[{"@type":"SearchAction","target":{"@type":"EntryPoint","urlTemplate":"https:\/\/totul.md\/?s={search_term_string}"},"query-input":{"@type":"PropertyValueSpecification","valueRequired":true,"valueName":"search_term_string"}}],"inLanguage":"ro-RO"},{"@type":"Person","@id":"https:\/\/totul.md\/#\/schema\/person\/93f2fffe0c74089acf5f74fb041a330b","name":"TOTUL","image":{"@type":"ImageObject","inLanguage":"ro-RO","@id":"https:\/\/secure.gravatar.com\/avatar\/5e87996a50ae2ab46b00fceeeaf96f4ea6936f57c0b849f1d668bd140d0141d9?s=96&d=mm&r=g","url":"https:\/\/secure.gravatar.com\/avatar\/5e87996a50ae2ab46b00fceeeaf96f4ea6936f57c0b849f1d668bd140d0141d9?s=96&d=mm&r=g","contentUrl":"https:\/\/secure.gravatar.com\/avatar\/5e87996a50ae2ab46b00fceeeaf96f4ea6936f57c0b849f1d668bd140d0141d9?s=96&d=mm&r=g","caption":"TOTUL"},"url":"https:\/\/totul.md\/ro\/author\/anna-perjan\/"}]}},"_links":{"self":[{"href":"https:\/\/totul.md\/ro\/wp-json\/wp\/v2\/posts\/54348","targetHints":{"allow":["GET"]}}],"collection":[{"href":"https:\/\/totul.md\/ro\/wp-json\/wp\/v2\/posts"}],"about":[{"href":"https:\/\/totul.md\/ro\/wp-json\/wp\/v2\/types\/post"}],"author":[{"embeddable":true,"href":"https:\/\/totul.md\/ro\/wp-json\/wp\/v2\/users\/78"}],"replies":[{"embeddable":true,"href":"https:\/\/totul.md\/ro\/wp-json\/wp\/v2\/comments?post=54348"}],"version-history":[{"count":1,"href":"https:\/\/totul.md\/ro\/wp-json\/wp\/v2\/posts\/54348\/revisions"}],"predecessor-version":[{"id":54349,"href":"https:\/\/totul.md\/ro\/wp-json\/wp\/v2\/posts\/54348\/revisions\/54349"}],"wp:featuredmedia":[{"embeddable":true,"href":"https:\/\/totul.md\/ro\/wp-json\/wp\/v2\/media\/54351"}],"wp:attachment":[{"href":"https:\/\/totul.md\/ro\/wp-json\/wp\/v2\/media?parent=54348"}],"wp:term":[{"taxonomy":"category","embeddable":true,"href":"https:\/\/totul.md\/ro\/wp-json\/wp\/v2\/categories?post=54348"},{"taxonomy":"post_tag","embeddable":true,"href":"https:\/\/totul.md\/ro\/wp-json\/wp\/v2\/tags?post=54348"}],"curies":[{"name":"wp","href":"https:\/\/api.w.org\/{rel}","templated":true}]}}