{"id":54376,"date":"2026-09-01T12:35:41","date_gmt":"2026-09-01T12:35:41","guid":{"rendered":"https:\/\/totul.md\/?p=54376"},"modified":"2026-09-01T12:41:39","modified_gmt":"2026-09-01T12:41:39","slug":"secretarul-armatei-sua","status":"publish","type":"post","link":"https:\/\/totul.md\/ro\/news\/secretarul-armatei-sua\/","title":{"rendered":"Secretarul Armatei SUA, Dan Driscoll, \u0219i-a dat demisia pe fondul divergen\u021belor cu \u0219eful Pentagonului"},"content":{"rendered":"<p>Secretarul Armatei SUA, Dan Driscoll, \u0219i-a prezentat demisia la Casa Alb\u0103, dup\u0103 c\u00e2teva luni de tensiuni \u00een rela\u021biile cu secretarul Ap\u0103r\u0103rii, Pete Hegseth.<\/p>\n<p>Potrivit sursei, Driscoll \u0219i-a exprimat \u00eengrijorarea cu privire la eforturile administra\u021biei de a transforma armata \u0219i de a-i spori gradul de preg\u0103tire pentru lupt\u0103. \u00cen special, acesta considera c\u0103 Hegseth a \u00eempiedicat aceste ini\u021biative, inclusiv prin demiterea unor oficiali militari de rang \u00eenalt responsabili de implementarea lor.<\/p>\n<p>Potrivit unor informa\u021bii, Hegseth dorea de mai mult timp s\u0103-l \u00eenl\u0103ture pe Driscoll, pe care \u00eel considera o amenin\u021bare \u00een interiorul aparatului birocratic.<\/p>\n<p>Driscoll, confirmat \u00een func\u021bia de secretar al Armatei \u00een februarie 2025, a devenit cunoscut nu doar prin activitatea sa la Pentagon. Pre\u0219edintele Donald Trump l-a implicat \u00een negocierile dintre Moscova \u0219i Kiev, menite s\u0103 pun\u0103 cap\u0103t r\u0103zboiului din Ucraina.<\/p>\n<p>Demisia sa reprezint\u0103 o nou\u0103 schimbare important\u0103 \u00een conducerea Pentagonului \u00een perioada mandatului lui Hegseth. Casa Alb\u0103 nu a confirmat deocamdat\u0103 dac\u0103 demisia lui Driscoll a fost acceptat\u0103.<\/p>\n<p><strong>Sursa:<\/strong><a href=\"https:\/\/www.reuters.com\/world\/us-army-secretary-driscoll-resigns-wsj-reports-2026-08-31\/\" target=\"_blank\" rel=\"nofollow\"> Reuters<\/a><\/p>\n","protected":false},"excerpt":{"rendered":"<p>Secretarul Armatei SUA, Dan Driscoll, \u0219i-a prezentat demisia la Casa Alb\u0103, dup\u0103 c\u00e2teva luni de tensiuni \u00een rela\u021biile cu secretarul Ap\u0103r\u0103rii, Pete Hegseth. Potrivit sursei, Driscoll \u0219i-a exprimat \u00eengrijorarea cu privire la eforturile administra\u021biei de a transforma armata \u0219i de a-i spori gradul de preg\u0103tire pentru lupt\u0103. \u00cen special, acesta considera c\u0103 Hegseth a \u00eempiedicat [&hellip;]<\/p>\n","protected":false},"author":78,"featured_media":54374,"comment_status":"closed","ping_status":"closed","sticky":false,"template":"","format":"standard","meta":{"footnotes":""},"categories":[218],"tags":[],"class_list":["post-54376","post","type-post","status-publish","format-standard","has-post-thumbnail","category-news"],"yoast_head":"<!-- This site is optimized with the Yoast SEO plugin v28.3 - https:\/\/yoast.com\/product\/yoast-seo-wordpress\/ -->\n<title>Secretarul Armatei SUA, Dan Driscoll, \u0219i-a dat demisia pe fondul divergen\u021belor cu \u0219eful Pentagonului<\/title>\n<meta name=\"robots\" content=\"index, follow, max-snippet:-1, max-image-preview:large, max-video-preview:-1\" \/>\n<link rel=\"canonical\" href=\"https:\/\/totul.md\/ro\/news\/secretarul-armatei-sua\/\" \/>\n<meta property=\"og:locale\" content=\"ro_RO\" \/>\n<meta property=\"og:type\" content=\"article\" \/>\n<meta property=\"og:title\" content=\"Secretarul Armatei SUA, Dan Driscoll, \u0219i-a dat demisia pe fondul divergen\u021belor cu \u0219eful Pentagonului\" \/>\n<meta property=\"og:description\" content=\"Secretarul Armatei SUA, Dan Driscoll, \u0219i-a prezentat demisia la Casa Alb\u0103, dup\u0103 c\u00e2teva luni de tensiuni \u00een rela\u021biile cu secretarul Ap\u0103r\u0103rii, Pete Hegseth. Potrivit sursei, Driscoll \u0219i-a exprimat \u00eengrijorarea cu privire la eforturile administra\u021biei de a transforma armata \u0219i de a-i spori gradul de preg\u0103tire pentru lupt\u0103. \u00cen special, acesta considera c\u0103 Hegseth a \u00eempiedicat [&hellip;]\" \/>\n<meta property=\"og:url\" content=\"https:\/\/totul.md\/ro\/news\/secretarul-armatei-sua\/\" \/>\n<meta property=\"og:site_name\" content=\"Totul\" \/>\n<meta property=\"article:published_time\" content=\"2026-09-01T12:35:41+00:00\" \/>\n<meta property=\"article:modified_time\" content=\"2026-09-01T12:41:39+00:00\" \/>\n<meta property=\"og:image\" content=\"https:\/\/totul.md\/wp-content\/uploads\/2026\/09\/d75094.jpg.jpg\" \/>\n\t<meta property=\"og:image:width\" content=\"976\" \/>\n\t<meta property=\"og:image:height\" content=\"549\" \/>\n\t<meta property=\"og:image:type\" content=\"image\/jpeg\" \/>\n<meta name=\"author\" content=\"TOTUL\" \/>\n<meta name=\"twitter:card\" content=\"summary_large_image\" \/>\n<meta name=\"twitter:label1\" content=\"Scris de\" \/>\n\t<meta name=\"twitter:data1\" content=\"TOTUL\" \/>\n\t<meta name=\"twitter:label2\" content=\"Timp estimat pentru citire\" \/>\n\t<meta name=\"twitter:data2\" content=\"2 minute\" \/>\n<script type=\"application\/ld+json\" class=\"yoast-schema-graph\">{\"@context\":\"https:\\\/\\\/schema.org\",\"@graph\":[{\"@type\":\"Article\",\"@id\":\"https:\\\/\\\/totul.md\\\/ro\\\/news\\\/secretarul-armatei-sua\\\/#article\",\"isPartOf\":{\"@id\":\"https:\\\/\\\/totul.md\\\/ro\\\/news\\\/secretarul-armatei-sua\\\/\"},\"author\":{\"name\":\"TOTUL\",\"@id\":\"https:\\\/\\\/totul.md\\\/#\\\/schema\\\/person\\\/93f2fffe0c74089acf5f74fb041a330b\"},\"headline\":\"Secretarul Armatei SUA, Dan Driscoll, \u0219i-a dat demisia pe fondul divergen\u021belor cu \u0219eful Pentagonului\",\"datePublished\":\"2026-09-01T12:35:41+00:00\",\"dateModified\":\"2026-09-01T12:41:39+00:00\",\"mainEntityOfPage\":{\"@id\":\"https:\\\/\\\/totul.md\\\/ro\\\/news\\\/secretarul-armatei-sua\\\/\"},\"wordCount\":191,\"image\":{\"@id\":\"https:\\\/\\\/totul.md\\\/ro\\\/news\\\/secretarul-armatei-sua\\\/#primaryimage\"},\"thumbnailUrl\":\"https:\\\/\\\/totul.md\\\/wp-content\\\/uploads\\\/2026\\\/09\\\/d75094.jpg.jpg\",\"articleSection\":[\"\u0218tiri\"],\"inLanguage\":\"ro-RO\"},{\"@type\":\"WebPage\",\"@id\":\"https:\\\/\\\/totul.md\\\/ro\\\/news\\\/secretarul-armatei-sua\\\/\",\"url\":\"https:\\\/\\\/totul.md\\\/ro\\\/news\\\/secretarul-armatei-sua\\\/\",\"name\":\"Secretarul Armatei SUA, Dan Driscoll, \u0219i-a dat demisia pe fondul divergen\u021belor cu \u0219eful Pentagonului\",\"isPartOf\":{\"@id\":\"https:\\\/\\\/totul.md\\\/#website\"},\"primaryImageOfPage\":{\"@id\":\"https:\\\/\\\/totul.md\\\/ro\\\/news\\\/secretarul-armatei-sua\\\/#primaryimage\"},\"image\":{\"@id\":\"https:\\\/\\\/totul.md\\\/ro\\\/news\\\/secretarul-armatei-sua\\\/#primaryimage\"},\"thumbnailUrl\":\"https:\\\/\\\/totul.md\\\/wp-content\\\/uploads\\\/2026\\\/09\\\/d75094.jpg.jpg\",\"datePublished\":\"2026-09-01T12:35:41+00:00\",\"dateModified\":\"2026-09-01T12:41:39+00:00\",\"author\":{\"@id\":\"https:\\\/\\\/totul.md\\\/#\\\/schema\\\/person\\\/93f2fffe0c74089acf5f74fb041a330b\"},\"breadcrumb\":{\"@id\":\"https:\\\/\\\/totul.md\\\/ro\\\/news\\\/secretarul-armatei-sua\\\/#breadcrumb\"},\"inLanguage\":\"ro-RO\",\"potentialAction\":[{\"@type\":\"ReadAction\",\"target\":[\"https:\\\/\\\/totul.md\\\/ro\\\/news\\\/secretarul-armatei-sua\\\/\"]}]},{\"@type\":\"ImageObject\",\"inLanguage\":\"ro-RO\",\"@id\":\"https:\\\/\\\/totul.md\\\/ro\\\/news\\\/secretarul-armatei-sua\\\/#primaryimage\",\"url\":\"https:\\\/\\\/totul.md\\\/wp-content\\\/uploads\\\/2026\\\/09\\\/d75094.jpg.jpg\",\"contentUrl\":\"https:\\\/\\\/totul.md\\\/wp-content\\\/uploads\\\/2026\\\/09\\\/d75094.jpg.jpg\",\"width\":976,\"height\":549},{\"@type\":\"BreadcrumbList\",\"@id\":\"https:\\\/\\\/totul.md\\\/ro\\\/news\\\/secretarul-armatei-sua\\\/#breadcrumb\",\"itemListElement\":[{\"@type\":\"ListItem\",\"position\":1,\"name\":\"\u0413\u043b\u0430\u0432\u043d\u0430\u044f \u0441\u0442\u0440\u0430\u043d\u0438\u0446\u0430\",\"item\":\"https:\\\/\\\/totul.md\\\/ro\\\/acasa\\\/\"},{\"@type\":\"ListItem\",\"position\":2,\"name\":\"Secretarul Armatei SUA, Dan Driscoll, \u0219i-a dat demisia pe fondul divergen\u021belor cu \u0219eful Pentagonului\"}]},{\"@type\":\"WebSite\",\"@id\":\"https:\\\/\\\/totul.md\\\/#website\",\"url\":\"https:\\\/\\\/totul.md\\\/\",\"name\":\"TOTUL.md\",\"description\":\"\",\"potentialAction\":[{\"@type\":\"SearchAction\",\"target\":{\"@type\":\"EntryPoint\",\"urlTemplate\":\"https:\\\/\\\/totul.md\\\/?s={search_term_string}\"},\"query-input\":{\"@type\":\"PropertyValueSpecification\",\"valueRequired\":true,\"valueName\":\"search_term_string\"}}],\"inLanguage\":\"ro-RO\"},{\"@type\":\"Person\",\"@id\":\"https:\\\/\\\/totul.md\\\/#\\\/schema\\\/person\\\/93f2fffe0c74089acf5f74fb041a330b\",\"name\":\"TOTUL\",\"image\":{\"@type\":\"ImageObject\",\"inLanguage\":\"ro-RO\",\"@id\":\"https:\\\/\\\/secure.gravatar.com\\\/avatar\\\/5e87996a50ae2ab46b00fceeeaf96f4ea6936f57c0b849f1d668bd140d0141d9?s=96&d=mm&r=g\",\"url\":\"https:\\\/\\\/secure.gravatar.com\\\/avatar\\\/5e87996a50ae2ab46b00fceeeaf96f4ea6936f57c0b849f1d668bd140d0141d9?s=96&d=mm&r=g\",\"contentUrl\":\"https:\\\/\\\/secure.gravatar.com\\\/avatar\\\/5e87996a50ae2ab46b00fceeeaf96f4ea6936f57c0b849f1d668bd140d0141d9?s=96&d=mm&r=g\",\"caption\":\"TOTUL\"},\"url\":\"https:\\\/\\\/totul.md\\\/ro\\\/author\\\/anna-perjan\\\/\"}]}<\/script>\n<!-- \/ Yoast SEO plugin. -->","yoast_head_json":{"title":"Secretarul Armatei SUA, Dan Driscoll, \u0219i-a dat demisia pe fondul divergen\u021belor cu \u0219eful Pentagonului","robots":{"index":"index","follow":"follow","max-snippet":"max-snippet:-1","max-image-preview":"max-image-preview:large","max-video-preview":"max-video-preview:-1"},"canonical":"https:\/\/totul.md\/ro\/news\/secretarul-armatei-sua\/","og_locale":"ro_RO","og_type":"article","og_title":"Secretarul Armatei SUA, Dan Driscoll, \u0219i-a dat demisia pe fondul divergen\u021belor cu \u0219eful Pentagonului","og_description":"Secretarul Armatei SUA, Dan Driscoll, \u0219i-a prezentat demisia la Casa Alb\u0103, dup\u0103 c\u00e2teva luni de tensiuni \u00een rela\u021biile cu secretarul Ap\u0103r\u0103rii, Pete Hegseth. Potrivit sursei, Driscoll \u0219i-a exprimat \u00eengrijorarea cu privire la eforturile administra\u021biei de a transforma armata \u0219i de a-i spori gradul de preg\u0103tire pentru lupt\u0103. \u00cen special, acesta considera c\u0103 Hegseth a \u00eempiedicat [&hellip;]","og_url":"https:\/\/totul.md\/ro\/news\/secretarul-armatei-sua\/","og_site_name":"Totul","article_published_time":"2026-09-01T12:35:41+00:00","article_modified_time":"2026-09-01T12:41:39+00:00","og_image":[{"width":976,"height":549,"url":"https:\/\/totul.md\/wp-content\/uploads\/2026\/09\/d75094.jpg.jpg","type":"image\/jpeg"}],"author":"TOTUL","twitter_card":"summary_large_image","twitter_misc":{"Scris de":"TOTUL","Timp estimat pentru citire":"2 minute"},"schema":{"@context":"https:\/\/schema.org","@graph":[{"@type":"Article","@id":"https:\/\/totul.md\/ro\/news\/secretarul-armatei-sua\/#article","isPartOf":{"@id":"https:\/\/totul.md\/ro\/news\/secretarul-armatei-sua\/"},"author":{"name":"TOTUL","@id":"https:\/\/totul.md\/#\/schema\/person\/93f2fffe0c74089acf5f74fb041a330b"},"headline":"Secretarul Armatei SUA, Dan Driscoll, \u0219i-a dat demisia pe fondul divergen\u021belor cu \u0219eful Pentagonului","datePublished":"2026-09-01T12:35:41+00:00","dateModified":"2026-09-01T12:41:39+00:00","mainEntityOfPage":{"@id":"https:\/\/totul.md\/ro\/news\/secretarul-armatei-sua\/"},"wordCount":191,"image":{"@id":"https:\/\/totul.md\/ro\/news\/secretarul-armatei-sua\/#primaryimage"},"thumbnailUrl":"https:\/\/totul.md\/wp-content\/uploads\/2026\/09\/d75094.jpg.jpg","articleSection":["\u0218tiri"],"inLanguage":"ro-RO"},{"@type":"WebPage","@id":"https:\/\/totul.md\/ro\/news\/secretarul-armatei-sua\/","url":"https:\/\/totul.md\/ro\/news\/secretarul-armatei-sua\/","name":"Secretarul Armatei SUA, Dan Driscoll, \u0219i-a dat demisia pe fondul divergen\u021belor cu \u0219eful Pentagonului","isPartOf":{"@id":"https:\/\/totul.md\/#website"},"primaryImageOfPage":{"@id":"https:\/\/totul.md\/ro\/news\/secretarul-armatei-sua\/#primaryimage"},"image":{"@id":"https:\/\/totul.md\/ro\/news\/secretarul-armatei-sua\/#primaryimage"},"thumbnailUrl":"https:\/\/totul.md\/wp-content\/uploads\/2026\/09\/d75094.jpg.jpg","datePublished":"2026-09-01T12:35:41+00:00","dateModified":"2026-09-01T12:41:39+00:00","author":{"@id":"https:\/\/totul.md\/#\/schema\/person\/93f2fffe0c74089acf5f74fb041a330b"},"breadcrumb":{"@id":"https:\/\/totul.md\/ro\/news\/secretarul-armatei-sua\/#breadcrumb"},"inLanguage":"ro-RO","potentialAction":[{"@type":"ReadAction","target":["https:\/\/totul.md\/ro\/news\/secretarul-armatei-sua\/"]}]},{"@type":"ImageObject","inLanguage":"ro-RO","@id":"https:\/\/totul.md\/ro\/news\/secretarul-armatei-sua\/#primaryimage","url":"https:\/\/totul.md\/wp-content\/uploads\/2026\/09\/d75094.jpg.jpg","contentUrl":"https:\/\/totul.md\/wp-content\/uploads\/2026\/09\/d75094.jpg.jpg","width":976,"height":549},{"@type":"BreadcrumbList","@id":"https:\/\/totul.md\/ro\/news\/secretarul-armatei-sua\/#breadcrumb","itemListElement":[{"@type":"ListItem","position":1,"name":"\u0413\u043b\u0430\u0432\u043d\u0430\u044f \u0441\u0442\u0440\u0430\u043d\u0438\u0446\u0430","item":"https:\/\/totul.md\/ro\/acasa\/"},{"@type":"ListItem","position":2,"name":"Secretarul Armatei SUA, Dan Driscoll, \u0219i-a dat demisia pe fondul divergen\u021belor cu \u0219eful Pentagonului"}]},{"@type":"WebSite","@id":"https:\/\/totul.md\/#website","url":"https:\/\/totul.md\/","name":"TOTUL.md","description":"","potentialAction":[{"@type":"SearchAction","target":{"@type":"EntryPoint","urlTemplate":"https:\/\/totul.md\/?s={search_term_string}"},"query-input":{"@type":"PropertyValueSpecification","valueRequired":true,"valueName":"search_term_string"}}],"inLanguage":"ro-RO"},{"@type":"Person","@id":"https:\/\/totul.md\/#\/schema\/person\/93f2fffe0c74089acf5f74fb041a330b","name":"TOTUL","image":{"@type":"ImageObject","inLanguage":"ro-RO","@id":"https:\/\/secure.gravatar.com\/avatar\/5e87996a50ae2ab46b00fceeeaf96f4ea6936f57c0b849f1d668bd140d0141d9?s=96&d=mm&r=g","url":"https:\/\/secure.gravatar.com\/avatar\/5e87996a50ae2ab46b00fceeeaf96f4ea6936f57c0b849f1d668bd140d0141d9?s=96&d=mm&r=g","contentUrl":"https:\/\/secure.gravatar.com\/avatar\/5e87996a50ae2ab46b00fceeeaf96f4ea6936f57c0b849f1d668bd140d0141d9?s=96&d=mm&r=g","caption":"TOTUL"},"url":"https:\/\/totul.md\/ro\/author\/anna-perjan\/"}]}},"_links":{"self":[{"href":"https:\/\/totul.md\/ro\/wp-json\/wp\/v2\/posts\/54376","targetHints":{"allow":["GET"]}}],"collection":[{"href":"https:\/\/totul.md\/ro\/wp-json\/wp\/v2\/posts"}],"about":[{"href":"https:\/\/totul.md\/ro\/wp-json\/wp\/v2\/types\/post"}],"author":[{"embeddable":true,"href":"https:\/\/totul.md\/ro\/wp-json\/wp\/v2\/users\/78"}],"replies":[{"embeddable":true,"href":"https:\/\/totul.md\/ro\/wp-json\/wp\/v2\/comments?post=54376"}],"version-history":[{"count":3,"href":"https:\/\/totul.md\/ro\/wp-json\/wp\/v2\/posts\/54376\/revisions"}],"predecessor-version":[{"id":54382,"href":"https:\/\/totul.md\/ro\/wp-json\/wp\/v2\/posts\/54376\/revisions\/54382"}],"wp:featuredmedia":[{"embeddable":true,"href":"https:\/\/totul.md\/ro\/wp-json\/wp\/v2\/media\/54374"}],"wp:attachment":[{"href":"https:\/\/totul.md\/ro\/wp-json\/wp\/v2\/media?parent=54376"}],"wp:term":[{"taxonomy":"category","embeddable":true,"href":"https:\/\/totul.md\/ro\/wp-json\/wp\/v2\/categories?post=54376"},{"taxonomy":"post_tag","embeddable":true,"href":"https:\/\/totul.md\/ro\/wp-json\/wp\/v2\/tags?post=54376"}],"curies":[{"name":"wp","href":"https:\/\/api.w.org\/{rel}","templated":true}]}}