{"id":54385,"date":"2026-09-02T07:51:39","date_gmt":"2026-09-02T07:51:39","guid":{"rendered":"https:\/\/totul.md\/?p=54385"},"modified":"2026-09-02T07:25:28","modified_gmt":"2026-09-02T07:25:28","slug":"scolile-din-moldova-vor-trece-la-un-nou-curriculum-din-2027-ce-se-va-schimba","status":"publish","type":"post","link":"https:\/\/totul.md\/ro\/news\/scolile-din-moldova-vor-trece-la-un-nou-curriculum-din-2027-ce-se-va-schimba\/","title":{"rendered":"\u0218colile din Moldova vor trece la un nou curriculum din 2027: ce se va schimba"},"content":{"rendered":"<p>Sistemul educa\u021bional din Republica Moldova se preg\u0103te\u0219te pentru schimb\u0103ri de amploare. \u00cencep\u00e2nd cu <strong>anul \u0219colar 2027\/2028,<\/strong> elevii din Republica Moldova vor studia dup\u0103 un nou curriculum na\u021bional \u0219i vor avea la dispozi\u021bie o nou\u0103 genera\u021bie de manuale. Ministerul Educa\u021biei inten\u021bioneaz\u0103 s\u0103 reduc\u0103 volumul de teorie \u0219i s\u0103 pun\u0103 accent <strong>pe competen\u021be practice, tehnologii \u0219i cuno\u0219tin\u021be aplicabile \u00een via\u021ba de zi cu zi.<\/strong><\/p>\n<p>Una dintre schimb\u0103rile importante vizeaz\u0103 <strong>informatica:<\/strong> disciplina urmeaz\u0103 s\u0103 fie introdus\u0103 \u00eenc\u0103 din clasa a V-a, pentru a asigura continuitatea \u00eenv\u0103\u021b\u0103rii de la ciclul primar p\u00e2n\u0103 la liceu, cu accent pe g\u00e2ndirea algoritmic\u0103 \u0219i programare.<\/p>\n<p>Se va schimba \u0219i con\u021binutul disciplinei <strong>Educa\u021bie tehnologic\u0103.<\/strong> Programa va include robotic\u0103, discipline inginere\u0219ti \u0219i lucrul cu echipamente moderne, inclusiv imprimante 3D \u0219i dispozitive de t\u0103iere cu laser. Pentru a sus\u021bine aceste schimb\u0103ri, \u0219colile vor fi dotate suplimentar, iar profesorii vor beneficia de instruire.<\/p>\n<h3><strong>Matematica \u2014 dup\u0103 modelul estonian<\/strong><\/h3>\n<p>Potrivit ministrului Educa\u021biei, Dan Perciun, \u00een cadrul emisiunii de la Moldova 1, curriculumul la matematic\u0103 va fi <strong>adaptat \u00een propor\u021bie de aproape 100% dup\u0103 modelul estonian<\/strong>. Din 2027, \u00een Moldova urmeaz\u0103 s\u0103 fie utilizate manuale estoniene traduse \u0219i adaptate la realit\u0103\u021bile \u021b\u0103rii. Unele teme complexe vor fi transferate \u00een clasele mai mari, pentru a \u021bine cont de v\u00e2rsta \u0219i nivelul de preg\u0103tire al elevilor.<\/p>\n<h3><strong>Mai mult\u0103 aten\u021bie istoriei secolului XX<\/strong><\/h3>\n<p>Noul curriculum la Istorie va acorda mai mult spa\u021biu studierii <strong>secolului XX \u0219i epocii contemporane<\/strong>. O aten\u021bie sporit\u0103 va fi acordat\u0103 foametei, deport\u0103rilor, represiunilor sovietice, mi\u0219c\u0103rii de rezisten\u021b\u0103 \u0219i r\u0103zboiului pentru independen\u021b\u0103.<\/p>\n<p>\u00cen paralel, ministerul preg\u0103te\u0219te noi manuale \u2014 mai atractive, mai clare \u0219i axate pe exerci\u021bii practice. Pentru mai multe discipline vor ap\u0103rea, dup\u0103 o perioad\u0103 \u00eendelungat\u0103, <strong>manuale color \u00een locul celor alb-negru.<\/strong><\/p>\n<p>Pentru elaborarea \u0219i tip\u0103rirea noilor manuale, \u00een <strong>2027 sunt prev\u0103zute aproximativ 150 de milioane de lei<\/strong>, iar o sum\u0103 similar\u0103 urmeaz\u0103 s\u0103 fie alocat\u0103 \u00een 2028. Autorit\u0103\u021bile \u00ee\u0219i propun ca noul an \u0219colar s\u0103 \u00eenceap\u0103 concomitent cu implementarea noului curriculum \u0219i introducerea noilor manuale.<\/p>\n","protected":false},"excerpt":{"rendered":"<p>Sistemul educa\u021bional din Republica Moldova se preg\u0103te\u0219te pentru schimb\u0103ri de amploare. \u00cencep\u00e2nd cu anul \u0219colar 2027\/2028, elevii din Republica Moldova vor studia dup\u0103 un nou curriculum na\u021bional \u0219i vor avea la dispozi\u021bie o nou\u0103 genera\u021bie de manuale. Ministerul Educa\u021biei inten\u021bioneaz\u0103 s\u0103 reduc\u0103 volumul de teorie \u0219i s\u0103 pun\u0103 accent pe competen\u021be practice, tehnologii \u0219i cuno\u0219tin\u021be [&hellip;]<\/p>\n","protected":false},"author":78,"featured_media":54388,"comment_status":"closed","ping_status":"closed","sticky":false,"template":"","format":"standard","meta":{"footnotes":""},"categories":[218],"tags":[],"class_list":["post-54385","post","type-post","status-publish","format-standard","has-post-thumbnail","category-news"],"yoast_head":"<!-- This site is optimized with the Yoast SEO plugin v28.3 - https:\/\/yoast.com\/product\/yoast-seo-wordpress\/ -->\n<title>\u0218colile din Moldova vor trece la un nou curriculum din 2027: ce se va schimba<\/title>\n<meta name=\"robots\" content=\"index, follow, max-snippet:-1, max-image-preview:large, max-video-preview:-1\" \/>\n<link rel=\"canonical\" href=\"https:\/\/totul.md\/ro\/news\/scolile-din-moldova-vor-trece-la-un-nou-curriculum-din-2027-ce-se-va-schimba\/\" \/>\n<meta property=\"og:locale\" content=\"ro_RO\" \/>\n<meta property=\"og:type\" content=\"article\" \/>\n<meta property=\"og:title\" content=\"\u0218colile din Moldova vor trece la un nou curriculum din 2027: ce se va schimba\" \/>\n<meta property=\"og:description\" content=\"Sistemul educa\u021bional din Republica Moldova se preg\u0103te\u0219te pentru schimb\u0103ri de amploare. \u00cencep\u00e2nd cu anul \u0219colar 2027\/2028, elevii din Republica Moldova vor studia dup\u0103 un nou curriculum na\u021bional \u0219i vor avea la dispozi\u021bie o nou\u0103 genera\u021bie de manuale. Ministerul Educa\u021biei inten\u021bioneaz\u0103 s\u0103 reduc\u0103 volumul de teorie \u0219i s\u0103 pun\u0103 accent pe competen\u021be practice, tehnologii \u0219i cuno\u0219tin\u021be [&hellip;]\" \/>\n<meta property=\"og:url\" content=\"https:\/\/totul.md\/ro\/news\/scolile-din-moldova-vor-trece-la-un-nou-curriculum-din-2027-ce-se-va-schimba\/\" \/>\n<meta property=\"og:site_name\" content=\"Totul\" \/>\n<meta property=\"article:published_time\" content=\"2026-09-02T07:51:39+00:00\" \/>\n<meta property=\"og:image\" content=\"https:\/\/totul.md\/wp-content\/uploads\/2026\/09\/Geyhjkdlyhj.jpeg\" \/>\n\t<meta property=\"og:image:width\" content=\"1456\" \/>\n\t<meta property=\"og:image:height\" content=\"720\" \/>\n\t<meta property=\"og:image:type\" content=\"image\/jpeg\" \/>\n<meta name=\"author\" content=\"TOTUL\" \/>\n<meta name=\"twitter:card\" content=\"summary_large_image\" \/>\n<meta name=\"twitter:label1\" content=\"Scris de\" \/>\n\t<meta name=\"twitter:data1\" content=\"TOTUL\" \/>\n\t<meta name=\"twitter:label2\" content=\"Timp estimat pentru citire\" \/>\n\t<meta name=\"twitter:data2\" content=\"2 minute\" \/>\n<script type=\"application\/ld+json\" class=\"yoast-schema-graph\">{\"@context\":\"https:\\\/\\\/schema.org\",\"@graph\":[{\"@type\":\"Article\",\"@id\":\"https:\\\/\\\/totul.md\\\/ro\\\/news\\\/scolile-din-moldova-vor-trece-la-un-nou-curriculum-din-2027-ce-se-va-schimba\\\/#article\",\"isPartOf\":{\"@id\":\"https:\\\/\\\/totul.md\\\/ro\\\/news\\\/scolile-din-moldova-vor-trece-la-un-nou-curriculum-din-2027-ce-se-va-schimba\\\/\"},\"author\":{\"name\":\"TOTUL\",\"@id\":\"https:\\\/\\\/totul.md\\\/#\\\/schema\\\/person\\\/93f2fffe0c74089acf5f74fb041a330b\"},\"headline\":\"\u0218colile din Moldova vor trece la un nou curriculum din 2027: ce se va schimba\",\"datePublished\":\"2026-09-02T07:51:39+00:00\",\"mainEntityOfPage\":{\"@id\":\"https:\\\/\\\/totul.md\\\/ro\\\/news\\\/scolile-din-moldova-vor-trece-la-un-nou-curriculum-din-2027-ce-se-va-schimba\\\/\"},\"wordCount\":372,\"image\":{\"@id\":\"https:\\\/\\\/totul.md\\\/ro\\\/news\\\/scolile-din-moldova-vor-trece-la-un-nou-curriculum-din-2027-ce-se-va-schimba\\\/#primaryimage\"},\"thumbnailUrl\":\"https:\\\/\\\/totul.md\\\/wp-content\\\/uploads\\\/2026\\\/09\\\/Geyhjkdlyhj.jpeg\",\"articleSection\":[\"\u0218tiri\"],\"inLanguage\":\"ro-RO\"},{\"@type\":\"WebPage\",\"@id\":\"https:\\\/\\\/totul.md\\\/ro\\\/news\\\/scolile-din-moldova-vor-trece-la-un-nou-curriculum-din-2027-ce-se-va-schimba\\\/\",\"url\":\"https:\\\/\\\/totul.md\\\/ro\\\/news\\\/scolile-din-moldova-vor-trece-la-un-nou-curriculum-din-2027-ce-se-va-schimba\\\/\",\"name\":\"\u0218colile din Moldova vor trece la un nou curriculum din 2027: ce se va schimba\",\"isPartOf\":{\"@id\":\"https:\\\/\\\/totul.md\\\/#website\"},\"primaryImageOfPage\":{\"@id\":\"https:\\\/\\\/totul.md\\\/ro\\\/news\\\/scolile-din-moldova-vor-trece-la-un-nou-curriculum-din-2027-ce-se-va-schimba\\\/#primaryimage\"},\"image\":{\"@id\":\"https:\\\/\\\/totul.md\\\/ro\\\/news\\\/scolile-din-moldova-vor-trece-la-un-nou-curriculum-din-2027-ce-se-va-schimba\\\/#primaryimage\"},\"thumbnailUrl\":\"https:\\\/\\\/totul.md\\\/wp-content\\\/uploads\\\/2026\\\/09\\\/Geyhjkdlyhj.jpeg\",\"datePublished\":\"2026-09-02T07:51:39+00:00\",\"author\":{\"@id\":\"https:\\\/\\\/totul.md\\\/#\\\/schema\\\/person\\\/93f2fffe0c74089acf5f74fb041a330b\"},\"breadcrumb\":{\"@id\":\"https:\\\/\\\/totul.md\\\/ro\\\/news\\\/scolile-din-moldova-vor-trece-la-un-nou-curriculum-din-2027-ce-se-va-schimba\\\/#breadcrumb\"},\"inLanguage\":\"ro-RO\",\"potentialAction\":[{\"@type\":\"ReadAction\",\"target\":[\"https:\\\/\\\/totul.md\\\/ro\\\/news\\\/scolile-din-moldova-vor-trece-la-un-nou-curriculum-din-2027-ce-se-va-schimba\\\/\"]}]},{\"@type\":\"ImageObject\",\"inLanguage\":\"ro-RO\",\"@id\":\"https:\\\/\\\/totul.md\\\/ro\\\/news\\\/scolile-din-moldova-vor-trece-la-un-nou-curriculum-din-2027-ce-se-va-schimba\\\/#primaryimage\",\"url\":\"https:\\\/\\\/totul.md\\\/wp-content\\\/uploads\\\/2026\\\/09\\\/Geyhjkdlyhj.jpeg\",\"contentUrl\":\"https:\\\/\\\/totul.md\\\/wp-content\\\/uploads\\\/2026\\\/09\\\/Geyhjkdlyhj.jpeg\",\"width\":1456,\"height\":720},{\"@type\":\"BreadcrumbList\",\"@id\":\"https:\\\/\\\/totul.md\\\/ro\\\/news\\\/scolile-din-moldova-vor-trece-la-un-nou-curriculum-din-2027-ce-se-va-schimba\\\/#breadcrumb\",\"itemListElement\":[{\"@type\":\"ListItem\",\"position\":1,\"name\":\"\u0413\u043b\u0430\u0432\u043d\u0430\u044f \u0441\u0442\u0440\u0430\u043d\u0438\u0446\u0430\",\"item\":\"https:\\\/\\\/totul.md\\\/ro\\\/acasa\\\/\"},{\"@type\":\"ListItem\",\"position\":2,\"name\":\"\u0218colile din Moldova vor trece la un nou curriculum din 2027: ce se va schimba\"}]},{\"@type\":\"WebSite\",\"@id\":\"https:\\\/\\\/totul.md\\\/#website\",\"url\":\"https:\\\/\\\/totul.md\\\/\",\"name\":\"TOTUL.md\",\"description\":\"\",\"potentialAction\":[{\"@type\":\"SearchAction\",\"target\":{\"@type\":\"EntryPoint\",\"urlTemplate\":\"https:\\\/\\\/totul.md\\\/?s={search_term_string}\"},\"query-input\":{\"@type\":\"PropertyValueSpecification\",\"valueRequired\":true,\"valueName\":\"search_term_string\"}}],\"inLanguage\":\"ro-RO\"},{\"@type\":\"Person\",\"@id\":\"https:\\\/\\\/totul.md\\\/#\\\/schema\\\/person\\\/93f2fffe0c74089acf5f74fb041a330b\",\"name\":\"TOTUL\",\"image\":{\"@type\":\"ImageObject\",\"inLanguage\":\"ro-RO\",\"@id\":\"https:\\\/\\\/secure.gravatar.com\\\/avatar\\\/5e87996a50ae2ab46b00fceeeaf96f4ea6936f57c0b849f1d668bd140d0141d9?s=96&d=mm&r=g\",\"url\":\"https:\\\/\\\/secure.gravatar.com\\\/avatar\\\/5e87996a50ae2ab46b00fceeeaf96f4ea6936f57c0b849f1d668bd140d0141d9?s=96&d=mm&r=g\",\"contentUrl\":\"https:\\\/\\\/secure.gravatar.com\\\/avatar\\\/5e87996a50ae2ab46b00fceeeaf96f4ea6936f57c0b849f1d668bd140d0141d9?s=96&d=mm&r=g\",\"caption\":\"TOTUL\"},\"url\":\"https:\\\/\\\/totul.md\\\/ro\\\/author\\\/anna-perjan\\\/\"}]}<\/script>\n<!-- \/ Yoast SEO plugin. -->","yoast_head_json":{"title":"\u0218colile din Moldova vor trece la un nou curriculum din 2027: ce se va schimba","robots":{"index":"index","follow":"follow","max-snippet":"max-snippet:-1","max-image-preview":"max-image-preview:large","max-video-preview":"max-video-preview:-1"},"canonical":"https:\/\/totul.md\/ro\/news\/scolile-din-moldova-vor-trece-la-un-nou-curriculum-din-2027-ce-se-va-schimba\/","og_locale":"ro_RO","og_type":"article","og_title":"\u0218colile din Moldova vor trece la un nou curriculum din 2027: ce se va schimba","og_description":"Sistemul educa\u021bional din Republica Moldova se preg\u0103te\u0219te pentru schimb\u0103ri de amploare. \u00cencep\u00e2nd cu anul \u0219colar 2027\/2028, elevii din Republica Moldova vor studia dup\u0103 un nou curriculum na\u021bional \u0219i vor avea la dispozi\u021bie o nou\u0103 genera\u021bie de manuale. Ministerul Educa\u021biei inten\u021bioneaz\u0103 s\u0103 reduc\u0103 volumul de teorie \u0219i s\u0103 pun\u0103 accent pe competen\u021be practice, tehnologii \u0219i cuno\u0219tin\u021be [&hellip;]","og_url":"https:\/\/totul.md\/ro\/news\/scolile-din-moldova-vor-trece-la-un-nou-curriculum-din-2027-ce-se-va-schimba\/","og_site_name":"Totul","article_published_time":"2026-09-02T07:51:39+00:00","og_image":[{"width":1456,"height":720,"url":"https:\/\/totul.md\/wp-content\/uploads\/2026\/09\/Geyhjkdlyhj.jpeg","type":"image\/jpeg"}],"author":"TOTUL","twitter_card":"summary_large_image","twitter_misc":{"Scris de":"TOTUL","Timp estimat pentru citire":"2 minute"},"schema":{"@context":"https:\/\/schema.org","@graph":[{"@type":"Article","@id":"https:\/\/totul.md\/ro\/news\/scolile-din-moldova-vor-trece-la-un-nou-curriculum-din-2027-ce-se-va-schimba\/#article","isPartOf":{"@id":"https:\/\/totul.md\/ro\/news\/scolile-din-moldova-vor-trece-la-un-nou-curriculum-din-2027-ce-se-va-schimba\/"},"author":{"name":"TOTUL","@id":"https:\/\/totul.md\/#\/schema\/person\/93f2fffe0c74089acf5f74fb041a330b"},"headline":"\u0218colile din Moldova vor trece la un nou curriculum din 2027: ce se va schimba","datePublished":"2026-09-02T07:51:39+00:00","mainEntityOfPage":{"@id":"https:\/\/totul.md\/ro\/news\/scolile-din-moldova-vor-trece-la-un-nou-curriculum-din-2027-ce-se-va-schimba\/"},"wordCount":372,"image":{"@id":"https:\/\/totul.md\/ro\/news\/scolile-din-moldova-vor-trece-la-un-nou-curriculum-din-2027-ce-se-va-schimba\/#primaryimage"},"thumbnailUrl":"https:\/\/totul.md\/wp-content\/uploads\/2026\/09\/Geyhjkdlyhj.jpeg","articleSection":["\u0218tiri"],"inLanguage":"ro-RO"},{"@type":"WebPage","@id":"https:\/\/totul.md\/ro\/news\/scolile-din-moldova-vor-trece-la-un-nou-curriculum-din-2027-ce-se-va-schimba\/","url":"https:\/\/totul.md\/ro\/news\/scolile-din-moldova-vor-trece-la-un-nou-curriculum-din-2027-ce-se-va-schimba\/","name":"\u0218colile din Moldova vor trece la un nou curriculum din 2027: ce se va schimba","isPartOf":{"@id":"https:\/\/totul.md\/#website"},"primaryImageOfPage":{"@id":"https:\/\/totul.md\/ro\/news\/scolile-din-moldova-vor-trece-la-un-nou-curriculum-din-2027-ce-se-va-schimba\/#primaryimage"},"image":{"@id":"https:\/\/totul.md\/ro\/news\/scolile-din-moldova-vor-trece-la-un-nou-curriculum-din-2027-ce-se-va-schimba\/#primaryimage"},"thumbnailUrl":"https:\/\/totul.md\/wp-content\/uploads\/2026\/09\/Geyhjkdlyhj.jpeg","datePublished":"2026-09-02T07:51:39+00:00","author":{"@id":"https:\/\/totul.md\/#\/schema\/person\/93f2fffe0c74089acf5f74fb041a330b"},"breadcrumb":{"@id":"https:\/\/totul.md\/ro\/news\/scolile-din-moldova-vor-trece-la-un-nou-curriculum-din-2027-ce-se-va-schimba\/#breadcrumb"},"inLanguage":"ro-RO","potentialAction":[{"@type":"ReadAction","target":["https:\/\/totul.md\/ro\/news\/scolile-din-moldova-vor-trece-la-un-nou-curriculum-din-2027-ce-se-va-schimba\/"]}]},{"@type":"ImageObject","inLanguage":"ro-RO","@id":"https:\/\/totul.md\/ro\/news\/scolile-din-moldova-vor-trece-la-un-nou-curriculum-din-2027-ce-se-va-schimba\/#primaryimage","url":"https:\/\/totul.md\/wp-content\/uploads\/2026\/09\/Geyhjkdlyhj.jpeg","contentUrl":"https:\/\/totul.md\/wp-content\/uploads\/2026\/09\/Geyhjkdlyhj.jpeg","width":1456,"height":720},{"@type":"BreadcrumbList","@id":"https:\/\/totul.md\/ro\/news\/scolile-din-moldova-vor-trece-la-un-nou-curriculum-din-2027-ce-se-va-schimba\/#breadcrumb","itemListElement":[{"@type":"ListItem","position":1,"name":"\u0413\u043b\u0430\u0432\u043d\u0430\u044f \u0441\u0442\u0440\u0430\u043d\u0438\u0446\u0430","item":"https:\/\/totul.md\/ro\/acasa\/"},{"@type":"ListItem","position":2,"name":"\u0218colile din Moldova vor trece la un nou curriculum din 2027: ce se va schimba"}]},{"@type":"WebSite","@id":"https:\/\/totul.md\/#website","url":"https:\/\/totul.md\/","name":"TOTUL.md","description":"","potentialAction":[{"@type":"SearchAction","target":{"@type":"EntryPoint","urlTemplate":"https:\/\/totul.md\/?s={search_term_string}"},"query-input":{"@type":"PropertyValueSpecification","valueRequired":true,"valueName":"search_term_string"}}],"inLanguage":"ro-RO"},{"@type":"Person","@id":"https:\/\/totul.md\/#\/schema\/person\/93f2fffe0c74089acf5f74fb041a330b","name":"TOTUL","image":{"@type":"ImageObject","inLanguage":"ro-RO","@id":"https:\/\/secure.gravatar.com\/avatar\/5e87996a50ae2ab46b00fceeeaf96f4ea6936f57c0b849f1d668bd140d0141d9?s=96&d=mm&r=g","url":"https:\/\/secure.gravatar.com\/avatar\/5e87996a50ae2ab46b00fceeeaf96f4ea6936f57c0b849f1d668bd140d0141d9?s=96&d=mm&r=g","contentUrl":"https:\/\/secure.gravatar.com\/avatar\/5e87996a50ae2ab46b00fceeeaf96f4ea6936f57c0b849f1d668bd140d0141d9?s=96&d=mm&r=g","caption":"TOTUL"},"url":"https:\/\/totul.md\/ro\/author\/anna-perjan\/"}]}},"_links":{"self":[{"href":"https:\/\/totul.md\/ro\/wp-json\/wp\/v2\/posts\/54385","targetHints":{"allow":["GET"]}}],"collection":[{"href":"https:\/\/totul.md\/ro\/wp-json\/wp\/v2\/posts"}],"about":[{"href":"https:\/\/totul.md\/ro\/wp-json\/wp\/v2\/types\/post"}],"author":[{"embeddable":true,"href":"https:\/\/totul.md\/ro\/wp-json\/wp\/v2\/users\/78"}],"replies":[{"embeddable":true,"href":"https:\/\/totul.md\/ro\/wp-json\/wp\/v2\/comments?post=54385"}],"version-history":[{"count":2,"href":"https:\/\/totul.md\/ro\/wp-json\/wp\/v2\/posts\/54385\/revisions"}],"predecessor-version":[{"id":54390,"href":"https:\/\/totul.md\/ro\/wp-json\/wp\/v2\/posts\/54385\/revisions\/54390"}],"wp:featuredmedia":[{"embeddable":true,"href":"https:\/\/totul.md\/ro\/wp-json\/wp\/v2\/media\/54388"}],"wp:attachment":[{"href":"https:\/\/totul.md\/ro\/wp-json\/wp\/v2\/media?parent=54385"}],"wp:term":[{"taxonomy":"category","embeddable":true,"href":"https:\/\/totul.md\/ro\/wp-json\/wp\/v2\/categories?post=54385"},{"taxonomy":"post_tag","embeddable":true,"href":"https:\/\/totul.md\/ro\/wp-json\/wp\/v2\/tags?post=54385"}],"curies":[{"name":"wp","href":"https:\/\/api.w.org\/{rel}","templated":true}]}}