{"id":54395,"date":"2026-09-02T07:44:31","date_gmt":"2026-09-02T07:44:31","guid":{"rendered":"https:\/\/totul.md\/?p=54395"},"modified":"2026-09-02T07:49:11","modified_gmt":"2026-09-02T07:49:11","slug":"putin-vrem-sa-punem-capat-razboiului","status":"publish","type":"post","link":"https:\/\/totul.md\/ro\/news\/putin-vrem-sa-punem-capat-razboiului\/","title":{"rendered":"Putin: \u201eVrem s\u0103 punem cap\u0103t r\u0103zboiului\u201d"},"content":{"rendered":"<p>Rusia nu dore\u0219te \u00eenghe\u021barea conflictului, ci \u00eencheierea r\u0103zboiului \u0219i instaurarea unei p\u0103ci durabile at\u00e2t \u00een Ucraina, c\u00e2t \u0219i \u00een Europa. Declara\u021bia a fost f\u0103cut\u0103 de pre\u0219edintele rus Vladimir Putin.<\/p>\n<p>Coment\u00e2nd propunerea privind \u00eenghe\u021barea conflictului din Ucraina, formulat\u0103 \u00een luna iulie de pre\u0219edintele Kazahstanului, Kassym-Jomart Tokayev, Putin a declarat: \u201eDesigur, \u0219i noi ne dorim acest lucru\u201d.<\/p>\n<p>\u201eDar nu pentru a-l \u00eenghe\u021ba. Vrem s\u0103 punem cap\u0103t r\u0103zboiului \u0219i s\u0103 instaur\u0103m o pace durabil\u0103 \u0219i absolut\u0103 at\u00e2t \u00een Ucraina, c\u00e2t \u0219i \u00een Europa\u201d, a ad\u0103ugat liderul rus, potrivit TASS, citat\u0103 de News.ro.<\/p>\n<p>Rusia este preg\u0103tit\u0103 s\u0103 participe la negocieri cu oricine \u00ee\u0219i dore\u0219te acest lucru, a subliniat \u0219eful statului. \u00cen acela\u0219i timp, Putin a calificat drept \u201esecret militar\u201d posibilitatea ca obiectivele din Marea Britanie unde sunt produse arme pentru armata ucrainean\u0103 s\u0103 devin\u0103 \u021binte ale armatei ruse.<\/p>\n<h3><strong>\u201eInamicul se va pr\u0103bu\u0219i\u201d<\/strong><\/h3>\n<p>Pre\u0219edintele Rusiei a declarat, de asemenea, mar\u021bi, c\u0103 \u021bara sa c\u00e2\u0219tig\u0103 r\u0103zboiul din Ucraina \u0219i a calificat conducerea ucrainean\u0103 drept \u201eterori\u0219ti\u201d, cu care Moscova nu poate negocia.<\/p>\n<p>\u00cen cele mai detaliate declara\u021bii despre r\u0103zboi f\u0103cute \u00een ultimele s\u0103pt\u0103m\u00e2ni, Putin a recunoscut c\u0103 atacurile ucrainene asupra teritoriului Rusiei au provocat pagube reale, iar dronele reprezint\u0103 o provocare deosebit\u0103. \u00cen acela\u0219i timp, el a sus\u021binut c\u0103 trupele ruse continu\u0103 s\u0103 avanseze pe front.<\/p>\n<p>\u201eNu am nicio \u00eendoial\u0103 c\u0103 inamicul se va pr\u0103bu\u0219i\u201d, le-a spus Putin jurnali\u0219tilor, refuz\u00e2nd s\u0103 precizeze c\u00e2nd anume se va \u00eent\u00e2mpla acest lucru.<\/p>\n<p>El a calificat drept \u201eo absurditate total\u0103\u201d informa\u021biile potrivit c\u0103rora Rusia ar fi nevoit\u0103 s\u0103 anun\u021be o nou\u0103 mobilizare militar\u0103.<\/p>\n<h3><strong>Negocierile sunt suspendate<\/strong><\/h3>\n<p>Dup\u0103 patru ani \u0219i jum\u0103tate de r\u0103zboi, Rusia controleaz\u0103 aproximativ o cincime din teritoriul Ucrainei.<\/p>\n<p>Negocierile de pace mediate de Washington au fost suspendate \u00een februarie, dup\u0103 ce Statele Unite \u0219i Israelul au intrat \u00een r\u0103zboi cu Iranul. Sondajele de opinie indic\u0103 o oboseal\u0103 tot mai mare a popula\u021biei ruse fa\u021b\u0103 de r\u0103zboi, iar voci influente avertizeaz\u0103 asupra presiunilor exercitate asupra economiei ruse.<\/p>\n<p>Cu toate acestea, Putin a adoptat un ton \u00eencrez\u0103tor \u0219i agresiv, prezent\u00e2nd \u00een detaliu propria versiune asupra evolu\u021biilor de pe front \u0219i sus\u021bin\u00e2nd c\u0103 ritmul \u00eenaint\u0103rii trupelor ruse se accelereaz\u0103.<\/p>\n<p>Potrivit acestuia, \u00een luna august, trupele ruse au cucerit 270 de kilometri p\u0103tra\u021bi \u00een regiunea Done\u021bk din estul Ucrainei. De asemenea, dou\u0103 grupuri mari de militari ucraineni \u2014 unul cuprins \u00eentre 4.500 \u0219i 4.800 de oameni, iar cel\u0103lalt de p\u00e2n\u0103 la 2.000 \u2014 ar fi fost \u00eencercuite.<\/p>\n<p>Reuters precizeaz\u0103 c\u0103 nu a putut verifica independent aceste afirma\u021bii, potrivit News.ro.<\/p>\n<p>Putin a declarat c\u0103 trupele ruse continu\u0103 s\u0103 avanseze spre ora\u0219ele Sloviansk \u0219i Kramatorsk. Potrivit acestuia, for\u021bele Moscovei se preg\u0103tesc, de asemenea, s\u0103 lanseze atacuri masive asupra infrastructurii energetice a Ucrainei.<\/p>\n<h3><strong>\u201eSuntem cu to\u021bii de acord\u201d<\/strong><\/h3>\n<p>Putin a mai declarat c\u0103 avertismentul pre\u0219edintelui ucrainean Volodimir Zelenski adresat companiilor aeriene, potrivit c\u0103ruia dronele ucrainene ar putea \u00eenchide practic spa\u021biul aerian al Rusiei, sun\u0103 a \u201eterorism de stat\u201d. El a ad\u0103ugat c\u0103 Moscova va g\u0103si o modalitate de a r\u0103spunde dac\u0103 acest lucru se va \u00eent\u00e2mpla.<\/p>\n<p>Vorbind la o conferin\u021b\u0103 de pres\u0103 dup\u0103 summitul din K\u00e2rg\u00e2zstan, Putin a declarat c\u0103 negocierile cu \u201eterori\u0219tii\u201d sunt imposibile.<\/p>\n<p>\u00cen acela\u0219i timp, el a subliniat c\u0103 Moscova este deschis\u0103 discu\u021biilor privind \u00eencheierea r\u0103zboiului, \u0219i nu \u00eenghe\u021barea acestuia, \u0219i \u0219i-a reafirmat disponibilitatea de a negocia cu reprezentan\u021bii pre\u0219edintelui american Donald Trump.<\/p>\n<p><em>\u201eDac\u0103 cineva aduce sau poate aduce o contribu\u021bie tangibil\u0103 la acest proces, suntem cu to\u021bii de acord\u201d, a declarat Putin.<\/em><\/p>\n<p><em>\u201eSingurul lucru pe care am dori s\u0103-l evit\u0103m este ca procesul s\u0103 se \u00eenv\u00e2rt\u0103 inutil \u00een cerc. Cu toate acestea, dac\u0103 cineva este capabil s\u0103 aduc\u0103 ceva pozitiv acestor negocieri, care, dup\u0103 cum \u00een\u021belegem, sunt \u00een prezent oarecum \u00eenghe\u021bate, atunci, \u00een general, nu ne opunem\u201d, a ad\u0103ugat el.<\/em><\/p>\n<p>Putin a recunoscut \u00een mod explicit c\u0103 atacurile cu drone ucrainene au provocat pagube rafin\u0103riilor de petrol din Rusia, de\u0219i nu a men\u021bionat deficitul de combustibil ap\u0103rut \u00een urma acestor atacuri.<\/p>\n<p>Potrivit acestuia, nivelul de protec\u021bie a fost \u201e\u00eembun\u0103t\u0103\u021bit\u201d, iar \u201emai avem de reparat doar 10% dintre rafin\u0103riile noastre\u201d.<\/p>\n<p><strong>Sursa:<\/strong> <a href=\"https:\/\/www.digi24.ro\/\" target=\"_blank\" rel=\"nofollow\">Digi24.ro<\/a><\/p>\n","protected":false},"excerpt":{"rendered":"<p>Rusia nu dore\u0219te \u00eenghe\u021barea conflictului, ci \u00eencheierea r\u0103zboiului \u0219i instaurarea unei p\u0103ci durabile at\u00e2t \u00een Ucraina, c\u00e2t \u0219i \u00een Europa. Declara\u021bia a fost f\u0103cut\u0103 de pre\u0219edintele rus Vladimir Putin. Coment\u00e2nd propunerea privind \u00eenghe\u021barea conflictului din Ucraina, formulat\u0103 \u00een luna iulie de pre\u0219edintele Kazahstanului, Kassym-Jomart Tokayev, Putin a declarat: \u201eDesigur, \u0219i noi ne dorim acest lucru\u201d. [&hellip;]<\/p>\n","protected":false},"author":78,"featured_media":54393,"comment_status":"closed","ping_status":"closed","sticky":false,"template":"","format":"standard","meta":{"footnotes":""},"categories":[218],"tags":[],"class_list":["post-54395","post","type-post","status-publish","format-standard","has-post-thumbnail","category-news"],"yoast_head":"<!-- This site is optimized with the Yoast SEO plugin v28.3 - https:\/\/yoast.com\/product\/yoast-seo-wordpress\/ -->\n<title>Putin: \u201eVrem s\u0103 punem cap\u0103t r\u0103zboiului\u201d<\/title>\n<meta name=\"robots\" content=\"index, follow, max-snippet:-1, max-image-preview:large, max-video-preview:-1\" \/>\n<link rel=\"canonical\" href=\"https:\/\/totul.md\/ro\/news\/putin-vrem-sa-punem-capat-razboiului\/\" \/>\n<meta property=\"og:locale\" content=\"ro_RO\" \/>\n<meta property=\"og:type\" content=\"article\" \/>\n<meta property=\"og:title\" content=\"Putin: \u201eVrem s\u0103 punem cap\u0103t r\u0103zboiului\u201d\" \/>\n<meta property=\"og:description\" content=\"Rusia nu dore\u0219te \u00eenghe\u021barea conflictului, ci \u00eencheierea r\u0103zboiului \u0219i instaurarea unei p\u0103ci durabile at\u00e2t \u00een Ucraina, c\u00e2t \u0219i \u00een Europa. Declara\u021bia a fost f\u0103cut\u0103 de pre\u0219edintele rus Vladimir Putin. Coment\u00e2nd propunerea privind \u00eenghe\u021barea conflictului din Ucraina, formulat\u0103 \u00een luna iulie de pre\u0219edintele Kazahstanului, Kassym-Jomart Tokayev, Putin a declarat: \u201eDesigur, \u0219i noi ne dorim acest lucru\u201d. [&hellip;]\" \/>\n<meta property=\"og:url\" content=\"https:\/\/totul.md\/ro\/news\/putin-vrem-sa-punem-capat-razboiului\/\" \/>\n<meta property=\"og:site_name\" content=\"Totul\" \/>\n<meta property=\"article:published_time\" content=\"2026-09-02T07:44:31+00:00\" \/>\n<meta property=\"article:modified_time\" content=\"2026-09-02T07:49:11+00:00\" \/>\n<meta property=\"og:image\" content=\"https:\/\/totul.md\/wp-content\/uploads\/2026\/09\/c2g9M2NhZmVkODIxZTEyM2VjNDM4ZGNmZmNjZDNkMzc4YjU.thumb_.jpg\" \/>\n\t<meta property=\"og:image:width\" content=\"780\" \/>\n\t<meta property=\"og:image:height\" content=\"440\" \/>\n\t<meta property=\"og:image:type\" content=\"image\/jpeg\" \/>\n<meta name=\"author\" content=\"TOTUL\" \/>\n<meta name=\"twitter:card\" content=\"summary_large_image\" \/>\n<meta name=\"twitter:label1\" content=\"Scris de\" \/>\n\t<meta name=\"twitter:data1\" content=\"TOTUL\" \/>\n\t<meta name=\"twitter:label2\" content=\"Timp estimat pentru citire\" \/>\n\t<meta name=\"twitter:data2\" content=\"4 minute\" \/>\n<script type=\"application\/ld+json\" class=\"yoast-schema-graph\">{\"@context\":\"https:\\\/\\\/schema.org\",\"@graph\":[{\"@type\":\"Article\",\"@id\":\"https:\\\/\\\/totul.md\\\/ro\\\/news\\\/putin-vrem-sa-punem-capat-razboiului\\\/#article\",\"isPartOf\":{\"@id\":\"https:\\\/\\\/totul.md\\\/ro\\\/news\\\/putin-vrem-sa-punem-capat-razboiului\\\/\"},\"author\":{\"name\":\"TOTUL\",\"@id\":\"https:\\\/\\\/totul.md\\\/#\\\/schema\\\/person\\\/93f2fffe0c74089acf5f74fb041a330b\"},\"headline\":\"Putin: \u201eVrem s\u0103 punem cap\u0103t r\u0103zboiului\u201d\",\"datePublished\":\"2026-09-02T07:44:31+00:00\",\"dateModified\":\"2026-09-02T07:49:11+00:00\",\"mainEntityOfPage\":{\"@id\":\"https:\\\/\\\/totul.md\\\/ro\\\/news\\\/putin-vrem-sa-punem-capat-razboiului\\\/\"},\"wordCount\":763,\"image\":{\"@id\":\"https:\\\/\\\/totul.md\\\/ro\\\/news\\\/putin-vrem-sa-punem-capat-razboiului\\\/#primaryimage\"},\"thumbnailUrl\":\"https:\\\/\\\/totul.md\\\/wp-content\\\/uploads\\\/2026\\\/09\\\/c2g9M2NhZmVkODIxZTEyM2VjNDM4ZGNmZmNjZDNkMzc4YjU.thumb_.jpg\",\"articleSection\":[\"\u0218tiri\"],\"inLanguage\":\"ro-RO\"},{\"@type\":\"WebPage\",\"@id\":\"https:\\\/\\\/totul.md\\\/ro\\\/news\\\/putin-vrem-sa-punem-capat-razboiului\\\/\",\"url\":\"https:\\\/\\\/totul.md\\\/ro\\\/news\\\/putin-vrem-sa-punem-capat-razboiului\\\/\",\"name\":\"Putin: \u201eVrem s\u0103 punem cap\u0103t r\u0103zboiului\u201d\",\"isPartOf\":{\"@id\":\"https:\\\/\\\/totul.md\\\/#website\"},\"primaryImageOfPage\":{\"@id\":\"https:\\\/\\\/totul.md\\\/ro\\\/news\\\/putin-vrem-sa-punem-capat-razboiului\\\/#primaryimage\"},\"image\":{\"@id\":\"https:\\\/\\\/totul.md\\\/ro\\\/news\\\/putin-vrem-sa-punem-capat-razboiului\\\/#primaryimage\"},\"thumbnailUrl\":\"https:\\\/\\\/totul.md\\\/wp-content\\\/uploads\\\/2026\\\/09\\\/c2g9M2NhZmVkODIxZTEyM2VjNDM4ZGNmZmNjZDNkMzc4YjU.thumb_.jpg\",\"datePublished\":\"2026-09-02T07:44:31+00:00\",\"dateModified\":\"2026-09-02T07:49:11+00:00\",\"author\":{\"@id\":\"https:\\\/\\\/totul.md\\\/#\\\/schema\\\/person\\\/93f2fffe0c74089acf5f74fb041a330b\"},\"breadcrumb\":{\"@id\":\"https:\\\/\\\/totul.md\\\/ro\\\/news\\\/putin-vrem-sa-punem-capat-razboiului\\\/#breadcrumb\"},\"inLanguage\":\"ro-RO\",\"potentialAction\":[{\"@type\":\"ReadAction\",\"target\":[\"https:\\\/\\\/totul.md\\\/ro\\\/news\\\/putin-vrem-sa-punem-capat-razboiului\\\/\"]}]},{\"@type\":\"ImageObject\",\"inLanguage\":\"ro-RO\",\"@id\":\"https:\\\/\\\/totul.md\\\/ro\\\/news\\\/putin-vrem-sa-punem-capat-razboiului\\\/#primaryimage\",\"url\":\"https:\\\/\\\/totul.md\\\/wp-content\\\/uploads\\\/2026\\\/09\\\/c2g9M2NhZmVkODIxZTEyM2VjNDM4ZGNmZmNjZDNkMzc4YjU.thumb_.jpg\",\"contentUrl\":\"https:\\\/\\\/totul.md\\\/wp-content\\\/uploads\\\/2026\\\/09\\\/c2g9M2NhZmVkODIxZTEyM2VjNDM4ZGNmZmNjZDNkMzc4YjU.thumb_.jpg\",\"width\":780,\"height\":440},{\"@type\":\"BreadcrumbList\",\"@id\":\"https:\\\/\\\/totul.md\\\/ro\\\/news\\\/putin-vrem-sa-punem-capat-razboiului\\\/#breadcrumb\",\"itemListElement\":[{\"@type\":\"ListItem\",\"position\":1,\"name\":\"\u0413\u043b\u0430\u0432\u043d\u0430\u044f \u0441\u0442\u0440\u0430\u043d\u0438\u0446\u0430\",\"item\":\"https:\\\/\\\/totul.md\\\/ro\\\/acasa\\\/\"},{\"@type\":\"ListItem\",\"position\":2,\"name\":\"Putin: \u201eVrem s\u0103 punem cap\u0103t r\u0103zboiului\u201d\"}]},{\"@type\":\"WebSite\",\"@id\":\"https:\\\/\\\/totul.md\\\/#website\",\"url\":\"https:\\\/\\\/totul.md\\\/\",\"name\":\"TOTUL.md\",\"description\":\"\",\"potentialAction\":[{\"@type\":\"SearchAction\",\"target\":{\"@type\":\"EntryPoint\",\"urlTemplate\":\"https:\\\/\\\/totul.md\\\/?s={search_term_string}\"},\"query-input\":{\"@type\":\"PropertyValueSpecification\",\"valueRequired\":true,\"valueName\":\"search_term_string\"}}],\"inLanguage\":\"ro-RO\"},{\"@type\":\"Person\",\"@id\":\"https:\\\/\\\/totul.md\\\/#\\\/schema\\\/person\\\/93f2fffe0c74089acf5f74fb041a330b\",\"name\":\"TOTUL\",\"image\":{\"@type\":\"ImageObject\",\"inLanguage\":\"ro-RO\",\"@id\":\"https:\\\/\\\/secure.gravatar.com\\\/avatar\\\/5e87996a50ae2ab46b00fceeeaf96f4ea6936f57c0b849f1d668bd140d0141d9?s=96&d=mm&r=g\",\"url\":\"https:\\\/\\\/secure.gravatar.com\\\/avatar\\\/5e87996a50ae2ab46b00fceeeaf96f4ea6936f57c0b849f1d668bd140d0141d9?s=96&d=mm&r=g\",\"contentUrl\":\"https:\\\/\\\/secure.gravatar.com\\\/avatar\\\/5e87996a50ae2ab46b00fceeeaf96f4ea6936f57c0b849f1d668bd140d0141d9?s=96&d=mm&r=g\",\"caption\":\"TOTUL\"},\"url\":\"https:\\\/\\\/totul.md\\\/ro\\\/author\\\/anna-perjan\\\/\"}]}<\/script>\n<!-- \/ Yoast SEO plugin. -->","yoast_head_json":{"title":"Putin: \u201eVrem s\u0103 punem cap\u0103t r\u0103zboiului\u201d","robots":{"index":"index","follow":"follow","max-snippet":"max-snippet:-1","max-image-preview":"max-image-preview:large","max-video-preview":"max-video-preview:-1"},"canonical":"https:\/\/totul.md\/ro\/news\/putin-vrem-sa-punem-capat-razboiului\/","og_locale":"ro_RO","og_type":"article","og_title":"Putin: \u201eVrem s\u0103 punem cap\u0103t r\u0103zboiului\u201d","og_description":"Rusia nu dore\u0219te \u00eenghe\u021barea conflictului, ci \u00eencheierea r\u0103zboiului \u0219i instaurarea unei p\u0103ci durabile at\u00e2t \u00een Ucraina, c\u00e2t \u0219i \u00een Europa. Declara\u021bia a fost f\u0103cut\u0103 de pre\u0219edintele rus Vladimir Putin. Coment\u00e2nd propunerea privind \u00eenghe\u021barea conflictului din Ucraina, formulat\u0103 \u00een luna iulie de pre\u0219edintele Kazahstanului, Kassym-Jomart Tokayev, Putin a declarat: \u201eDesigur, \u0219i noi ne dorim acest lucru\u201d. [&hellip;]","og_url":"https:\/\/totul.md\/ro\/news\/putin-vrem-sa-punem-capat-razboiului\/","og_site_name":"Totul","article_published_time":"2026-09-02T07:44:31+00:00","article_modified_time":"2026-09-02T07:49:11+00:00","og_image":[{"width":780,"height":440,"url":"https:\/\/totul.md\/wp-content\/uploads\/2026\/09\/c2g9M2NhZmVkODIxZTEyM2VjNDM4ZGNmZmNjZDNkMzc4YjU.thumb_.jpg","type":"image\/jpeg"}],"author":"TOTUL","twitter_card":"summary_large_image","twitter_misc":{"Scris de":"TOTUL","Timp estimat pentru citire":"4 minute"},"schema":{"@context":"https:\/\/schema.org","@graph":[{"@type":"Article","@id":"https:\/\/totul.md\/ro\/news\/putin-vrem-sa-punem-capat-razboiului\/#article","isPartOf":{"@id":"https:\/\/totul.md\/ro\/news\/putin-vrem-sa-punem-capat-razboiului\/"},"author":{"name":"TOTUL","@id":"https:\/\/totul.md\/#\/schema\/person\/93f2fffe0c74089acf5f74fb041a330b"},"headline":"Putin: \u201eVrem s\u0103 punem cap\u0103t r\u0103zboiului\u201d","datePublished":"2026-09-02T07:44:31+00:00","dateModified":"2026-09-02T07:49:11+00:00","mainEntityOfPage":{"@id":"https:\/\/totul.md\/ro\/news\/putin-vrem-sa-punem-capat-razboiului\/"},"wordCount":763,"image":{"@id":"https:\/\/totul.md\/ro\/news\/putin-vrem-sa-punem-capat-razboiului\/#primaryimage"},"thumbnailUrl":"https:\/\/totul.md\/wp-content\/uploads\/2026\/09\/c2g9M2NhZmVkODIxZTEyM2VjNDM4ZGNmZmNjZDNkMzc4YjU.thumb_.jpg","articleSection":["\u0218tiri"],"inLanguage":"ro-RO"},{"@type":"WebPage","@id":"https:\/\/totul.md\/ro\/news\/putin-vrem-sa-punem-capat-razboiului\/","url":"https:\/\/totul.md\/ro\/news\/putin-vrem-sa-punem-capat-razboiului\/","name":"Putin: \u201eVrem s\u0103 punem cap\u0103t r\u0103zboiului\u201d","isPartOf":{"@id":"https:\/\/totul.md\/#website"},"primaryImageOfPage":{"@id":"https:\/\/totul.md\/ro\/news\/putin-vrem-sa-punem-capat-razboiului\/#primaryimage"},"image":{"@id":"https:\/\/totul.md\/ro\/news\/putin-vrem-sa-punem-capat-razboiului\/#primaryimage"},"thumbnailUrl":"https:\/\/totul.md\/wp-content\/uploads\/2026\/09\/c2g9M2NhZmVkODIxZTEyM2VjNDM4ZGNmZmNjZDNkMzc4YjU.thumb_.jpg","datePublished":"2026-09-02T07:44:31+00:00","dateModified":"2026-09-02T07:49:11+00:00","author":{"@id":"https:\/\/totul.md\/#\/schema\/person\/93f2fffe0c74089acf5f74fb041a330b"},"breadcrumb":{"@id":"https:\/\/totul.md\/ro\/news\/putin-vrem-sa-punem-capat-razboiului\/#breadcrumb"},"inLanguage":"ro-RO","potentialAction":[{"@type":"ReadAction","target":["https:\/\/totul.md\/ro\/news\/putin-vrem-sa-punem-capat-razboiului\/"]}]},{"@type":"ImageObject","inLanguage":"ro-RO","@id":"https:\/\/totul.md\/ro\/news\/putin-vrem-sa-punem-capat-razboiului\/#primaryimage","url":"https:\/\/totul.md\/wp-content\/uploads\/2026\/09\/c2g9M2NhZmVkODIxZTEyM2VjNDM4ZGNmZmNjZDNkMzc4YjU.thumb_.jpg","contentUrl":"https:\/\/totul.md\/wp-content\/uploads\/2026\/09\/c2g9M2NhZmVkODIxZTEyM2VjNDM4ZGNmZmNjZDNkMzc4YjU.thumb_.jpg","width":780,"height":440},{"@type":"BreadcrumbList","@id":"https:\/\/totul.md\/ro\/news\/putin-vrem-sa-punem-capat-razboiului\/#breadcrumb","itemListElement":[{"@type":"ListItem","position":1,"name":"\u0413\u043b\u0430\u0432\u043d\u0430\u044f \u0441\u0442\u0440\u0430\u043d\u0438\u0446\u0430","item":"https:\/\/totul.md\/ro\/acasa\/"},{"@type":"ListItem","position":2,"name":"Putin: \u201eVrem s\u0103 punem cap\u0103t r\u0103zboiului\u201d"}]},{"@type":"WebSite","@id":"https:\/\/totul.md\/#website","url":"https:\/\/totul.md\/","name":"TOTUL.md","description":"","potentialAction":[{"@type":"SearchAction","target":{"@type":"EntryPoint","urlTemplate":"https:\/\/totul.md\/?s={search_term_string}"},"query-input":{"@type":"PropertyValueSpecification","valueRequired":true,"valueName":"search_term_string"}}],"inLanguage":"ro-RO"},{"@type":"Person","@id":"https:\/\/totul.md\/#\/schema\/person\/93f2fffe0c74089acf5f74fb041a330b","name":"TOTUL","image":{"@type":"ImageObject","inLanguage":"ro-RO","@id":"https:\/\/secure.gravatar.com\/avatar\/5e87996a50ae2ab46b00fceeeaf96f4ea6936f57c0b849f1d668bd140d0141d9?s=96&d=mm&r=g","url":"https:\/\/secure.gravatar.com\/avatar\/5e87996a50ae2ab46b00fceeeaf96f4ea6936f57c0b849f1d668bd140d0141d9?s=96&d=mm&r=g","contentUrl":"https:\/\/secure.gravatar.com\/avatar\/5e87996a50ae2ab46b00fceeeaf96f4ea6936f57c0b849f1d668bd140d0141d9?s=96&d=mm&r=g","caption":"TOTUL"},"url":"https:\/\/totul.md\/ro\/author\/anna-perjan\/"}]}},"_links":{"self":[{"href":"https:\/\/totul.md\/ro\/wp-json\/wp\/v2\/posts\/54395","targetHints":{"allow":["GET"]}}],"collection":[{"href":"https:\/\/totul.md\/ro\/wp-json\/wp\/v2\/posts"}],"about":[{"href":"https:\/\/totul.md\/ro\/wp-json\/wp\/v2\/types\/post"}],"author":[{"embeddable":true,"href":"https:\/\/totul.md\/ro\/wp-json\/wp\/v2\/users\/78"}],"replies":[{"embeddable":true,"href":"https:\/\/totul.md\/ro\/wp-json\/wp\/v2\/comments?post=54395"}],"version-history":[{"count":2,"href":"https:\/\/totul.md\/ro\/wp-json\/wp\/v2\/posts\/54395\/revisions"}],"predecessor-version":[{"id":54397,"href":"https:\/\/totul.md\/ro\/wp-json\/wp\/v2\/posts\/54395\/revisions\/54397"}],"wp:featuredmedia":[{"embeddable":true,"href":"https:\/\/totul.md\/ro\/wp-json\/wp\/v2\/media\/54393"}],"wp:attachment":[{"href":"https:\/\/totul.md\/ro\/wp-json\/wp\/v2\/media?parent=54395"}],"wp:term":[{"taxonomy":"category","embeddable":true,"href":"https:\/\/totul.md\/ro\/wp-json\/wp\/v2\/categories?post=54395"},{"taxonomy":"post_tag","embeddable":true,"href":"https:\/\/totul.md\/ro\/wp-json\/wp\/v2\/tags?post=54395"}],"curies":[{"name":"wp","href":"https:\/\/api.w.org\/{rel}","templated":true}]}}