{"id":54402,"date":"2026-09-02T08:07:11","date_gmt":"2026-09-02T08:07:11","guid":{"rendered":"https:\/\/totul.md\/?p=54402"},"modified":"2026-09-02T08:32:07","modified_gmt":"2026-09-02T08:32:07","slug":"deficitul-bugetar-al-republicii-moldova-va-creste-la-23-de-miliarde-de-lei","status":"publish","type":"post","link":"https:\/\/totul.md\/ro\/news\/deficitul-bugetar-al-republicii-moldova-va-creste-la-23-de-miliarde-de-lei\/","title":{"rendered":"Deficitul bugetar al Republicii Moldova va cre\u0219te la 23 de miliarde de lei"},"content":{"rendered":"<p>Guvernul Republicii Moldova inten\u021bioneaz\u0103 s\u0103 majoreze deficitul bugetului de stat cu 2,17 miliarde de lei, p\u00e2n\u0103 la aproximativ <strong>23 de miliarde de lei,<\/strong> ceea ce reprezint\u0103 <strong>5,95% din PIB<\/strong>. Declara\u021bia a fost f\u0103cut\u0103 de premierul Vasile Tofan.<\/p>\n<p>Autorit\u0103\u021bile justific\u0103 rectificarea bugetului prin cheltuieli suplimentare, inclusiv pentru compensa\u021biile din perioada rece, pl\u0103\u021bile unice pentru profesori \u0219i al\u021bi angaja\u021bi din sectorul bugetar, \u00een valoare de aproximativ 560 de milioane de lei, precum \u0219i majorarea Fondului rutier cu circa 300 de milioane de lei.<\/p>\n<p>Potrivit proiectului, veniturile bugetului de stat vor cre\u0219te cu 600,5 milioane de lei, p\u00e2n\u0103 la 80,27 miliarde de lei. Cheltuielile vor fi majorate cu 2,77 miliarde de lei, ajung\u00e2nd la 103,35 miliarde de lei. Cea mai mare parte a banilor suplimentari va fi direc\u021bionat\u0103 c\u0103tre protec\u021bia social\u0103, dezvoltarea regional\u0103 \u0219i plata salariilor.<\/p>\n<p>Tofan a recunoscut c\u0103 situa\u021bia bugetar\u0103 r\u0103m\u00e2ne dificil\u0103, \u00eens\u0103 a subliniat c\u0103 obiectivul strategic al Guvernului este reducerea deficitului la 3% din PIB.<\/p>\n<p>Una dintre principalele sarcini ale Guvernului \u00een aceast\u0103 toamn\u0103 va fi elaborarea bugetului pentru anul 2027. Potrivit premierului, autorit\u0103\u021bile trebuie s\u0103 controleze mai strict at\u00e2t cheltuielile, c\u00e2t \u0219i veniturile pentru a evita repetarea unui deficit de 5\u20136% din PIB.<\/p>\n<p>Tofan a mai anun\u021bat c\u0103 obliga\u021biile financiare ale statului fa\u021b\u0103 de agricultori se ridic\u0103 la aproape 1,9 miliarde de lei. \u201ePrincipala b\u0103t\u0103lie din aceast\u0103 toamn\u0103 se va da \u00een jurul bugetului pentru anul 2027\u201d, a declarat premierul.<\/p>\n","protected":false},"excerpt":{"rendered":"<p>Guvernul Republicii Moldova inten\u021bioneaz\u0103 s\u0103 majoreze deficitul bugetului de stat cu 2,17 miliarde de lei, p\u00e2n\u0103 la aproximativ 23 de miliarde de lei, ceea ce reprezint\u0103 5,95% din PIB. Declara\u021bia a fost f\u0103cut\u0103 de premierul Vasile Tofan. Autorit\u0103\u021bile justific\u0103 rectificarea bugetului prin cheltuieli suplimentare, inclusiv pentru compensa\u021biile din perioada rece, pl\u0103\u021bile unice pentru profesori \u0219i [&hellip;]<\/p>\n","protected":false},"author":78,"featured_media":54407,"comment_status":"closed","ping_status":"closed","sticky":false,"template":"","format":"standard","meta":{"footnotes":""},"categories":[218],"tags":[],"class_list":["post-54402","post","type-post","status-publish","format-standard","has-post-thumbnail","category-news"],"yoast_head":"<!-- This site is optimized with the Yoast SEO plugin v28.3 - https:\/\/yoast.com\/product\/yoast-seo-wordpress\/ -->\n<title>Deficitul bugetar al Republicii Moldova va cre\u0219te la 23 de miliarde de lei - Totul<\/title>\n<meta name=\"robots\" content=\"index, follow, max-snippet:-1, max-image-preview:large, max-video-preview:-1\" \/>\n<link rel=\"canonical\" href=\"https:\/\/totul.md\/ro\/news\/deficitul-bugetar-al-republicii-moldova-va-creste-la-23-de-miliarde-de-lei\/\" \/>\n<meta property=\"og:locale\" content=\"ro_RO\" \/>\n<meta property=\"og:type\" content=\"article\" \/>\n<meta property=\"og:title\" content=\"Deficitul bugetar al Republicii Moldova va cre\u0219te la 23 de miliarde de lei - Totul\" \/>\n<meta property=\"og:description\" content=\"Guvernul Republicii Moldova inten\u021bioneaz\u0103 s\u0103 majoreze deficitul bugetului de stat cu 2,17 miliarde de lei, p\u00e2n\u0103 la aproximativ 23 de miliarde de lei, ceea ce reprezint\u0103 5,95% din PIB. Declara\u021bia a fost f\u0103cut\u0103 de premierul Vasile Tofan. Autorit\u0103\u021bile justific\u0103 rectificarea bugetului prin cheltuieli suplimentare, inclusiv pentru compensa\u021biile din perioada rece, pl\u0103\u021bile unice pentru profesori \u0219i [&hellip;]\" \/>\n<meta property=\"og:url\" content=\"https:\/\/totul.md\/ro\/news\/deficitul-bugetar-al-republicii-moldova-va-creste-la-23-de-miliarde-de-lei\/\" \/>\n<meta property=\"og:site_name\" content=\"Totul\" \/>\n<meta property=\"article:published_time\" content=\"2026-09-02T08:07:11+00:00\" \/>\n<meta property=\"article:modified_time\" content=\"2026-09-02T08:32:07+00:00\" \/>\n<meta property=\"og:image\" content=\"https:\/\/totul.md\/wp-content\/uploads\/2026\/09\/unnamed-1.png\" \/>\n\t<meta property=\"og:image:width\" content=\"1600\" \/>\n\t<meta property=\"og:image:height\" content=\"936\" \/>\n\t<meta property=\"og:image:type\" content=\"image\/png\" \/>\n<meta name=\"author\" content=\"TOTUL\" \/>\n<meta name=\"twitter:card\" content=\"summary_large_image\" \/>\n<meta name=\"twitter:label1\" content=\"Scris de\" \/>\n\t<meta name=\"twitter:data1\" content=\"TOTUL\" \/>\n\t<meta name=\"twitter:label2\" content=\"Timp estimat pentru citire\" \/>\n\t<meta name=\"twitter:data2\" content=\"2 minute\" \/>\n<script type=\"application\/ld+json\" class=\"yoast-schema-graph\">{\"@context\":\"https:\\\/\\\/schema.org\",\"@graph\":[{\"@type\":\"Article\",\"@id\":\"https:\\\/\\\/totul.md\\\/ro\\\/news\\\/deficitul-bugetar-al-republicii-moldova-va-creste-la-23-de-miliarde-de-lei\\\/#article\",\"isPartOf\":{\"@id\":\"https:\\\/\\\/totul.md\\\/ro\\\/news\\\/deficitul-bugetar-al-republicii-moldova-va-creste-la-23-de-miliarde-de-lei\\\/\"},\"author\":{\"name\":\"TOTUL\",\"@id\":\"https:\\\/\\\/totul.md\\\/#\\\/schema\\\/person\\\/93f2fffe0c74089acf5f74fb041a330b\"},\"headline\":\"Deficitul bugetar al Republicii Moldova va cre\u0219te la 23 de miliarde de lei\",\"datePublished\":\"2026-09-02T08:07:11+00:00\",\"dateModified\":\"2026-09-02T08:32:07+00:00\",\"mainEntityOfPage\":{\"@id\":\"https:\\\/\\\/totul.md\\\/ro\\\/news\\\/deficitul-bugetar-al-republicii-moldova-va-creste-la-23-de-miliarde-de-lei\\\/\"},\"wordCount\":256,\"image\":{\"@id\":\"https:\\\/\\\/totul.md\\\/ro\\\/news\\\/deficitul-bugetar-al-republicii-moldova-va-creste-la-23-de-miliarde-de-lei\\\/#primaryimage\"},\"thumbnailUrl\":\"https:\\\/\\\/totul.md\\\/wp-content\\\/uploads\\\/2026\\\/09\\\/unnamed-1.png\",\"articleSection\":[\"\u0218tiri\"],\"inLanguage\":\"ro-RO\"},{\"@type\":\"WebPage\",\"@id\":\"https:\\\/\\\/totul.md\\\/ro\\\/news\\\/deficitul-bugetar-al-republicii-moldova-va-creste-la-23-de-miliarde-de-lei\\\/\",\"url\":\"https:\\\/\\\/totul.md\\\/ro\\\/news\\\/deficitul-bugetar-al-republicii-moldova-va-creste-la-23-de-miliarde-de-lei\\\/\",\"name\":\"Deficitul bugetar al Republicii Moldova va cre\u0219te la 23 de miliarde de lei - Totul\",\"isPartOf\":{\"@id\":\"https:\\\/\\\/totul.md\\\/#website\"},\"primaryImageOfPage\":{\"@id\":\"https:\\\/\\\/totul.md\\\/ro\\\/news\\\/deficitul-bugetar-al-republicii-moldova-va-creste-la-23-de-miliarde-de-lei\\\/#primaryimage\"},\"image\":{\"@id\":\"https:\\\/\\\/totul.md\\\/ro\\\/news\\\/deficitul-bugetar-al-republicii-moldova-va-creste-la-23-de-miliarde-de-lei\\\/#primaryimage\"},\"thumbnailUrl\":\"https:\\\/\\\/totul.md\\\/wp-content\\\/uploads\\\/2026\\\/09\\\/unnamed-1.png\",\"datePublished\":\"2026-09-02T08:07:11+00:00\",\"dateModified\":\"2026-09-02T08:32:07+00:00\",\"author\":{\"@id\":\"https:\\\/\\\/totul.md\\\/#\\\/schema\\\/person\\\/93f2fffe0c74089acf5f74fb041a330b\"},\"breadcrumb\":{\"@id\":\"https:\\\/\\\/totul.md\\\/ro\\\/news\\\/deficitul-bugetar-al-republicii-moldova-va-creste-la-23-de-miliarde-de-lei\\\/#breadcrumb\"},\"inLanguage\":\"ro-RO\",\"potentialAction\":[{\"@type\":\"ReadAction\",\"target\":[\"https:\\\/\\\/totul.md\\\/ro\\\/news\\\/deficitul-bugetar-al-republicii-moldova-va-creste-la-23-de-miliarde-de-lei\\\/\"]}]},{\"@type\":\"ImageObject\",\"inLanguage\":\"ro-RO\",\"@id\":\"https:\\\/\\\/totul.md\\\/ro\\\/news\\\/deficitul-bugetar-al-republicii-moldova-va-creste-la-23-de-miliarde-de-lei\\\/#primaryimage\",\"url\":\"https:\\\/\\\/totul.md\\\/wp-content\\\/uploads\\\/2026\\\/09\\\/unnamed-1.png\",\"contentUrl\":\"https:\\\/\\\/totul.md\\\/wp-content\\\/uploads\\\/2026\\\/09\\\/unnamed-1.png\",\"width\":1600,\"height\":936},{\"@type\":\"BreadcrumbList\",\"@id\":\"https:\\\/\\\/totul.md\\\/ro\\\/news\\\/deficitul-bugetar-al-republicii-moldova-va-creste-la-23-de-miliarde-de-lei\\\/#breadcrumb\",\"itemListElement\":[{\"@type\":\"ListItem\",\"position\":1,\"name\":\"\u0413\u043b\u0430\u0432\u043d\u0430\u044f \u0441\u0442\u0440\u0430\u043d\u0438\u0446\u0430\",\"item\":\"https:\\\/\\\/totul.md\\\/ro\\\/acasa\\\/\"},{\"@type\":\"ListItem\",\"position\":2,\"name\":\"Deficitul bugetar al Republicii Moldova va cre\u0219te la 23 de miliarde de lei\"}]},{\"@type\":\"WebSite\",\"@id\":\"https:\\\/\\\/totul.md\\\/#website\",\"url\":\"https:\\\/\\\/totul.md\\\/\",\"name\":\"TOTUL.md\",\"description\":\"\",\"potentialAction\":[{\"@type\":\"SearchAction\",\"target\":{\"@type\":\"EntryPoint\",\"urlTemplate\":\"https:\\\/\\\/totul.md\\\/?s={search_term_string}\"},\"query-input\":{\"@type\":\"PropertyValueSpecification\",\"valueRequired\":true,\"valueName\":\"search_term_string\"}}],\"inLanguage\":\"ro-RO\"},{\"@type\":\"Person\",\"@id\":\"https:\\\/\\\/totul.md\\\/#\\\/schema\\\/person\\\/93f2fffe0c74089acf5f74fb041a330b\",\"name\":\"TOTUL\",\"image\":{\"@type\":\"ImageObject\",\"inLanguage\":\"ro-RO\",\"@id\":\"https:\\\/\\\/secure.gravatar.com\\\/avatar\\\/5e87996a50ae2ab46b00fceeeaf96f4ea6936f57c0b849f1d668bd140d0141d9?s=96&d=mm&r=g\",\"url\":\"https:\\\/\\\/secure.gravatar.com\\\/avatar\\\/5e87996a50ae2ab46b00fceeeaf96f4ea6936f57c0b849f1d668bd140d0141d9?s=96&d=mm&r=g\",\"contentUrl\":\"https:\\\/\\\/secure.gravatar.com\\\/avatar\\\/5e87996a50ae2ab46b00fceeeaf96f4ea6936f57c0b849f1d668bd140d0141d9?s=96&d=mm&r=g\",\"caption\":\"TOTUL\"},\"url\":\"https:\\\/\\\/totul.md\\\/ro\\\/author\\\/anna-perjan\\\/\"}]}<\/script>\n<!-- \/ Yoast SEO plugin. -->","yoast_head_json":{"title":"Deficitul bugetar al Republicii Moldova va cre\u0219te la 23 de miliarde de lei - Totul","robots":{"index":"index","follow":"follow","max-snippet":"max-snippet:-1","max-image-preview":"max-image-preview:large","max-video-preview":"max-video-preview:-1"},"canonical":"https:\/\/totul.md\/ro\/news\/deficitul-bugetar-al-republicii-moldova-va-creste-la-23-de-miliarde-de-lei\/","og_locale":"ro_RO","og_type":"article","og_title":"Deficitul bugetar al Republicii Moldova va cre\u0219te la 23 de miliarde de lei - Totul","og_description":"Guvernul Republicii Moldova inten\u021bioneaz\u0103 s\u0103 majoreze deficitul bugetului de stat cu 2,17 miliarde de lei, p\u00e2n\u0103 la aproximativ 23 de miliarde de lei, ceea ce reprezint\u0103 5,95% din PIB. Declara\u021bia a fost f\u0103cut\u0103 de premierul Vasile Tofan. Autorit\u0103\u021bile justific\u0103 rectificarea bugetului prin cheltuieli suplimentare, inclusiv pentru compensa\u021biile din perioada rece, pl\u0103\u021bile unice pentru profesori \u0219i [&hellip;]","og_url":"https:\/\/totul.md\/ro\/news\/deficitul-bugetar-al-republicii-moldova-va-creste-la-23-de-miliarde-de-lei\/","og_site_name":"Totul","article_published_time":"2026-09-02T08:07:11+00:00","article_modified_time":"2026-09-02T08:32:07+00:00","og_image":[{"width":1600,"height":936,"url":"https:\/\/totul.md\/wp-content\/uploads\/2026\/09\/unnamed-1.png","type":"image\/png"}],"author":"TOTUL","twitter_card":"summary_large_image","twitter_misc":{"Scris de":"TOTUL","Timp estimat pentru citire":"2 minute"},"schema":{"@context":"https:\/\/schema.org","@graph":[{"@type":"Article","@id":"https:\/\/totul.md\/ro\/news\/deficitul-bugetar-al-republicii-moldova-va-creste-la-23-de-miliarde-de-lei\/#article","isPartOf":{"@id":"https:\/\/totul.md\/ro\/news\/deficitul-bugetar-al-republicii-moldova-va-creste-la-23-de-miliarde-de-lei\/"},"author":{"name":"TOTUL","@id":"https:\/\/totul.md\/#\/schema\/person\/93f2fffe0c74089acf5f74fb041a330b"},"headline":"Deficitul bugetar al Republicii Moldova va cre\u0219te la 23 de miliarde de lei","datePublished":"2026-09-02T08:07:11+00:00","dateModified":"2026-09-02T08:32:07+00:00","mainEntityOfPage":{"@id":"https:\/\/totul.md\/ro\/news\/deficitul-bugetar-al-republicii-moldova-va-creste-la-23-de-miliarde-de-lei\/"},"wordCount":256,"image":{"@id":"https:\/\/totul.md\/ro\/news\/deficitul-bugetar-al-republicii-moldova-va-creste-la-23-de-miliarde-de-lei\/#primaryimage"},"thumbnailUrl":"https:\/\/totul.md\/wp-content\/uploads\/2026\/09\/unnamed-1.png","articleSection":["\u0218tiri"],"inLanguage":"ro-RO"},{"@type":"WebPage","@id":"https:\/\/totul.md\/ro\/news\/deficitul-bugetar-al-republicii-moldova-va-creste-la-23-de-miliarde-de-lei\/","url":"https:\/\/totul.md\/ro\/news\/deficitul-bugetar-al-republicii-moldova-va-creste-la-23-de-miliarde-de-lei\/","name":"Deficitul bugetar al Republicii Moldova va cre\u0219te la 23 de miliarde de lei - Totul","isPartOf":{"@id":"https:\/\/totul.md\/#website"},"primaryImageOfPage":{"@id":"https:\/\/totul.md\/ro\/news\/deficitul-bugetar-al-republicii-moldova-va-creste-la-23-de-miliarde-de-lei\/#primaryimage"},"image":{"@id":"https:\/\/totul.md\/ro\/news\/deficitul-bugetar-al-republicii-moldova-va-creste-la-23-de-miliarde-de-lei\/#primaryimage"},"thumbnailUrl":"https:\/\/totul.md\/wp-content\/uploads\/2026\/09\/unnamed-1.png","datePublished":"2026-09-02T08:07:11+00:00","dateModified":"2026-09-02T08:32:07+00:00","author":{"@id":"https:\/\/totul.md\/#\/schema\/person\/93f2fffe0c74089acf5f74fb041a330b"},"breadcrumb":{"@id":"https:\/\/totul.md\/ro\/news\/deficitul-bugetar-al-republicii-moldova-va-creste-la-23-de-miliarde-de-lei\/#breadcrumb"},"inLanguage":"ro-RO","potentialAction":[{"@type":"ReadAction","target":["https:\/\/totul.md\/ro\/news\/deficitul-bugetar-al-republicii-moldova-va-creste-la-23-de-miliarde-de-lei\/"]}]},{"@type":"ImageObject","inLanguage":"ro-RO","@id":"https:\/\/totul.md\/ro\/news\/deficitul-bugetar-al-republicii-moldova-va-creste-la-23-de-miliarde-de-lei\/#primaryimage","url":"https:\/\/totul.md\/wp-content\/uploads\/2026\/09\/unnamed-1.png","contentUrl":"https:\/\/totul.md\/wp-content\/uploads\/2026\/09\/unnamed-1.png","width":1600,"height":936},{"@type":"BreadcrumbList","@id":"https:\/\/totul.md\/ro\/news\/deficitul-bugetar-al-republicii-moldova-va-creste-la-23-de-miliarde-de-lei\/#breadcrumb","itemListElement":[{"@type":"ListItem","position":1,"name":"\u0413\u043b\u0430\u0432\u043d\u0430\u044f \u0441\u0442\u0440\u0430\u043d\u0438\u0446\u0430","item":"https:\/\/totul.md\/ro\/acasa\/"},{"@type":"ListItem","position":2,"name":"Deficitul bugetar al Republicii Moldova va cre\u0219te la 23 de miliarde de lei"}]},{"@type":"WebSite","@id":"https:\/\/totul.md\/#website","url":"https:\/\/totul.md\/","name":"TOTUL.md","description":"","potentialAction":[{"@type":"SearchAction","target":{"@type":"EntryPoint","urlTemplate":"https:\/\/totul.md\/?s={search_term_string}"},"query-input":{"@type":"PropertyValueSpecification","valueRequired":true,"valueName":"search_term_string"}}],"inLanguage":"ro-RO"},{"@type":"Person","@id":"https:\/\/totul.md\/#\/schema\/person\/93f2fffe0c74089acf5f74fb041a330b","name":"TOTUL","image":{"@type":"ImageObject","inLanguage":"ro-RO","@id":"https:\/\/secure.gravatar.com\/avatar\/5e87996a50ae2ab46b00fceeeaf96f4ea6936f57c0b849f1d668bd140d0141d9?s=96&d=mm&r=g","url":"https:\/\/secure.gravatar.com\/avatar\/5e87996a50ae2ab46b00fceeeaf96f4ea6936f57c0b849f1d668bd140d0141d9?s=96&d=mm&r=g","contentUrl":"https:\/\/secure.gravatar.com\/avatar\/5e87996a50ae2ab46b00fceeeaf96f4ea6936f57c0b849f1d668bd140d0141d9?s=96&d=mm&r=g","caption":"TOTUL"},"url":"https:\/\/totul.md\/ro\/author\/anna-perjan\/"}]}},"_links":{"self":[{"href":"https:\/\/totul.md\/ro\/wp-json\/wp\/v2\/posts\/54402","targetHints":{"allow":["GET"]}}],"collection":[{"href":"https:\/\/totul.md\/ro\/wp-json\/wp\/v2\/posts"}],"about":[{"href":"https:\/\/totul.md\/ro\/wp-json\/wp\/v2\/types\/post"}],"author":[{"embeddable":true,"href":"https:\/\/totul.md\/ro\/wp-json\/wp\/v2\/users\/78"}],"replies":[{"embeddable":true,"href":"https:\/\/totul.md\/ro\/wp-json\/wp\/v2\/comments?post=54402"}],"version-history":[{"count":1,"href":"https:\/\/totul.md\/ro\/wp-json\/wp\/v2\/posts\/54402\/revisions"}],"predecessor-version":[{"id":54403,"href":"https:\/\/totul.md\/ro\/wp-json\/wp\/v2\/posts\/54402\/revisions\/54403"}],"wp:featuredmedia":[{"embeddable":true,"href":"https:\/\/totul.md\/ro\/wp-json\/wp\/v2\/media\/54407"}],"wp:attachment":[{"href":"https:\/\/totul.md\/ro\/wp-json\/wp\/v2\/media?parent=54402"}],"wp:term":[{"taxonomy":"category","embeddable":true,"href":"https:\/\/totul.md\/ro\/wp-json\/wp\/v2\/categories?post=54402"},{"taxonomy":"post_tag","embeddable":true,"href":"https:\/\/totul.md\/ro\/wp-json\/wp\/v2\/tags?post=54402"}],"curies":[{"name":"wp","href":"https:\/\/api.w.org\/{rel}","templated":true}]}}