{"id":54430,"date":"2026-09-02T12:34:25","date_gmt":"2026-09-02T12:34:25","guid":{"rendered":"https:\/\/totul.md\/?p=54430"},"modified":"2026-09-02T12:36:55","modified_gmt":"2026-09-02T12:36:55","slug":"o-chestiune-care-priveste-intreaga-ue-ministrul-de-externe-al-italiei","status":"publish","type":"post","link":"https:\/\/totul.md\/ro\/news\/o-chestiune-care-priveste-intreaga-ue-ministrul-de-externe-al-italiei\/","title":{"rendered":"\u201eO chestiune care prive\u0219te \u00eentreaga UE\u201d: ministrul de Externe al Italiei"},"content":{"rendered":"<p>Costul vie\u021bii, deteriorarea sistemului de s\u0103n\u0103tate, problemele de securitate \u0219i migra\u021bia se num\u0103r\u0103 printre principalele preocup\u0103ri ale italienilor \u00een ajunul alegerilor.<\/p>\n<p>Rusia ar putea \u00eencerca s\u0103 intervin\u0103 \u00een alegerile parlamentare din Italia, a declarat ministrul de Externe al \u021b\u0103rii, Antonio Tajani. Potrivit acestuia, astfel de tentative ar putea viza \u0219i alte \u021b\u0103ri ale UE.<\/p>\n<p><em>\u201eNu pot fi excluse tentativele Federa\u021biei Ruse de a interveni \u00een via\u021ba democratic\u0103 a \u021b\u0103rilor Uniunii Europene \u0219i de a influen\u021ba voin\u021ba aleg\u0103torilor\u201d, <\/em>a declarat Tajani.<\/p>\n<p>Ministrul a comentat \u0219i o publica\u021bie a Financial Times, care l-a numit pe liderul partidului italian de dreapta \u201eViitorul Na\u021biunii\u201d, Roberto Vannacci, \u201ecalul troian al Rusiei\u201d. Tajani a declarat c\u0103 sper\u0103 ca aceste afirma\u021bii s\u0103 fie complet nefondate, relateaz\u0103 <a href=\"https:\/\/www.euronews.com\/my-europe\/2026\/09\/02\/an-issue-that-concerns-the-entire-eu-italys-fm-warns-of-possible-russian-meddling-in-gener\" target=\"_blank\" rel=\"nofollow\">Euronews.<\/a><\/p>\n<p>Potrivit FT, Vannacci \u00eencearc\u0103 s\u0103 transforme simpatia fa\u021b\u0103 de Moscova, care persist\u0103 \u00een anumite segmente ale societ\u0103\u021bii italiene, precum \u0219i nemul\u021bumirea fa\u021b\u0103 de consecin\u021bele economice ale r\u0103zboiului din Ucraina, \u00een sprijin politic.<\/p>\n<p>Pe fondul acestor declara\u021bii, rela\u021biile dintre Roma \u0219i Moscova devin tot mai tensionate. Recent, ministrul Ap\u0103r\u0103rii al Italiei, Guido Crosetto, a reac\u021bionat dur la criticile Moscovei \u00een leg\u0103tur\u0103 cu numirea fostului ministru al Ap\u0103r\u0103rii al Ucrainei, Mihail Fiodorov, \u00een func\u021bia de consilier al Ministerului italian al Ap\u0103r\u0103rii.<\/p>\n","protected":false},"excerpt":{"rendered":"<p>Costul vie\u021bii, deteriorarea sistemului de s\u0103n\u0103tate, problemele de securitate \u0219i migra\u021bia se num\u0103r\u0103 printre principalele preocup\u0103ri ale italienilor \u00een ajunul alegerilor. Rusia ar putea \u00eencerca s\u0103 intervin\u0103 \u00een alegerile parlamentare din Italia, a declarat ministrul de Externe al \u021b\u0103rii, Antonio Tajani. Potrivit acestuia, astfel de tentative ar putea viza \u0219i alte \u021b\u0103ri ale UE. \u201eNu [&hellip;]<\/p>\n","protected":false},"author":78,"featured_media":54428,"comment_status":"closed","ping_status":"closed","sticky":false,"template":"","format":"standard","meta":{"footnotes":""},"categories":[218],"tags":[],"class_list":["post-54430","post","type-post","status-publish","format-standard","has-post-thumbnail","category-news"],"yoast_head":"<!-- This site is optimized with the Yoast SEO plugin v28.3 - https:\/\/yoast.com\/product\/yoast-seo-wordpress\/ -->\n<title>\u201eO chestiune care prive\u0219te \u00eentreaga UE\u201d: ministrul de Externe al Italiei<\/title>\n<meta name=\"robots\" content=\"index, follow, max-snippet:-1, max-image-preview:large, max-video-preview:-1\" \/>\n<link rel=\"canonical\" href=\"https:\/\/totul.md\/ro\/news\/o-chestiune-care-priveste-intreaga-ue-ministrul-de-externe-al-italiei\/\" \/>\n<meta property=\"og:locale\" content=\"ro_RO\" \/>\n<meta property=\"og:type\" content=\"article\" \/>\n<meta property=\"og:title\" content=\"\u201eO chestiune care prive\u0219te \u00eentreaga UE\u201d: ministrul de Externe al Italiei\" \/>\n<meta property=\"og:description\" content=\"Costul vie\u021bii, deteriorarea sistemului de s\u0103n\u0103tate, problemele de securitate \u0219i migra\u021bia se num\u0103r\u0103 printre principalele preocup\u0103ri ale italienilor \u00een ajunul alegerilor. Rusia ar putea \u00eencerca s\u0103 intervin\u0103 \u00een alegerile parlamentare din Italia, a declarat ministrul de Externe al \u021b\u0103rii, Antonio Tajani. Potrivit acestuia, astfel de tentative ar putea viza \u0219i alte \u021b\u0103ri ale UE. \u201eNu [&hellip;]\" \/>\n<meta property=\"og:url\" content=\"https:\/\/totul.md\/ro\/news\/o-chestiune-care-priveste-intreaga-ue-ministrul-de-externe-al-italiei\/\" \/>\n<meta property=\"og:site_name\" content=\"Totul\" \/>\n<meta property=\"article:published_time\" content=\"2026-09-02T12:34:25+00:00\" \/>\n<meta property=\"article:modified_time\" content=\"2026-09-02T12:36:55+00:00\" \/>\n<meta property=\"og:image\" content=\"https:\/\/totul.md\/wp-content\/uploads\/2026\/09\/\u0421\u043d\u0438\u043c\u043e\u043a-\u044d\u043a\u0440\u0430\u043d\u0430-2026-09-02-\u0432-15.25.32.png\" \/>\n\t<meta property=\"og:image:width\" content=\"1021\" \/>\n\t<meta property=\"og:image:height\" content=\"572\" \/>\n\t<meta property=\"og:image:type\" content=\"image\/png\" \/>\n<meta name=\"author\" content=\"TOTUL\" \/>\n<meta name=\"twitter:card\" content=\"summary_large_image\" \/>\n<meta name=\"twitter:label1\" content=\"Scris de\" \/>\n\t<meta name=\"twitter:data1\" content=\"TOTUL\" \/>\n\t<meta name=\"twitter:label2\" content=\"Timp estimat pentru citire\" \/>\n\t<meta name=\"twitter:data2\" content=\"2 minute\" \/>\n<script type=\"application\/ld+json\" class=\"yoast-schema-graph\">{\"@context\":\"https:\\\/\\\/schema.org\",\"@graph\":[{\"@type\":\"Article\",\"@id\":\"https:\\\/\\\/totul.md\\\/ro\\\/news\\\/o-chestiune-care-priveste-intreaga-ue-ministrul-de-externe-al-italiei\\\/#article\",\"isPartOf\":{\"@id\":\"https:\\\/\\\/totul.md\\\/ro\\\/news\\\/o-chestiune-care-priveste-intreaga-ue-ministrul-de-externe-al-italiei\\\/\"},\"author\":{\"name\":\"TOTUL\",\"@id\":\"https:\\\/\\\/totul.md\\\/#\\\/schema\\\/person\\\/93f2fffe0c74089acf5f74fb041a330b\"},\"headline\":\"\u201eO chestiune care prive\u0219te \u00eentreaga UE\u201d: ministrul de Externe al Italiei\",\"datePublished\":\"2026-09-02T12:34:25+00:00\",\"dateModified\":\"2026-09-02T12:36:55+00:00\",\"mainEntityOfPage\":{\"@id\":\"https:\\\/\\\/totul.md\\\/ro\\\/news\\\/o-chestiune-care-priveste-intreaga-ue-ministrul-de-externe-al-italiei\\\/\"},\"wordCount\":240,\"image\":{\"@id\":\"https:\\\/\\\/totul.md\\\/ro\\\/news\\\/o-chestiune-care-priveste-intreaga-ue-ministrul-de-externe-al-italiei\\\/#primaryimage\"},\"thumbnailUrl\":\"https:\\\/\\\/totul.md\\\/wp-content\\\/uploads\\\/2026\\\/09\\\/\u0421\u043d\u0438\u043c\u043e\u043a-\u044d\u043a\u0440\u0430\u043d\u0430-2026-09-02-\u0432-15.25.32.png\",\"articleSection\":[\"\u0218tiri\"],\"inLanguage\":\"ro-RO\"},{\"@type\":\"WebPage\",\"@id\":\"https:\\\/\\\/totul.md\\\/ro\\\/news\\\/o-chestiune-care-priveste-intreaga-ue-ministrul-de-externe-al-italiei\\\/\",\"url\":\"https:\\\/\\\/totul.md\\\/ro\\\/news\\\/o-chestiune-care-priveste-intreaga-ue-ministrul-de-externe-al-italiei\\\/\",\"name\":\"\u201eO chestiune care prive\u0219te \u00eentreaga UE\u201d: ministrul de Externe al Italiei\",\"isPartOf\":{\"@id\":\"https:\\\/\\\/totul.md\\\/#website\"},\"primaryImageOfPage\":{\"@id\":\"https:\\\/\\\/totul.md\\\/ro\\\/news\\\/o-chestiune-care-priveste-intreaga-ue-ministrul-de-externe-al-italiei\\\/#primaryimage\"},\"image\":{\"@id\":\"https:\\\/\\\/totul.md\\\/ro\\\/news\\\/o-chestiune-care-priveste-intreaga-ue-ministrul-de-externe-al-italiei\\\/#primaryimage\"},\"thumbnailUrl\":\"https:\\\/\\\/totul.md\\\/wp-content\\\/uploads\\\/2026\\\/09\\\/\u0421\u043d\u0438\u043c\u043e\u043a-\u044d\u043a\u0440\u0430\u043d\u0430-2026-09-02-\u0432-15.25.32.png\",\"datePublished\":\"2026-09-02T12:34:25+00:00\",\"dateModified\":\"2026-09-02T12:36:55+00:00\",\"author\":{\"@id\":\"https:\\\/\\\/totul.md\\\/#\\\/schema\\\/person\\\/93f2fffe0c74089acf5f74fb041a330b\"},\"breadcrumb\":{\"@id\":\"https:\\\/\\\/totul.md\\\/ro\\\/news\\\/o-chestiune-care-priveste-intreaga-ue-ministrul-de-externe-al-italiei\\\/#breadcrumb\"},\"inLanguage\":\"ro-RO\",\"potentialAction\":[{\"@type\":\"ReadAction\",\"target\":[\"https:\\\/\\\/totul.md\\\/ro\\\/news\\\/o-chestiune-care-priveste-intreaga-ue-ministrul-de-externe-al-italiei\\\/\"]}]},{\"@type\":\"ImageObject\",\"inLanguage\":\"ro-RO\",\"@id\":\"https:\\\/\\\/totul.md\\\/ro\\\/news\\\/o-chestiune-care-priveste-intreaga-ue-ministrul-de-externe-al-italiei\\\/#primaryimage\",\"url\":\"https:\\\/\\\/totul.md\\\/wp-content\\\/uploads\\\/2026\\\/09\\\/\u0421\u043d\u0438\u043c\u043e\u043a-\u044d\u043a\u0440\u0430\u043d\u0430-2026-09-02-\u0432-15.25.32.png\",\"contentUrl\":\"https:\\\/\\\/totul.md\\\/wp-content\\\/uploads\\\/2026\\\/09\\\/\u0421\u043d\u0438\u043c\u043e\u043a-\u044d\u043a\u0440\u0430\u043d\u0430-2026-09-02-\u0432-15.25.32.png\",\"width\":1021,\"height\":572},{\"@type\":\"BreadcrumbList\",\"@id\":\"https:\\\/\\\/totul.md\\\/ro\\\/news\\\/o-chestiune-care-priveste-intreaga-ue-ministrul-de-externe-al-italiei\\\/#breadcrumb\",\"itemListElement\":[{\"@type\":\"ListItem\",\"position\":1,\"name\":\"\u0413\u043b\u0430\u0432\u043d\u0430\u044f \u0441\u0442\u0440\u0430\u043d\u0438\u0446\u0430\",\"item\":\"https:\\\/\\\/totul.md\\\/ro\\\/acasa\\\/\"},{\"@type\":\"ListItem\",\"position\":2,\"name\":\"\u201eO chestiune care prive\u0219te \u00eentreaga UE\u201d: ministrul de Externe al Italiei\"}]},{\"@type\":\"WebSite\",\"@id\":\"https:\\\/\\\/totul.md\\\/#website\",\"url\":\"https:\\\/\\\/totul.md\\\/\",\"name\":\"TOTUL.md\",\"description\":\"\",\"potentialAction\":[{\"@type\":\"SearchAction\",\"target\":{\"@type\":\"EntryPoint\",\"urlTemplate\":\"https:\\\/\\\/totul.md\\\/?s={search_term_string}\"},\"query-input\":{\"@type\":\"PropertyValueSpecification\",\"valueRequired\":true,\"valueName\":\"search_term_string\"}}],\"inLanguage\":\"ro-RO\"},{\"@type\":\"Person\",\"@id\":\"https:\\\/\\\/totul.md\\\/#\\\/schema\\\/person\\\/93f2fffe0c74089acf5f74fb041a330b\",\"name\":\"TOTUL\",\"image\":{\"@type\":\"ImageObject\",\"inLanguage\":\"ro-RO\",\"@id\":\"https:\\\/\\\/secure.gravatar.com\\\/avatar\\\/5e87996a50ae2ab46b00fceeeaf96f4ea6936f57c0b849f1d668bd140d0141d9?s=96&d=mm&r=g\",\"url\":\"https:\\\/\\\/secure.gravatar.com\\\/avatar\\\/5e87996a50ae2ab46b00fceeeaf96f4ea6936f57c0b849f1d668bd140d0141d9?s=96&d=mm&r=g\",\"contentUrl\":\"https:\\\/\\\/secure.gravatar.com\\\/avatar\\\/5e87996a50ae2ab46b00fceeeaf96f4ea6936f57c0b849f1d668bd140d0141d9?s=96&d=mm&r=g\",\"caption\":\"TOTUL\"},\"url\":\"https:\\\/\\\/totul.md\\\/ro\\\/author\\\/anna-perjan\\\/\"}]}<\/script>\n<!-- \/ Yoast SEO plugin. -->","yoast_head_json":{"title":"\u201eO chestiune care prive\u0219te \u00eentreaga UE\u201d: ministrul de Externe al Italiei","robots":{"index":"index","follow":"follow","max-snippet":"max-snippet:-1","max-image-preview":"max-image-preview:large","max-video-preview":"max-video-preview:-1"},"canonical":"https:\/\/totul.md\/ro\/news\/o-chestiune-care-priveste-intreaga-ue-ministrul-de-externe-al-italiei\/","og_locale":"ro_RO","og_type":"article","og_title":"\u201eO chestiune care prive\u0219te \u00eentreaga UE\u201d: ministrul de Externe al Italiei","og_description":"Costul vie\u021bii, deteriorarea sistemului de s\u0103n\u0103tate, problemele de securitate \u0219i migra\u021bia se num\u0103r\u0103 printre principalele preocup\u0103ri ale italienilor \u00een ajunul alegerilor. Rusia ar putea \u00eencerca s\u0103 intervin\u0103 \u00een alegerile parlamentare din Italia, a declarat ministrul de Externe al \u021b\u0103rii, Antonio Tajani. Potrivit acestuia, astfel de tentative ar putea viza \u0219i alte \u021b\u0103ri ale UE. \u201eNu [&hellip;]","og_url":"https:\/\/totul.md\/ro\/news\/o-chestiune-care-priveste-intreaga-ue-ministrul-de-externe-al-italiei\/","og_site_name":"Totul","article_published_time":"2026-09-02T12:34:25+00:00","article_modified_time":"2026-09-02T12:36:55+00:00","og_image":[{"width":1021,"height":572,"url":"https:\/\/totul.md\/wp-content\/uploads\/2026\/09\/\u0421\u043d\u0438\u043c\u043e\u043a-\u044d\u043a\u0440\u0430\u043d\u0430-2026-09-02-\u0432-15.25.32.png","type":"image\/png"}],"author":"TOTUL","twitter_card":"summary_large_image","twitter_misc":{"Scris de":"TOTUL","Timp estimat pentru citire":"2 minute"},"schema":{"@context":"https:\/\/schema.org","@graph":[{"@type":"Article","@id":"https:\/\/totul.md\/ro\/news\/o-chestiune-care-priveste-intreaga-ue-ministrul-de-externe-al-italiei\/#article","isPartOf":{"@id":"https:\/\/totul.md\/ro\/news\/o-chestiune-care-priveste-intreaga-ue-ministrul-de-externe-al-italiei\/"},"author":{"name":"TOTUL","@id":"https:\/\/totul.md\/#\/schema\/person\/93f2fffe0c74089acf5f74fb041a330b"},"headline":"\u201eO chestiune care prive\u0219te \u00eentreaga UE\u201d: ministrul de Externe al Italiei","datePublished":"2026-09-02T12:34:25+00:00","dateModified":"2026-09-02T12:36:55+00:00","mainEntityOfPage":{"@id":"https:\/\/totul.md\/ro\/news\/o-chestiune-care-priveste-intreaga-ue-ministrul-de-externe-al-italiei\/"},"wordCount":240,"image":{"@id":"https:\/\/totul.md\/ro\/news\/o-chestiune-care-priveste-intreaga-ue-ministrul-de-externe-al-italiei\/#primaryimage"},"thumbnailUrl":"https:\/\/totul.md\/wp-content\/uploads\/2026\/09\/\u0421\u043d\u0438\u043c\u043e\u043a-\u044d\u043a\u0440\u0430\u043d\u0430-2026-09-02-\u0432-15.25.32.png","articleSection":["\u0218tiri"],"inLanguage":"ro-RO"},{"@type":"WebPage","@id":"https:\/\/totul.md\/ro\/news\/o-chestiune-care-priveste-intreaga-ue-ministrul-de-externe-al-italiei\/","url":"https:\/\/totul.md\/ro\/news\/o-chestiune-care-priveste-intreaga-ue-ministrul-de-externe-al-italiei\/","name":"\u201eO chestiune care prive\u0219te \u00eentreaga UE\u201d: ministrul de Externe al Italiei","isPartOf":{"@id":"https:\/\/totul.md\/#website"},"primaryImageOfPage":{"@id":"https:\/\/totul.md\/ro\/news\/o-chestiune-care-priveste-intreaga-ue-ministrul-de-externe-al-italiei\/#primaryimage"},"image":{"@id":"https:\/\/totul.md\/ro\/news\/o-chestiune-care-priveste-intreaga-ue-ministrul-de-externe-al-italiei\/#primaryimage"},"thumbnailUrl":"https:\/\/totul.md\/wp-content\/uploads\/2026\/09\/\u0421\u043d\u0438\u043c\u043e\u043a-\u044d\u043a\u0440\u0430\u043d\u0430-2026-09-02-\u0432-15.25.32.png","datePublished":"2026-09-02T12:34:25+00:00","dateModified":"2026-09-02T12:36:55+00:00","author":{"@id":"https:\/\/totul.md\/#\/schema\/person\/93f2fffe0c74089acf5f74fb041a330b"},"breadcrumb":{"@id":"https:\/\/totul.md\/ro\/news\/o-chestiune-care-priveste-intreaga-ue-ministrul-de-externe-al-italiei\/#breadcrumb"},"inLanguage":"ro-RO","potentialAction":[{"@type":"ReadAction","target":["https:\/\/totul.md\/ro\/news\/o-chestiune-care-priveste-intreaga-ue-ministrul-de-externe-al-italiei\/"]}]},{"@type":"ImageObject","inLanguage":"ro-RO","@id":"https:\/\/totul.md\/ro\/news\/o-chestiune-care-priveste-intreaga-ue-ministrul-de-externe-al-italiei\/#primaryimage","url":"https:\/\/totul.md\/wp-content\/uploads\/2026\/09\/\u0421\u043d\u0438\u043c\u043e\u043a-\u044d\u043a\u0440\u0430\u043d\u0430-2026-09-02-\u0432-15.25.32.png","contentUrl":"https:\/\/totul.md\/wp-content\/uploads\/2026\/09\/\u0421\u043d\u0438\u043c\u043e\u043a-\u044d\u043a\u0440\u0430\u043d\u0430-2026-09-02-\u0432-15.25.32.png","width":1021,"height":572},{"@type":"BreadcrumbList","@id":"https:\/\/totul.md\/ro\/news\/o-chestiune-care-priveste-intreaga-ue-ministrul-de-externe-al-italiei\/#breadcrumb","itemListElement":[{"@type":"ListItem","position":1,"name":"\u0413\u043b\u0430\u0432\u043d\u0430\u044f \u0441\u0442\u0440\u0430\u043d\u0438\u0446\u0430","item":"https:\/\/totul.md\/ro\/acasa\/"},{"@type":"ListItem","position":2,"name":"\u201eO chestiune care prive\u0219te \u00eentreaga UE\u201d: ministrul de Externe al Italiei"}]},{"@type":"WebSite","@id":"https:\/\/totul.md\/#website","url":"https:\/\/totul.md\/","name":"TOTUL.md","description":"","potentialAction":[{"@type":"SearchAction","target":{"@type":"EntryPoint","urlTemplate":"https:\/\/totul.md\/?s={search_term_string}"},"query-input":{"@type":"PropertyValueSpecification","valueRequired":true,"valueName":"search_term_string"}}],"inLanguage":"ro-RO"},{"@type":"Person","@id":"https:\/\/totul.md\/#\/schema\/person\/93f2fffe0c74089acf5f74fb041a330b","name":"TOTUL","image":{"@type":"ImageObject","inLanguage":"ro-RO","@id":"https:\/\/secure.gravatar.com\/avatar\/5e87996a50ae2ab46b00fceeeaf96f4ea6936f57c0b849f1d668bd140d0141d9?s=96&d=mm&r=g","url":"https:\/\/secure.gravatar.com\/avatar\/5e87996a50ae2ab46b00fceeeaf96f4ea6936f57c0b849f1d668bd140d0141d9?s=96&d=mm&r=g","contentUrl":"https:\/\/secure.gravatar.com\/avatar\/5e87996a50ae2ab46b00fceeeaf96f4ea6936f57c0b849f1d668bd140d0141d9?s=96&d=mm&r=g","caption":"TOTUL"},"url":"https:\/\/totul.md\/ro\/author\/anna-perjan\/"}]}},"_links":{"self":[{"href":"https:\/\/totul.md\/ro\/wp-json\/wp\/v2\/posts\/54430","targetHints":{"allow":["GET"]}}],"collection":[{"href":"https:\/\/totul.md\/ro\/wp-json\/wp\/v2\/posts"}],"about":[{"href":"https:\/\/totul.md\/ro\/wp-json\/wp\/v2\/types\/post"}],"author":[{"embeddable":true,"href":"https:\/\/totul.md\/ro\/wp-json\/wp\/v2\/users\/78"}],"replies":[{"embeddable":true,"href":"https:\/\/totul.md\/ro\/wp-json\/wp\/v2\/comments?post=54430"}],"version-history":[{"count":2,"href":"https:\/\/totul.md\/ro\/wp-json\/wp\/v2\/posts\/54430\/revisions"}],"predecessor-version":[{"id":54432,"href":"https:\/\/totul.md\/ro\/wp-json\/wp\/v2\/posts\/54430\/revisions\/54432"}],"wp:featuredmedia":[{"embeddable":true,"href":"https:\/\/totul.md\/ro\/wp-json\/wp\/v2\/media\/54428"}],"wp:attachment":[{"href":"https:\/\/totul.md\/ro\/wp-json\/wp\/v2\/media?parent=54430"}],"wp:term":[{"taxonomy":"category","embeddable":true,"href":"https:\/\/totul.md\/ro\/wp-json\/wp\/v2\/categories?post=54430"},{"taxonomy":"post_tag","embeddable":true,"href":"https:\/\/totul.md\/ro\/wp-json\/wp\/v2\/tags?post=54430"}],"curies":[{"name":"wp","href":"https:\/\/api.w.org\/{rel}","templated":true}]}}