{"id":54438,"date":"2026-09-02T15:54:50","date_gmt":"2026-09-02T15:54:50","guid":{"rendered":"https:\/\/totul.md\/?p=54438"},"modified":"2026-09-02T16:00:02","modified_gmt":"2026-09-02T16:00:02","slug":"parlamentul-republicii-moldova-incepe-sesiunea-de-toamna-ce-subiecte-vor-fi-in-centrul-atentiei","status":"publish","type":"post","link":"https:\/\/totul.md\/ro\/news\/parlamentul-republicii-moldova-incepe-sesiunea-de-toamna-ce-subiecte-vor-fi-in-centrul-atentiei\/","title":{"rendered":"Parlamentul Republicii Moldova \u00eencepe sesiunea de toamn\u0103: ce subiecte vor fi \u00een centrul aten\u021biei"},"content":{"rendered":"<p>Parlamentul Republicii Moldova a \u00eenceput, la 1 septembrie, cea de-a doua sesiune ordinar\u0103 din 2026. Sesiunea de toamn\u0103 se va desf\u0103\u0219ura p\u00e2n\u0103 la sf\u00e2r\u0219itul lunii decembrie.<\/p>\n<p>\u00cen urm\u0103toarele luni, deputa\u021bii se vor concentra pe economie, agricultur\u0103, educa\u021bie \u0219i modific\u0103rile legislative legate de integrarea european\u0103.<\/p>\n<p>Unul dintre primele subiecte este <strong>dezvoltarea industriei.<\/strong> Deputa\u021bii examineaz\u0103 posibilitatea cre\u0103rii unor parcuri industriale la ini\u021biativa institu\u021biilor publice.<\/p>\n<p>O aten\u021bie deosebit\u0103 este acordat\u0103 <strong>protec\u021biei agricultorilor autohtoni.<\/strong> Se propune introducerea temporar\u0103 a unui regim de licen\u021biere pentru importul de cereale \u0219i culturi oleaginoase. \u00cen acela\u0219i timp, este creat cadrul legislativ pentru consolidarea organiza\u021biilor produc\u0103torilor agricoli.<\/p>\n<p>\u00cen domeniul <strong>educa\u021biei<\/strong>, Parlamentul examineaz\u0103 m\u0103suri legate de proiectul \u201eModernizarea \u0219colilor\u201d, inclusiv facilit\u0103\u021bi fiscale \u0219i vamale pentru bunurile \u0219i serviciile necesare implement\u0103rii acestuia.<\/p>\n<p>O parte important\u0103 a agendei de toamn\u0103 va r\u0103m\u00e2ne <strong>integrarea european\u0103 \u0219i reformele.<\/strong> Printre subiecte se num\u0103r\u0103 modific\u0103rile menite s\u0103 consolideze independen\u021ba B\u0103ncii Na\u021bionale a Moldovei, m\u0103surile de protec\u021bie social\u0103 \u0219i continuarea alinierii legisla\u021biei la standardele europene.<\/p>\n<p>Sesiunea de toamn\u0103 va fi, de asemenea, perioada de preg\u0103tire a bugetului pentru anul 2027, care va stabili principalele priorit\u0103\u021bi financiare ale statului pentru anul viitor.<\/p>\n","protected":false},"excerpt":{"rendered":"<p>Parlamentul Republicii Moldova a \u00eenceput, la 1 septembrie, cea de-a doua sesiune ordinar\u0103 din 2026. Sesiunea de toamn\u0103 se va desf\u0103\u0219ura p\u00e2n\u0103 la sf\u00e2r\u0219itul lunii decembrie. \u00cen urm\u0103toarele luni, deputa\u021bii se vor concentra pe economie, agricultur\u0103, educa\u021bie \u0219i modific\u0103rile legislative legate de integrarea european\u0103. Unul dintre primele subiecte este dezvoltarea industriei. Deputa\u021bii examineaz\u0103 posibilitatea cre\u0103rii [&hellip;]<\/p>\n","protected":false},"author":78,"featured_media":54442,"comment_status":"closed","ping_status":"closed","sticky":false,"template":"","format":"standard","meta":{"footnotes":""},"categories":[218],"tags":[],"class_list":["post-54438","post","type-post","status-publish","format-standard","has-post-thumbnail","category-news"],"yoast_head":"<!-- This site is optimized with the Yoast SEO plugin v28.3 - https:\/\/yoast.com\/product\/yoast-seo-wordpress\/ -->\n<title>Parlamentul Republicii Moldova \u00eencepe sesiunea de toamn\u0103: ce subiecte vor fi \u00een centrul aten\u021biei<\/title>\n<meta name=\"robots\" content=\"index, follow, max-snippet:-1, max-image-preview:large, max-video-preview:-1\" \/>\n<link rel=\"canonical\" href=\"https:\/\/totul.md\/ro\/news\/parlamentul-republicii-moldova-incepe-sesiunea-de-toamna-ce-subiecte-vor-fi-in-centrul-atentiei\/\" \/>\n<meta property=\"og:locale\" content=\"ro_RO\" \/>\n<meta property=\"og:type\" content=\"article\" \/>\n<meta property=\"og:title\" content=\"Parlamentul Republicii Moldova \u00eencepe sesiunea de toamn\u0103: ce subiecte vor fi \u00een centrul aten\u021biei\" \/>\n<meta property=\"og:description\" content=\"Parlamentul Republicii Moldova a \u00eenceput, la 1 septembrie, cea de-a doua sesiune ordinar\u0103 din 2026. Sesiunea de toamn\u0103 se va desf\u0103\u0219ura p\u00e2n\u0103 la sf\u00e2r\u0219itul lunii decembrie. \u00cen urm\u0103toarele luni, deputa\u021bii se vor concentra pe economie, agricultur\u0103, educa\u021bie \u0219i modific\u0103rile legislative legate de integrarea european\u0103. Unul dintre primele subiecte este dezvoltarea industriei. Deputa\u021bii examineaz\u0103 posibilitatea cre\u0103rii [&hellip;]\" \/>\n<meta property=\"og:url\" content=\"https:\/\/totul.md\/ro\/news\/parlamentul-republicii-moldova-incepe-sesiunea-de-toamna-ce-subiecte-vor-fi-in-centrul-atentiei\/\" \/>\n<meta property=\"og:site_name\" content=\"Totul\" \/>\n<meta property=\"article:published_time\" content=\"2026-09-02T15:54:50+00:00\" \/>\n<meta property=\"article:modified_time\" content=\"2026-09-02T16:00:02+00:00\" \/>\n<meta property=\"og:image\" content=\"https:\/\/totul.md\/wp-content\/uploads\/2026\/09\/j9v53hj9-1.jpeg\" \/>\n\t<meta property=\"og:image:width\" content=\"1333\" \/>\n\t<meta property=\"og:image:height\" content=\"784\" \/>\n\t<meta property=\"og:image:type\" content=\"image\/jpeg\" \/>\n<meta name=\"author\" content=\"TOTUL\" \/>\n<meta name=\"twitter:card\" content=\"summary_large_image\" \/>\n<meta name=\"twitter:label1\" content=\"Scris de\" \/>\n\t<meta name=\"twitter:data1\" content=\"TOTUL\" \/>\n\t<meta name=\"twitter:label2\" content=\"Timp estimat pentru citire\" \/>\n\t<meta name=\"twitter:data2\" content=\"2 minute\" \/>\n<script type=\"application\/ld+json\" class=\"yoast-schema-graph\">{\"@context\":\"https:\\\/\\\/schema.org\",\"@graph\":[{\"@type\":\"Article\",\"@id\":\"https:\\\/\\\/totul.md\\\/ro\\\/news\\\/parlamentul-republicii-moldova-incepe-sesiunea-de-toamna-ce-subiecte-vor-fi-in-centrul-atentiei\\\/#article\",\"isPartOf\":{\"@id\":\"https:\\\/\\\/totul.md\\\/ro\\\/news\\\/parlamentul-republicii-moldova-incepe-sesiunea-de-toamna-ce-subiecte-vor-fi-in-centrul-atentiei\\\/\"},\"author\":{\"name\":\"TOTUL\",\"@id\":\"https:\\\/\\\/totul.md\\\/#\\\/schema\\\/person\\\/93f2fffe0c74089acf5f74fb041a330b\"},\"headline\":\"Parlamentul Republicii Moldova \u00eencepe sesiunea de toamn\u0103: ce subiecte vor fi \u00een centrul aten\u021biei\",\"datePublished\":\"2026-09-02T15:54:50+00:00\",\"dateModified\":\"2026-09-02T16:00:02+00:00\",\"mainEntityOfPage\":{\"@id\":\"https:\\\/\\\/totul.md\\\/ro\\\/news\\\/parlamentul-republicii-moldova-incepe-sesiunea-de-toamna-ce-subiecte-vor-fi-in-centrul-atentiei\\\/\"},\"wordCount\":230,\"image\":{\"@id\":\"https:\\\/\\\/totul.md\\\/ro\\\/news\\\/parlamentul-republicii-moldova-incepe-sesiunea-de-toamna-ce-subiecte-vor-fi-in-centrul-atentiei\\\/#primaryimage\"},\"thumbnailUrl\":\"https:\\\/\\\/totul.md\\\/wp-content\\\/uploads\\\/2026\\\/09\\\/j9v53hj9-1.jpeg\",\"articleSection\":[\"\u0218tiri\"],\"inLanguage\":\"ro-RO\"},{\"@type\":\"WebPage\",\"@id\":\"https:\\\/\\\/totul.md\\\/ro\\\/news\\\/parlamentul-republicii-moldova-incepe-sesiunea-de-toamna-ce-subiecte-vor-fi-in-centrul-atentiei\\\/\",\"url\":\"https:\\\/\\\/totul.md\\\/ro\\\/news\\\/parlamentul-republicii-moldova-incepe-sesiunea-de-toamna-ce-subiecte-vor-fi-in-centrul-atentiei\\\/\",\"name\":\"Parlamentul Republicii Moldova \u00eencepe sesiunea de toamn\u0103: ce subiecte vor fi \u00een centrul aten\u021biei\",\"isPartOf\":{\"@id\":\"https:\\\/\\\/totul.md\\\/#website\"},\"primaryImageOfPage\":{\"@id\":\"https:\\\/\\\/totul.md\\\/ro\\\/news\\\/parlamentul-republicii-moldova-incepe-sesiunea-de-toamna-ce-subiecte-vor-fi-in-centrul-atentiei\\\/#primaryimage\"},\"image\":{\"@id\":\"https:\\\/\\\/totul.md\\\/ro\\\/news\\\/parlamentul-republicii-moldova-incepe-sesiunea-de-toamna-ce-subiecte-vor-fi-in-centrul-atentiei\\\/#primaryimage\"},\"thumbnailUrl\":\"https:\\\/\\\/totul.md\\\/wp-content\\\/uploads\\\/2026\\\/09\\\/j9v53hj9-1.jpeg\",\"datePublished\":\"2026-09-02T15:54:50+00:00\",\"dateModified\":\"2026-09-02T16:00:02+00:00\",\"author\":{\"@id\":\"https:\\\/\\\/totul.md\\\/#\\\/schema\\\/person\\\/93f2fffe0c74089acf5f74fb041a330b\"},\"breadcrumb\":{\"@id\":\"https:\\\/\\\/totul.md\\\/ro\\\/news\\\/parlamentul-republicii-moldova-incepe-sesiunea-de-toamna-ce-subiecte-vor-fi-in-centrul-atentiei\\\/#breadcrumb\"},\"inLanguage\":\"ro-RO\",\"potentialAction\":[{\"@type\":\"ReadAction\",\"target\":[\"https:\\\/\\\/totul.md\\\/ro\\\/news\\\/parlamentul-republicii-moldova-incepe-sesiunea-de-toamna-ce-subiecte-vor-fi-in-centrul-atentiei\\\/\"]}]},{\"@type\":\"ImageObject\",\"inLanguage\":\"ro-RO\",\"@id\":\"https:\\\/\\\/totul.md\\\/ro\\\/news\\\/parlamentul-republicii-moldova-incepe-sesiunea-de-toamna-ce-subiecte-vor-fi-in-centrul-atentiei\\\/#primaryimage\",\"url\":\"https:\\\/\\\/totul.md\\\/wp-content\\\/uploads\\\/2026\\\/09\\\/j9v53hj9-1.jpeg\",\"contentUrl\":\"https:\\\/\\\/totul.md\\\/wp-content\\\/uploads\\\/2026\\\/09\\\/j9v53hj9-1.jpeg\",\"width\":1333,\"height\":784},{\"@type\":\"BreadcrumbList\",\"@id\":\"https:\\\/\\\/totul.md\\\/ro\\\/news\\\/parlamentul-republicii-moldova-incepe-sesiunea-de-toamna-ce-subiecte-vor-fi-in-centrul-atentiei\\\/#breadcrumb\",\"itemListElement\":[{\"@type\":\"ListItem\",\"position\":1,\"name\":\"\u0413\u043b\u0430\u0432\u043d\u0430\u044f \u0441\u0442\u0440\u0430\u043d\u0438\u0446\u0430\",\"item\":\"https:\\\/\\\/totul.md\\\/ro\\\/acasa\\\/\"},{\"@type\":\"ListItem\",\"position\":2,\"name\":\"Parlamentul Republicii Moldova \u00eencepe sesiunea de toamn\u0103: ce subiecte vor fi \u00een centrul aten\u021biei\"}]},{\"@type\":\"WebSite\",\"@id\":\"https:\\\/\\\/totul.md\\\/#website\",\"url\":\"https:\\\/\\\/totul.md\\\/\",\"name\":\"TOTUL.md\",\"description\":\"\",\"potentialAction\":[{\"@type\":\"SearchAction\",\"target\":{\"@type\":\"EntryPoint\",\"urlTemplate\":\"https:\\\/\\\/totul.md\\\/?s={search_term_string}\"},\"query-input\":{\"@type\":\"PropertyValueSpecification\",\"valueRequired\":true,\"valueName\":\"search_term_string\"}}],\"inLanguage\":\"ro-RO\"},{\"@type\":\"Person\",\"@id\":\"https:\\\/\\\/totul.md\\\/#\\\/schema\\\/person\\\/93f2fffe0c74089acf5f74fb041a330b\",\"name\":\"TOTUL\",\"image\":{\"@type\":\"ImageObject\",\"inLanguage\":\"ro-RO\",\"@id\":\"https:\\\/\\\/secure.gravatar.com\\\/avatar\\\/5e87996a50ae2ab46b00fceeeaf96f4ea6936f57c0b849f1d668bd140d0141d9?s=96&d=mm&r=g\",\"url\":\"https:\\\/\\\/secure.gravatar.com\\\/avatar\\\/5e87996a50ae2ab46b00fceeeaf96f4ea6936f57c0b849f1d668bd140d0141d9?s=96&d=mm&r=g\",\"contentUrl\":\"https:\\\/\\\/secure.gravatar.com\\\/avatar\\\/5e87996a50ae2ab46b00fceeeaf96f4ea6936f57c0b849f1d668bd140d0141d9?s=96&d=mm&r=g\",\"caption\":\"TOTUL\"},\"url\":\"https:\\\/\\\/totul.md\\\/ro\\\/author\\\/anna-perjan\\\/\"}]}<\/script>\n<!-- \/ Yoast SEO plugin. -->","yoast_head_json":{"title":"Parlamentul Republicii Moldova \u00eencepe sesiunea de toamn\u0103: ce subiecte vor fi \u00een centrul aten\u021biei","robots":{"index":"index","follow":"follow","max-snippet":"max-snippet:-1","max-image-preview":"max-image-preview:large","max-video-preview":"max-video-preview:-1"},"canonical":"https:\/\/totul.md\/ro\/news\/parlamentul-republicii-moldova-incepe-sesiunea-de-toamna-ce-subiecte-vor-fi-in-centrul-atentiei\/","og_locale":"ro_RO","og_type":"article","og_title":"Parlamentul Republicii Moldova \u00eencepe sesiunea de toamn\u0103: ce subiecte vor fi \u00een centrul aten\u021biei","og_description":"Parlamentul Republicii Moldova a \u00eenceput, la 1 septembrie, cea de-a doua sesiune ordinar\u0103 din 2026. Sesiunea de toamn\u0103 se va desf\u0103\u0219ura p\u00e2n\u0103 la sf\u00e2r\u0219itul lunii decembrie. \u00cen urm\u0103toarele luni, deputa\u021bii se vor concentra pe economie, agricultur\u0103, educa\u021bie \u0219i modific\u0103rile legislative legate de integrarea european\u0103. Unul dintre primele subiecte este dezvoltarea industriei. Deputa\u021bii examineaz\u0103 posibilitatea cre\u0103rii [&hellip;]","og_url":"https:\/\/totul.md\/ro\/news\/parlamentul-republicii-moldova-incepe-sesiunea-de-toamna-ce-subiecte-vor-fi-in-centrul-atentiei\/","og_site_name":"Totul","article_published_time":"2026-09-02T15:54:50+00:00","article_modified_time":"2026-09-02T16:00:02+00:00","og_image":[{"width":1333,"height":784,"url":"https:\/\/totul.md\/wp-content\/uploads\/2026\/09\/j9v53hj9-1.jpeg","type":"image\/jpeg"}],"author":"TOTUL","twitter_card":"summary_large_image","twitter_misc":{"Scris de":"TOTUL","Timp estimat pentru citire":"2 minute"},"schema":{"@context":"https:\/\/schema.org","@graph":[{"@type":"Article","@id":"https:\/\/totul.md\/ro\/news\/parlamentul-republicii-moldova-incepe-sesiunea-de-toamna-ce-subiecte-vor-fi-in-centrul-atentiei\/#article","isPartOf":{"@id":"https:\/\/totul.md\/ro\/news\/parlamentul-republicii-moldova-incepe-sesiunea-de-toamna-ce-subiecte-vor-fi-in-centrul-atentiei\/"},"author":{"name":"TOTUL","@id":"https:\/\/totul.md\/#\/schema\/person\/93f2fffe0c74089acf5f74fb041a330b"},"headline":"Parlamentul Republicii Moldova \u00eencepe sesiunea de toamn\u0103: ce subiecte vor fi \u00een centrul aten\u021biei","datePublished":"2026-09-02T15:54:50+00:00","dateModified":"2026-09-02T16:00:02+00:00","mainEntityOfPage":{"@id":"https:\/\/totul.md\/ro\/news\/parlamentul-republicii-moldova-incepe-sesiunea-de-toamna-ce-subiecte-vor-fi-in-centrul-atentiei\/"},"wordCount":230,"image":{"@id":"https:\/\/totul.md\/ro\/news\/parlamentul-republicii-moldova-incepe-sesiunea-de-toamna-ce-subiecte-vor-fi-in-centrul-atentiei\/#primaryimage"},"thumbnailUrl":"https:\/\/totul.md\/wp-content\/uploads\/2026\/09\/j9v53hj9-1.jpeg","articleSection":["\u0218tiri"],"inLanguage":"ro-RO"},{"@type":"WebPage","@id":"https:\/\/totul.md\/ro\/news\/parlamentul-republicii-moldova-incepe-sesiunea-de-toamna-ce-subiecte-vor-fi-in-centrul-atentiei\/","url":"https:\/\/totul.md\/ro\/news\/parlamentul-republicii-moldova-incepe-sesiunea-de-toamna-ce-subiecte-vor-fi-in-centrul-atentiei\/","name":"Parlamentul Republicii Moldova \u00eencepe sesiunea de toamn\u0103: ce subiecte vor fi \u00een centrul aten\u021biei","isPartOf":{"@id":"https:\/\/totul.md\/#website"},"primaryImageOfPage":{"@id":"https:\/\/totul.md\/ro\/news\/parlamentul-republicii-moldova-incepe-sesiunea-de-toamna-ce-subiecte-vor-fi-in-centrul-atentiei\/#primaryimage"},"image":{"@id":"https:\/\/totul.md\/ro\/news\/parlamentul-republicii-moldova-incepe-sesiunea-de-toamna-ce-subiecte-vor-fi-in-centrul-atentiei\/#primaryimage"},"thumbnailUrl":"https:\/\/totul.md\/wp-content\/uploads\/2026\/09\/j9v53hj9-1.jpeg","datePublished":"2026-09-02T15:54:50+00:00","dateModified":"2026-09-02T16:00:02+00:00","author":{"@id":"https:\/\/totul.md\/#\/schema\/person\/93f2fffe0c74089acf5f74fb041a330b"},"breadcrumb":{"@id":"https:\/\/totul.md\/ro\/news\/parlamentul-republicii-moldova-incepe-sesiunea-de-toamna-ce-subiecte-vor-fi-in-centrul-atentiei\/#breadcrumb"},"inLanguage":"ro-RO","potentialAction":[{"@type":"ReadAction","target":["https:\/\/totul.md\/ro\/news\/parlamentul-republicii-moldova-incepe-sesiunea-de-toamna-ce-subiecte-vor-fi-in-centrul-atentiei\/"]}]},{"@type":"ImageObject","inLanguage":"ro-RO","@id":"https:\/\/totul.md\/ro\/news\/parlamentul-republicii-moldova-incepe-sesiunea-de-toamna-ce-subiecte-vor-fi-in-centrul-atentiei\/#primaryimage","url":"https:\/\/totul.md\/wp-content\/uploads\/2026\/09\/j9v53hj9-1.jpeg","contentUrl":"https:\/\/totul.md\/wp-content\/uploads\/2026\/09\/j9v53hj9-1.jpeg","width":1333,"height":784},{"@type":"BreadcrumbList","@id":"https:\/\/totul.md\/ro\/news\/parlamentul-republicii-moldova-incepe-sesiunea-de-toamna-ce-subiecte-vor-fi-in-centrul-atentiei\/#breadcrumb","itemListElement":[{"@type":"ListItem","position":1,"name":"\u0413\u043b\u0430\u0432\u043d\u0430\u044f \u0441\u0442\u0440\u0430\u043d\u0438\u0446\u0430","item":"https:\/\/totul.md\/ro\/acasa\/"},{"@type":"ListItem","position":2,"name":"Parlamentul Republicii Moldova \u00eencepe sesiunea de toamn\u0103: ce subiecte vor fi \u00een centrul aten\u021biei"}]},{"@type":"WebSite","@id":"https:\/\/totul.md\/#website","url":"https:\/\/totul.md\/","name":"TOTUL.md","description":"","potentialAction":[{"@type":"SearchAction","target":{"@type":"EntryPoint","urlTemplate":"https:\/\/totul.md\/?s={search_term_string}"},"query-input":{"@type":"PropertyValueSpecification","valueRequired":true,"valueName":"search_term_string"}}],"inLanguage":"ro-RO"},{"@type":"Person","@id":"https:\/\/totul.md\/#\/schema\/person\/93f2fffe0c74089acf5f74fb041a330b","name":"TOTUL","image":{"@type":"ImageObject","inLanguage":"ro-RO","@id":"https:\/\/secure.gravatar.com\/avatar\/5e87996a50ae2ab46b00fceeeaf96f4ea6936f57c0b849f1d668bd140d0141d9?s=96&d=mm&r=g","url":"https:\/\/secure.gravatar.com\/avatar\/5e87996a50ae2ab46b00fceeeaf96f4ea6936f57c0b849f1d668bd140d0141d9?s=96&d=mm&r=g","contentUrl":"https:\/\/secure.gravatar.com\/avatar\/5e87996a50ae2ab46b00fceeeaf96f4ea6936f57c0b849f1d668bd140d0141d9?s=96&d=mm&r=g","caption":"TOTUL"},"url":"https:\/\/totul.md\/ro\/author\/anna-perjan\/"}]}},"_links":{"self":[{"href":"https:\/\/totul.md\/ro\/wp-json\/wp\/v2\/posts\/54438","targetHints":{"allow":["GET"]}}],"collection":[{"href":"https:\/\/totul.md\/ro\/wp-json\/wp\/v2\/posts"}],"about":[{"href":"https:\/\/totul.md\/ro\/wp-json\/wp\/v2\/types\/post"}],"author":[{"embeddable":true,"href":"https:\/\/totul.md\/ro\/wp-json\/wp\/v2\/users\/78"}],"replies":[{"embeddable":true,"href":"https:\/\/totul.md\/ro\/wp-json\/wp\/v2\/comments?post=54438"}],"version-history":[{"count":1,"href":"https:\/\/totul.md\/ro\/wp-json\/wp\/v2\/posts\/54438\/revisions"}],"predecessor-version":[{"id":54439,"href":"https:\/\/totul.md\/ro\/wp-json\/wp\/v2\/posts\/54438\/revisions\/54439"}],"wp:featuredmedia":[{"embeddable":true,"href":"https:\/\/totul.md\/ro\/wp-json\/wp\/v2\/media\/54442"}],"wp:attachment":[{"href":"https:\/\/totul.md\/ro\/wp-json\/wp\/v2\/media?parent=54438"}],"wp:term":[{"taxonomy":"category","embeddable":true,"href":"https:\/\/totul.md\/ro\/wp-json\/wp\/v2\/categories?post=54438"},{"taxonomy":"post_tag","embeddable":true,"href":"https:\/\/totul.md\/ro\/wp-json\/wp\/v2\/tags?post=54438"}],"curies":[{"name":"wp","href":"https:\/\/api.w.org\/{rel}","templated":true}]}}