{"id":54449,"date":"2026-09-02T19:00:34","date_gmt":"2026-09-02T19:00:34","guid":{"rendered":"https:\/\/totul.md\/?p=54449"},"modified":"2026-09-02T19:00:46","modified_gmt":"2026-09-02T19:00:46","slug":"claudiu-nasui-republica-moldova-se-confrunta-cu-constrangeri-financiare-serioase-guvernul-va-trebui-sa-ia-decizii-dificile","status":"publish","type":"post","link":"https:\/\/totul.md\/ro\/news\/claudiu-nasui-republica-moldova-se-confrunta-cu-constrangeri-financiare-serioase-guvernul-va-trebui-sa-ia-decizii-dificile\/","title":{"rendered":"Claudiu N\u0103sui: Republica Moldova se confrunt\u0103 cu constr\u00e2ngeri financiare serioase \u2014 Guvernul va trebui s\u0103 ia \u201edecizii dificile\u201d"},"content":{"rendered":"<p>Situa\u021bia financiar\u0103 a Republicii Moldova r\u0103m\u00e2ne dificil\u0103, iar Guvernul va trebui s\u0103 ia decizii nepopulare pe fondul unui deficit bugetar semnificativ \u0219i al dependen\u021bei de \u00eemprumuturile de stat. Declara\u021bia \u00eei apar\u021bine noului ministru al Dezvolt\u0103rii Economice \u0219i Digitaliz\u0103rii, Claudiu N\u0103sui.<\/p>\n<p>Potrivit ministrului, \u00een condi\u021biile unui deficit bugetar ridicat \u0219i ale utiliz\u0103rii \u00een principal a \u00eemprumuturilor pe termen scurt, posibilit\u0103\u021bile statului sunt limitate. Autorit\u0103\u021bile sunt nevoite s\u0103 revizuiasc\u0103 modul \u00een care sunt distribuite resursele bugetare \u0219i s\u0103 stabileasc\u0103 ce cheltuieli reprezint\u0103 priorit\u0103\u021bi.<\/p>\n<p><em>\u201eSitua\u021bia financiar\u0103 nu este una simpl\u0103. \u00cen condi\u021biile unui deficit relativ mare \u0219i, mai ales, ale \u00eemprumuturilor pe termen scurt, trebuie s\u0103 facem alegeri dificile\u201d,<\/em> a declarat N\u0103sui.<\/p>\n<p>Declara\u021bia a fost f\u0103cut\u0103 \u00een contextul discu\u021biilor privind redistribuirea fondurilor publice \u00eentre diferite domenii. Potrivit ministrului, deciziile dificile trebuie luate acum pentru ca statul s\u0103 nu se confrunte \u00een viitor cu consecin\u021be financiare \u0219i mai grave.<\/p>\n<p>Astfel, noul ministru a eviden\u021biat una dintre principalele probleme ale perioadei urm\u0103toare: \u00een condi\u021biile unor resurse bugetare limitate, Guvernul va trebui s\u0103 aleag\u0103 \u00eentre men\u021binerea cheltuielilor actuale \u0219i necesitatea de a limita cre\u0219terea deficitului \u0219i a poverii datoriei publice.<\/p>\n<p>\u00centrebarea nu mai este doar unde s\u0103 fie direc\u021bionate fondurile suplimentare, ci \u0219i <strong>ce cheltuieli publice \u00ee\u0219i poate permite Republica Moldova \u00een condi\u021biile unei nevoi tot mai mari de \u00eemprumuturi.<\/strong><\/p>\n","protected":false},"excerpt":{"rendered":"<p>Situa\u021bia financiar\u0103 a Republicii Moldova r\u0103m\u00e2ne dificil\u0103, iar Guvernul va trebui s\u0103 ia decizii nepopulare pe fondul unui deficit bugetar semnificativ \u0219i al dependen\u021bei de \u00eemprumuturile de stat. Declara\u021bia \u00eei apar\u021bine noului ministru al Dezvolt\u0103rii Economice \u0219i Digitaliz\u0103rii, Claudiu N\u0103sui. Potrivit ministrului, \u00een condi\u021biile unui deficit bugetar ridicat \u0219i ale utiliz\u0103rii \u00een principal a \u00eemprumuturilor [&hellip;]<\/p>\n","protected":false},"author":78,"featured_media":54446,"comment_status":"closed","ping_status":"closed","sticky":false,"template":"","format":"standard","meta":{"footnotes":""},"categories":[218],"tags":[],"class_list":["post-54449","post","type-post","status-publish","format-standard","has-post-thumbnail","category-news"],"yoast_head":"<!-- This site is optimized with the Yoast SEO plugin v28.3 - https:\/\/yoast.com\/product\/yoast-seo-wordpress\/ -->\n<title>Claudiu N\u0103sui: Republica Moldova se confrunt\u0103 cu constr\u00e2ngeri financiare serioase \u2014 Guvernul va trebui s\u0103 ia \u201edecizii dificile\u201d<\/title>\n<meta name=\"robots\" content=\"index, follow, max-snippet:-1, max-image-preview:large, max-video-preview:-1\" \/>\n<link rel=\"canonical\" href=\"https:\/\/totul.md\/ro\/news\/claudiu-nasui-republica-moldova-se-confrunta-cu-constrangeri-financiare-serioase-guvernul-va-trebui-sa-ia-decizii-dificile\/\" \/>\n<meta property=\"og:locale\" content=\"ro_RO\" \/>\n<meta property=\"og:type\" content=\"article\" \/>\n<meta property=\"og:title\" content=\"Claudiu N\u0103sui: Republica Moldova se confrunt\u0103 cu constr\u00e2ngeri financiare serioase \u2014 Guvernul va trebui s\u0103 ia \u201edecizii dificile\u201d\" \/>\n<meta property=\"og:description\" content=\"Situa\u021bia financiar\u0103 a Republicii Moldova r\u0103m\u00e2ne dificil\u0103, iar Guvernul va trebui s\u0103 ia decizii nepopulare pe fondul unui deficit bugetar semnificativ \u0219i al dependen\u021bei de \u00eemprumuturile de stat. Declara\u021bia \u00eei apar\u021bine noului ministru al Dezvolt\u0103rii Economice \u0219i Digitaliz\u0103rii, Claudiu N\u0103sui. Potrivit ministrului, \u00een condi\u021biile unui deficit bugetar ridicat \u0219i ale utiliz\u0103rii \u00een principal a \u00eemprumuturilor [&hellip;]\" \/>\n<meta property=\"og:url\" content=\"https:\/\/totul.md\/ro\/news\/claudiu-nasui-republica-moldova-se-confrunta-cu-constrangeri-financiare-serioase-guvernul-va-trebui-sa-ia-decizii-dificile\/\" \/>\n<meta property=\"og:site_name\" content=\"Totul\" \/>\n<meta property=\"article:published_time\" content=\"2026-09-02T19:00:34+00:00\" \/>\n<meta property=\"article:modified_time\" content=\"2026-09-02T19:00:46+00:00\" \/>\n<meta property=\"og:image\" content=\"https:\/\/totul.md\/wp-content\/uploads\/2026\/09\/9pjjss.jpeg\" \/>\n\t<meta property=\"og:image:width\" content=\"1402\" \/>\n\t<meta property=\"og:image:height\" content=\"768\" \/>\n\t<meta property=\"og:image:type\" content=\"image\/jpeg\" \/>\n<meta name=\"author\" content=\"TOTUL\" \/>\n<meta name=\"twitter:card\" content=\"summary_large_image\" \/>\n<meta name=\"twitter:label1\" content=\"Scris de\" \/>\n\t<meta name=\"twitter:data1\" content=\"TOTUL\" \/>\n\t<meta name=\"twitter:label2\" content=\"Timp estimat pentru citire\" \/>\n\t<meta name=\"twitter:data2\" content=\"2 minute\" \/>\n<script type=\"application\/ld+json\" class=\"yoast-schema-graph\">{\"@context\":\"https:\\\/\\\/schema.org\",\"@graph\":[{\"@type\":\"Article\",\"@id\":\"https:\\\/\\\/totul.md\\\/ro\\\/news\\\/claudiu-nasui-republica-moldova-se-confrunta-cu-constrangeri-financiare-serioase-guvernul-va-trebui-sa-ia-decizii-dificile\\\/#article\",\"isPartOf\":{\"@id\":\"https:\\\/\\\/totul.md\\\/ro\\\/news\\\/claudiu-nasui-republica-moldova-se-confrunta-cu-constrangeri-financiare-serioase-guvernul-va-trebui-sa-ia-decizii-dificile\\\/\"},\"author\":{\"name\":\"TOTUL\",\"@id\":\"https:\\\/\\\/totul.md\\\/#\\\/schema\\\/person\\\/93f2fffe0c74089acf5f74fb041a330b\"},\"headline\":\"Claudiu N\u0103sui: Republica Moldova se confrunt\u0103 cu constr\u00e2ngeri financiare serioase \u2014 Guvernul va trebui s\u0103 ia \u201edecizii dificile\u201d\",\"datePublished\":\"2026-09-02T19:00:34+00:00\",\"dateModified\":\"2026-09-02T19:00:46+00:00\",\"mainEntityOfPage\":{\"@id\":\"https:\\\/\\\/totul.md\\\/ro\\\/news\\\/claudiu-nasui-republica-moldova-se-confrunta-cu-constrangeri-financiare-serioase-guvernul-va-trebui-sa-ia-decizii-dificile\\\/\"},\"wordCount\":261,\"image\":{\"@id\":\"https:\\\/\\\/totul.md\\\/ro\\\/news\\\/claudiu-nasui-republica-moldova-se-confrunta-cu-constrangeri-financiare-serioase-guvernul-va-trebui-sa-ia-decizii-dificile\\\/#primaryimage\"},\"thumbnailUrl\":\"https:\\\/\\\/totul.md\\\/wp-content\\\/uploads\\\/2026\\\/09\\\/9pjjss.jpeg\",\"articleSection\":[\"\u0218tiri\"],\"inLanguage\":\"ro-RO\"},{\"@type\":\"WebPage\",\"@id\":\"https:\\\/\\\/totul.md\\\/ro\\\/news\\\/claudiu-nasui-republica-moldova-se-confrunta-cu-constrangeri-financiare-serioase-guvernul-va-trebui-sa-ia-decizii-dificile\\\/\",\"url\":\"https:\\\/\\\/totul.md\\\/ro\\\/news\\\/claudiu-nasui-republica-moldova-se-confrunta-cu-constrangeri-financiare-serioase-guvernul-va-trebui-sa-ia-decizii-dificile\\\/\",\"name\":\"Claudiu N\u0103sui: Republica Moldova se confrunt\u0103 cu constr\u00e2ngeri financiare serioase \u2014 Guvernul va trebui s\u0103 ia \u201edecizii dificile\u201d\",\"isPartOf\":{\"@id\":\"https:\\\/\\\/totul.md\\\/#website\"},\"primaryImageOfPage\":{\"@id\":\"https:\\\/\\\/totul.md\\\/ro\\\/news\\\/claudiu-nasui-republica-moldova-se-confrunta-cu-constrangeri-financiare-serioase-guvernul-va-trebui-sa-ia-decizii-dificile\\\/#primaryimage\"},\"image\":{\"@id\":\"https:\\\/\\\/totul.md\\\/ro\\\/news\\\/claudiu-nasui-republica-moldova-se-confrunta-cu-constrangeri-financiare-serioase-guvernul-va-trebui-sa-ia-decizii-dificile\\\/#primaryimage\"},\"thumbnailUrl\":\"https:\\\/\\\/totul.md\\\/wp-content\\\/uploads\\\/2026\\\/09\\\/9pjjss.jpeg\",\"datePublished\":\"2026-09-02T19:00:34+00:00\",\"dateModified\":\"2026-09-02T19:00:46+00:00\",\"author\":{\"@id\":\"https:\\\/\\\/totul.md\\\/#\\\/schema\\\/person\\\/93f2fffe0c74089acf5f74fb041a330b\"},\"breadcrumb\":{\"@id\":\"https:\\\/\\\/totul.md\\\/ro\\\/news\\\/claudiu-nasui-republica-moldova-se-confrunta-cu-constrangeri-financiare-serioase-guvernul-va-trebui-sa-ia-decizii-dificile\\\/#breadcrumb\"},\"inLanguage\":\"ro-RO\",\"potentialAction\":[{\"@type\":\"ReadAction\",\"target\":[\"https:\\\/\\\/totul.md\\\/ro\\\/news\\\/claudiu-nasui-republica-moldova-se-confrunta-cu-constrangeri-financiare-serioase-guvernul-va-trebui-sa-ia-decizii-dificile\\\/\"]}]},{\"@type\":\"ImageObject\",\"inLanguage\":\"ro-RO\",\"@id\":\"https:\\\/\\\/totul.md\\\/ro\\\/news\\\/claudiu-nasui-republica-moldova-se-confrunta-cu-constrangeri-financiare-serioase-guvernul-va-trebui-sa-ia-decizii-dificile\\\/#primaryimage\",\"url\":\"https:\\\/\\\/totul.md\\\/wp-content\\\/uploads\\\/2026\\\/09\\\/9pjjss.jpeg\",\"contentUrl\":\"https:\\\/\\\/totul.md\\\/wp-content\\\/uploads\\\/2026\\\/09\\\/9pjjss.jpeg\",\"width\":1402,\"height\":768},{\"@type\":\"BreadcrumbList\",\"@id\":\"https:\\\/\\\/totul.md\\\/ro\\\/news\\\/claudiu-nasui-republica-moldova-se-confrunta-cu-constrangeri-financiare-serioase-guvernul-va-trebui-sa-ia-decizii-dificile\\\/#breadcrumb\",\"itemListElement\":[{\"@type\":\"ListItem\",\"position\":1,\"name\":\"\u0413\u043b\u0430\u0432\u043d\u0430\u044f \u0441\u0442\u0440\u0430\u043d\u0438\u0446\u0430\",\"item\":\"https:\\\/\\\/totul.md\\\/ro\\\/acasa\\\/\"},{\"@type\":\"ListItem\",\"position\":2,\"name\":\"Claudiu N\u0103sui: Republica Moldova se confrunt\u0103 cu constr\u00e2ngeri financiare serioase \u2014 Guvernul va trebui s\u0103 ia \u201edecizii dificile\u201d\"}]},{\"@type\":\"WebSite\",\"@id\":\"https:\\\/\\\/totul.md\\\/#website\",\"url\":\"https:\\\/\\\/totul.md\\\/\",\"name\":\"TOTUL.md\",\"description\":\"\",\"potentialAction\":[{\"@type\":\"SearchAction\",\"target\":{\"@type\":\"EntryPoint\",\"urlTemplate\":\"https:\\\/\\\/totul.md\\\/?s={search_term_string}\"},\"query-input\":{\"@type\":\"PropertyValueSpecification\",\"valueRequired\":true,\"valueName\":\"search_term_string\"}}],\"inLanguage\":\"ro-RO\"},{\"@type\":\"Person\",\"@id\":\"https:\\\/\\\/totul.md\\\/#\\\/schema\\\/person\\\/93f2fffe0c74089acf5f74fb041a330b\",\"name\":\"TOTUL\",\"image\":{\"@type\":\"ImageObject\",\"inLanguage\":\"ro-RO\",\"@id\":\"https:\\\/\\\/secure.gravatar.com\\\/avatar\\\/5e87996a50ae2ab46b00fceeeaf96f4ea6936f57c0b849f1d668bd140d0141d9?s=96&d=mm&r=g\",\"url\":\"https:\\\/\\\/secure.gravatar.com\\\/avatar\\\/5e87996a50ae2ab46b00fceeeaf96f4ea6936f57c0b849f1d668bd140d0141d9?s=96&d=mm&r=g\",\"contentUrl\":\"https:\\\/\\\/secure.gravatar.com\\\/avatar\\\/5e87996a50ae2ab46b00fceeeaf96f4ea6936f57c0b849f1d668bd140d0141d9?s=96&d=mm&r=g\",\"caption\":\"TOTUL\"},\"url\":\"https:\\\/\\\/totul.md\\\/ro\\\/author\\\/anna-perjan\\\/\"}]}<\/script>\n<!-- \/ Yoast SEO plugin. -->","yoast_head_json":{"title":"Claudiu N\u0103sui: Republica Moldova se confrunt\u0103 cu constr\u00e2ngeri financiare serioase \u2014 Guvernul va trebui s\u0103 ia \u201edecizii dificile\u201d","robots":{"index":"index","follow":"follow","max-snippet":"max-snippet:-1","max-image-preview":"max-image-preview:large","max-video-preview":"max-video-preview:-1"},"canonical":"https:\/\/totul.md\/ro\/news\/claudiu-nasui-republica-moldova-se-confrunta-cu-constrangeri-financiare-serioase-guvernul-va-trebui-sa-ia-decizii-dificile\/","og_locale":"ro_RO","og_type":"article","og_title":"Claudiu N\u0103sui: Republica Moldova se confrunt\u0103 cu constr\u00e2ngeri financiare serioase \u2014 Guvernul va trebui s\u0103 ia \u201edecizii dificile\u201d","og_description":"Situa\u021bia financiar\u0103 a Republicii Moldova r\u0103m\u00e2ne dificil\u0103, iar Guvernul va trebui s\u0103 ia decizii nepopulare pe fondul unui deficit bugetar semnificativ \u0219i al dependen\u021bei de \u00eemprumuturile de stat. Declara\u021bia \u00eei apar\u021bine noului ministru al Dezvolt\u0103rii Economice \u0219i Digitaliz\u0103rii, Claudiu N\u0103sui. Potrivit ministrului, \u00een condi\u021biile unui deficit bugetar ridicat \u0219i ale utiliz\u0103rii \u00een principal a \u00eemprumuturilor [&hellip;]","og_url":"https:\/\/totul.md\/ro\/news\/claudiu-nasui-republica-moldova-se-confrunta-cu-constrangeri-financiare-serioase-guvernul-va-trebui-sa-ia-decizii-dificile\/","og_site_name":"Totul","article_published_time":"2026-09-02T19:00:34+00:00","article_modified_time":"2026-09-02T19:00:46+00:00","og_image":[{"width":1402,"height":768,"url":"https:\/\/totul.md\/wp-content\/uploads\/2026\/09\/9pjjss.jpeg","type":"image\/jpeg"}],"author":"TOTUL","twitter_card":"summary_large_image","twitter_misc":{"Scris de":"TOTUL","Timp estimat pentru citire":"2 minute"},"schema":{"@context":"https:\/\/schema.org","@graph":[{"@type":"Article","@id":"https:\/\/totul.md\/ro\/news\/claudiu-nasui-republica-moldova-se-confrunta-cu-constrangeri-financiare-serioase-guvernul-va-trebui-sa-ia-decizii-dificile\/#article","isPartOf":{"@id":"https:\/\/totul.md\/ro\/news\/claudiu-nasui-republica-moldova-se-confrunta-cu-constrangeri-financiare-serioase-guvernul-va-trebui-sa-ia-decizii-dificile\/"},"author":{"name":"TOTUL","@id":"https:\/\/totul.md\/#\/schema\/person\/93f2fffe0c74089acf5f74fb041a330b"},"headline":"Claudiu N\u0103sui: Republica Moldova se confrunt\u0103 cu constr\u00e2ngeri financiare serioase \u2014 Guvernul va trebui s\u0103 ia \u201edecizii dificile\u201d","datePublished":"2026-09-02T19:00:34+00:00","dateModified":"2026-09-02T19:00:46+00:00","mainEntityOfPage":{"@id":"https:\/\/totul.md\/ro\/news\/claudiu-nasui-republica-moldova-se-confrunta-cu-constrangeri-financiare-serioase-guvernul-va-trebui-sa-ia-decizii-dificile\/"},"wordCount":261,"image":{"@id":"https:\/\/totul.md\/ro\/news\/claudiu-nasui-republica-moldova-se-confrunta-cu-constrangeri-financiare-serioase-guvernul-va-trebui-sa-ia-decizii-dificile\/#primaryimage"},"thumbnailUrl":"https:\/\/totul.md\/wp-content\/uploads\/2026\/09\/9pjjss.jpeg","articleSection":["\u0218tiri"],"inLanguage":"ro-RO"},{"@type":"WebPage","@id":"https:\/\/totul.md\/ro\/news\/claudiu-nasui-republica-moldova-se-confrunta-cu-constrangeri-financiare-serioase-guvernul-va-trebui-sa-ia-decizii-dificile\/","url":"https:\/\/totul.md\/ro\/news\/claudiu-nasui-republica-moldova-se-confrunta-cu-constrangeri-financiare-serioase-guvernul-va-trebui-sa-ia-decizii-dificile\/","name":"Claudiu N\u0103sui: Republica Moldova se confrunt\u0103 cu constr\u00e2ngeri financiare serioase \u2014 Guvernul va trebui s\u0103 ia \u201edecizii dificile\u201d","isPartOf":{"@id":"https:\/\/totul.md\/#website"},"primaryImageOfPage":{"@id":"https:\/\/totul.md\/ro\/news\/claudiu-nasui-republica-moldova-se-confrunta-cu-constrangeri-financiare-serioase-guvernul-va-trebui-sa-ia-decizii-dificile\/#primaryimage"},"image":{"@id":"https:\/\/totul.md\/ro\/news\/claudiu-nasui-republica-moldova-se-confrunta-cu-constrangeri-financiare-serioase-guvernul-va-trebui-sa-ia-decizii-dificile\/#primaryimage"},"thumbnailUrl":"https:\/\/totul.md\/wp-content\/uploads\/2026\/09\/9pjjss.jpeg","datePublished":"2026-09-02T19:00:34+00:00","dateModified":"2026-09-02T19:00:46+00:00","author":{"@id":"https:\/\/totul.md\/#\/schema\/person\/93f2fffe0c74089acf5f74fb041a330b"},"breadcrumb":{"@id":"https:\/\/totul.md\/ro\/news\/claudiu-nasui-republica-moldova-se-confrunta-cu-constrangeri-financiare-serioase-guvernul-va-trebui-sa-ia-decizii-dificile\/#breadcrumb"},"inLanguage":"ro-RO","potentialAction":[{"@type":"ReadAction","target":["https:\/\/totul.md\/ro\/news\/claudiu-nasui-republica-moldova-se-confrunta-cu-constrangeri-financiare-serioase-guvernul-va-trebui-sa-ia-decizii-dificile\/"]}]},{"@type":"ImageObject","inLanguage":"ro-RO","@id":"https:\/\/totul.md\/ro\/news\/claudiu-nasui-republica-moldova-se-confrunta-cu-constrangeri-financiare-serioase-guvernul-va-trebui-sa-ia-decizii-dificile\/#primaryimage","url":"https:\/\/totul.md\/wp-content\/uploads\/2026\/09\/9pjjss.jpeg","contentUrl":"https:\/\/totul.md\/wp-content\/uploads\/2026\/09\/9pjjss.jpeg","width":1402,"height":768},{"@type":"BreadcrumbList","@id":"https:\/\/totul.md\/ro\/news\/claudiu-nasui-republica-moldova-se-confrunta-cu-constrangeri-financiare-serioase-guvernul-va-trebui-sa-ia-decizii-dificile\/#breadcrumb","itemListElement":[{"@type":"ListItem","position":1,"name":"\u0413\u043b\u0430\u0432\u043d\u0430\u044f \u0441\u0442\u0440\u0430\u043d\u0438\u0446\u0430","item":"https:\/\/totul.md\/ro\/acasa\/"},{"@type":"ListItem","position":2,"name":"Claudiu N\u0103sui: Republica Moldova se confrunt\u0103 cu constr\u00e2ngeri financiare serioase \u2014 Guvernul va trebui s\u0103 ia \u201edecizii dificile\u201d"}]},{"@type":"WebSite","@id":"https:\/\/totul.md\/#website","url":"https:\/\/totul.md\/","name":"TOTUL.md","description":"","potentialAction":[{"@type":"SearchAction","target":{"@type":"EntryPoint","urlTemplate":"https:\/\/totul.md\/?s={search_term_string}"},"query-input":{"@type":"PropertyValueSpecification","valueRequired":true,"valueName":"search_term_string"}}],"inLanguage":"ro-RO"},{"@type":"Person","@id":"https:\/\/totul.md\/#\/schema\/person\/93f2fffe0c74089acf5f74fb041a330b","name":"TOTUL","image":{"@type":"ImageObject","inLanguage":"ro-RO","@id":"https:\/\/secure.gravatar.com\/avatar\/5e87996a50ae2ab46b00fceeeaf96f4ea6936f57c0b849f1d668bd140d0141d9?s=96&d=mm&r=g","url":"https:\/\/secure.gravatar.com\/avatar\/5e87996a50ae2ab46b00fceeeaf96f4ea6936f57c0b849f1d668bd140d0141d9?s=96&d=mm&r=g","contentUrl":"https:\/\/secure.gravatar.com\/avatar\/5e87996a50ae2ab46b00fceeeaf96f4ea6936f57c0b849f1d668bd140d0141d9?s=96&d=mm&r=g","caption":"TOTUL"},"url":"https:\/\/totul.md\/ro\/author\/anna-perjan\/"}]}},"_links":{"self":[{"href":"https:\/\/totul.md\/ro\/wp-json\/wp\/v2\/posts\/54449","targetHints":{"allow":["GET"]}}],"collection":[{"href":"https:\/\/totul.md\/ro\/wp-json\/wp\/v2\/posts"}],"about":[{"href":"https:\/\/totul.md\/ro\/wp-json\/wp\/v2\/types\/post"}],"author":[{"embeddable":true,"href":"https:\/\/totul.md\/ro\/wp-json\/wp\/v2\/users\/78"}],"replies":[{"embeddable":true,"href":"https:\/\/totul.md\/ro\/wp-json\/wp\/v2\/comments?post=54449"}],"version-history":[{"count":1,"href":"https:\/\/totul.md\/ro\/wp-json\/wp\/v2\/posts\/54449\/revisions"}],"predecessor-version":[{"id":54450,"href":"https:\/\/totul.md\/ro\/wp-json\/wp\/v2\/posts\/54449\/revisions\/54450"}],"wp:featuredmedia":[{"embeddable":true,"href":"https:\/\/totul.md\/ro\/wp-json\/wp\/v2\/media\/54446"}],"wp:attachment":[{"href":"https:\/\/totul.md\/ro\/wp-json\/wp\/v2\/media?parent=54449"}],"wp:term":[{"taxonomy":"category","embeddable":true,"href":"https:\/\/totul.md\/ro\/wp-json\/wp\/v2\/categories?post=54449"},{"taxonomy":"post_tag","embeddable":true,"href":"https:\/\/totul.md\/ro\/wp-json\/wp\/v2\/tags?post=54449"}],"curies":[{"name":"wp","href":"https:\/\/api.w.org\/{rel}","templated":true}]}}