{"id":54494,"date":"2026-09-03T10:03:42","date_gmt":"2026-09-03T10:03:42","guid":{"rendered":"https:\/\/totul.md\/?p=54494"},"modified":"2026-09-03T10:03:54","modified_gmt":"2026-09-03T10:03:54","slug":"transportul-feroviar-din-republica-moldova-se-redreseaza-treptat","status":"publish","type":"post","link":"https:\/\/totul.md\/ro\/news\/transportul-feroviar-din-republica-moldova-se-redreseaza-treptat\/","title":{"rendered":"Transportul feroviar din Republica Moldova se redreseaz\u0103 treptat"},"content":{"rendered":"<p><strong>Transportul feroviar din Republica Moldova se redreseaz\u0103 treptat dup\u0103 c\u00e2\u021biva ani de declin. \u00cen luna august, Calea Ferat\u0103 a Moldovei (CFM) a transportat 46 548 de tone de m\u0103rfuri destinate exportului \u0219i tranzitului. O parte semnificativ\u0103 a exporturilor a fost reprezentat\u0103 de produse agricole.<\/strong><\/p>\n<p>\u00cen luna august, pentru export au fost transportate <strong>28 529 de tone.<\/strong> Lider a fost rapi\u021ba \u2014 10 789 de tone. Au urmat semin\u021bele de culturi oleaginoase \u2014 7 526 de tone, gr\u00e2ul \u2014 7 428 de tone \u0219i maz\u0103rea \u2014 2 786 de tone. Aceste cifre arat\u0103 c\u00e2t de important\u0103 r\u0103m\u00e2ne calea ferat\u0103 pentru sectorul agricol din Republica Moldova, ca rut\u0103 de acces c\u0103tre pie\u021bele externe.<\/p>\n<p>Alte <strong>18 019 tone<\/strong> au fost transportate \u00een regim de tranzit. O parte semnificativ\u0103 a m\u0103rfurilor a circulat pe rutele care leag\u0103 Ucraina, Republica Moldova \u0219i Rom\u00e2nia.<\/p>\n<p>Cre\u0219terea transporturilor din luna august se \u00eenscrie \u00eentr-o tendin\u021b\u0103 mai ampl\u0103. \u00cen prima jum\u0103tate a anului 2026, volumul m\u0103rfurilor transportate pe cale ferat\u0103 a ajuns la 1,26 milioane de tone, \u00een cre\u0219tere cu 23,2% fa\u021b\u0103 de aceea\u0219i perioad\u0103 a anului trecut. \u00cen acela\u0219i timp, volumul total al transportului de m\u0103rfuri prin toate modurile de transport din \u021bar\u0103 a crescut cu 20,6%.<\/p>\n<p>Pentru CFM, aceast\u0103 evolu\u021bie este deosebit de important\u0103 dup\u0103 c\u00e2\u021biva ani de reducere a fluxurilor de m\u0103rfuri pe fondul r\u0103zboiului din Ucraina. \u00cen prima jum\u0103tate a anului 2022, pe calea ferat\u0103 erau transportate aproximativ dou\u0103 milioane de tone de m\u0103rfuri, \u00een timp ce \u00een aceea\u0219i perioad\u0103 a anului trecut volumul era de pu\u021bin peste un milion de tone. Acum, sectorul \u00eenregistreaz\u0103 o dinamic\u0103 invers\u0103.<\/p>\n<p>\u00cen acela\u0219i timp, poten\u021bialul infrastructurii feroviare este utilizat departe de capacitatea maxim\u0103. Potrivit CFM, re\u021beaua poate asigura circula\u021bia a 8\u201312 perechi de trenuri pe zi, \u00eens\u0103 \u00een prezent este utilizat\u0103 la aproximativ 20% din capacitate. Acest lucru \u00eenseamn\u0103 c\u0103 exporturile \u0219i tranzitul ar putea continua s\u0103 creasc\u0103 f\u0103r\u0103 extinderea imediat\u0103 a capacit\u0103\u021bii infrastructurii, cu condi\u021bia men\u021binerii cererii \u0219i a stabilit\u0103\u021bii rutelor regionale.<\/p>\n","protected":false},"excerpt":{"rendered":"<p>Transportul feroviar din Republica Moldova se redreseaz\u0103 treptat dup\u0103 c\u00e2\u021biva ani de declin. \u00cen luna august, Calea Ferat\u0103 a Moldovei (CFM) a transportat 46 548 de tone de m\u0103rfuri destinate exportului \u0219i tranzitului. O parte semnificativ\u0103 a exporturilor a fost reprezentat\u0103 de produse agricole. \u00cen luna august, pentru export au fost transportate 28 529 de [&hellip;]<\/p>\n","protected":false},"author":78,"featured_media":54492,"comment_status":"closed","ping_status":"closed","sticky":false,"template":"","format":"standard","meta":{"footnotes":""},"categories":[218],"tags":[],"class_list":["post-54494","post","type-post","status-publish","format-standard","has-post-thumbnail","category-news"],"yoast_head":"<!-- This site is optimized with the Yoast SEO plugin v28.3 - https:\/\/yoast.com\/product\/yoast-seo-wordpress\/ -->\n<title>Transportul feroviar din Republica Moldova se redreseaz\u0103 treptat<\/title>\n<meta name=\"robots\" content=\"index, follow, max-snippet:-1, max-image-preview:large, max-video-preview:-1\" \/>\n<link rel=\"canonical\" href=\"https:\/\/totul.md\/ro\/news\/transportul-feroviar-din-republica-moldova-se-redreseaza-treptat\/\" \/>\n<meta property=\"og:locale\" content=\"ro_RO\" \/>\n<meta property=\"og:type\" content=\"article\" \/>\n<meta property=\"og:title\" content=\"Transportul feroviar din Republica Moldova se redreseaz\u0103 treptat\" \/>\n<meta property=\"og:description\" content=\"Transportul feroviar din Republica Moldova se redreseaz\u0103 treptat dup\u0103 c\u00e2\u021biva ani de declin. \u00cen luna august, Calea Ferat\u0103 a Moldovei (CFM) a transportat 46 548 de tone de m\u0103rfuri destinate exportului \u0219i tranzitului. O parte semnificativ\u0103 a exporturilor a fost reprezentat\u0103 de produse agricole. \u00cen luna august, pentru export au fost transportate 28 529 de [&hellip;]\" \/>\n<meta property=\"og:url\" content=\"https:\/\/totul.md\/ro\/news\/transportul-feroviar-din-republica-moldova-se-redreseaza-treptat\/\" \/>\n<meta property=\"og:site_name\" content=\"Totul\" \/>\n<meta property=\"article:published_time\" content=\"2026-09-03T10:03:42+00:00\" \/>\n<meta property=\"article:modified_time\" content=\"2026-09-03T10:03:54+00:00\" \/>\n<meta property=\"og:image\" content=\"https:\/\/totul.md\/wp-content\/uploads\/2026\/09\/2l8mye2l-1.jpeg\" \/>\n\t<meta property=\"og:image:width\" content=\"1456\" \/>\n\t<meta property=\"og:image:height\" content=\"720\" \/>\n\t<meta property=\"og:image:type\" content=\"image\/jpeg\" \/>\n<meta name=\"author\" content=\"TOTUL\" \/>\n<meta name=\"twitter:card\" content=\"summary_large_image\" \/>\n<meta name=\"twitter:label1\" content=\"Scris de\" \/>\n\t<meta name=\"twitter:data1\" content=\"TOTUL\" \/>\n\t<meta name=\"twitter:label2\" content=\"Timp estimat pentru citire\" \/>\n\t<meta name=\"twitter:data2\" content=\"2 minute\" \/>\n<script type=\"application\/ld+json\" class=\"yoast-schema-graph\">{\"@context\":\"https:\\\/\\\/schema.org\",\"@graph\":[{\"@type\":\"Article\",\"@id\":\"https:\\\/\\\/totul.md\\\/ro\\\/news\\\/transportul-feroviar-din-republica-moldova-se-redreseaza-treptat\\\/#article\",\"isPartOf\":{\"@id\":\"https:\\\/\\\/totul.md\\\/ro\\\/news\\\/transportul-feroviar-din-republica-moldova-se-redreseaza-treptat\\\/\"},\"author\":{\"name\":\"TOTUL\",\"@id\":\"https:\\\/\\\/totul.md\\\/#\\\/schema\\\/person\\\/93f2fffe0c74089acf5f74fb041a330b\"},\"headline\":\"Transportul feroviar din Republica Moldova se redreseaz\u0103 treptat\",\"datePublished\":\"2026-09-03T10:03:42+00:00\",\"dateModified\":\"2026-09-03T10:03:54+00:00\",\"mainEntityOfPage\":{\"@id\":\"https:\\\/\\\/totul.md\\\/ro\\\/news\\\/transportul-feroviar-din-republica-moldova-se-redreseaza-treptat\\\/\"},\"wordCount\":345,\"image\":{\"@id\":\"https:\\\/\\\/totul.md\\\/ro\\\/news\\\/transportul-feroviar-din-republica-moldova-se-redreseaza-treptat\\\/#primaryimage\"},\"thumbnailUrl\":\"https:\\\/\\\/totul.md\\\/wp-content\\\/uploads\\\/2026\\\/09\\\/2l8mye2l-1.jpeg\",\"articleSection\":[\"\u0218tiri\"],\"inLanguage\":\"ro-RO\"},{\"@type\":\"WebPage\",\"@id\":\"https:\\\/\\\/totul.md\\\/ro\\\/news\\\/transportul-feroviar-din-republica-moldova-se-redreseaza-treptat\\\/\",\"url\":\"https:\\\/\\\/totul.md\\\/ro\\\/news\\\/transportul-feroviar-din-republica-moldova-se-redreseaza-treptat\\\/\",\"name\":\"Transportul feroviar din Republica Moldova se redreseaz\u0103 treptat\",\"isPartOf\":{\"@id\":\"https:\\\/\\\/totul.md\\\/#website\"},\"primaryImageOfPage\":{\"@id\":\"https:\\\/\\\/totul.md\\\/ro\\\/news\\\/transportul-feroviar-din-republica-moldova-se-redreseaza-treptat\\\/#primaryimage\"},\"image\":{\"@id\":\"https:\\\/\\\/totul.md\\\/ro\\\/news\\\/transportul-feroviar-din-republica-moldova-se-redreseaza-treptat\\\/#primaryimage\"},\"thumbnailUrl\":\"https:\\\/\\\/totul.md\\\/wp-content\\\/uploads\\\/2026\\\/09\\\/2l8mye2l-1.jpeg\",\"datePublished\":\"2026-09-03T10:03:42+00:00\",\"dateModified\":\"2026-09-03T10:03:54+00:00\",\"author\":{\"@id\":\"https:\\\/\\\/totul.md\\\/#\\\/schema\\\/person\\\/93f2fffe0c74089acf5f74fb041a330b\"},\"breadcrumb\":{\"@id\":\"https:\\\/\\\/totul.md\\\/ro\\\/news\\\/transportul-feroviar-din-republica-moldova-se-redreseaza-treptat\\\/#breadcrumb\"},\"inLanguage\":\"ro-RO\",\"potentialAction\":[{\"@type\":\"ReadAction\",\"target\":[\"https:\\\/\\\/totul.md\\\/ro\\\/news\\\/transportul-feroviar-din-republica-moldova-se-redreseaza-treptat\\\/\"]}]},{\"@type\":\"ImageObject\",\"inLanguage\":\"ro-RO\",\"@id\":\"https:\\\/\\\/totul.md\\\/ro\\\/news\\\/transportul-feroviar-din-republica-moldova-se-redreseaza-treptat\\\/#primaryimage\",\"url\":\"https:\\\/\\\/totul.md\\\/wp-content\\\/uploads\\\/2026\\\/09\\\/2l8mye2l-1.jpeg\",\"contentUrl\":\"https:\\\/\\\/totul.md\\\/wp-content\\\/uploads\\\/2026\\\/09\\\/2l8mye2l-1.jpeg\",\"width\":1456,\"height\":720},{\"@type\":\"BreadcrumbList\",\"@id\":\"https:\\\/\\\/totul.md\\\/ro\\\/news\\\/transportul-feroviar-din-republica-moldova-se-redreseaza-treptat\\\/#breadcrumb\",\"itemListElement\":[{\"@type\":\"ListItem\",\"position\":1,\"name\":\"\u0413\u043b\u0430\u0432\u043d\u0430\u044f \u0441\u0442\u0440\u0430\u043d\u0438\u0446\u0430\",\"item\":\"https:\\\/\\\/totul.md\\\/ro\\\/acasa\\\/\"},{\"@type\":\"ListItem\",\"position\":2,\"name\":\"Transportul feroviar din Republica Moldova se redreseaz\u0103 treptat\"}]},{\"@type\":\"WebSite\",\"@id\":\"https:\\\/\\\/totul.md\\\/#website\",\"url\":\"https:\\\/\\\/totul.md\\\/\",\"name\":\"TOTUL.md\",\"description\":\"\",\"potentialAction\":[{\"@type\":\"SearchAction\",\"target\":{\"@type\":\"EntryPoint\",\"urlTemplate\":\"https:\\\/\\\/totul.md\\\/?s={search_term_string}\"},\"query-input\":{\"@type\":\"PropertyValueSpecification\",\"valueRequired\":true,\"valueName\":\"search_term_string\"}}],\"inLanguage\":\"ro-RO\"},{\"@type\":\"Person\",\"@id\":\"https:\\\/\\\/totul.md\\\/#\\\/schema\\\/person\\\/93f2fffe0c74089acf5f74fb041a330b\",\"name\":\"TOTUL\",\"image\":{\"@type\":\"ImageObject\",\"inLanguage\":\"ro-RO\",\"@id\":\"https:\\\/\\\/secure.gravatar.com\\\/avatar\\\/5e87996a50ae2ab46b00fceeeaf96f4ea6936f57c0b849f1d668bd140d0141d9?s=96&d=mm&r=g\",\"url\":\"https:\\\/\\\/secure.gravatar.com\\\/avatar\\\/5e87996a50ae2ab46b00fceeeaf96f4ea6936f57c0b849f1d668bd140d0141d9?s=96&d=mm&r=g\",\"contentUrl\":\"https:\\\/\\\/secure.gravatar.com\\\/avatar\\\/5e87996a50ae2ab46b00fceeeaf96f4ea6936f57c0b849f1d668bd140d0141d9?s=96&d=mm&r=g\",\"caption\":\"TOTUL\"},\"url\":\"https:\\\/\\\/totul.md\\\/ro\\\/author\\\/anna-perjan\\\/\"}]}<\/script>\n<!-- \/ Yoast SEO plugin. -->","yoast_head_json":{"title":"Transportul feroviar din Republica Moldova se redreseaz\u0103 treptat","robots":{"index":"index","follow":"follow","max-snippet":"max-snippet:-1","max-image-preview":"max-image-preview:large","max-video-preview":"max-video-preview:-1"},"canonical":"https:\/\/totul.md\/ro\/news\/transportul-feroviar-din-republica-moldova-se-redreseaza-treptat\/","og_locale":"ro_RO","og_type":"article","og_title":"Transportul feroviar din Republica Moldova se redreseaz\u0103 treptat","og_description":"Transportul feroviar din Republica Moldova se redreseaz\u0103 treptat dup\u0103 c\u00e2\u021biva ani de declin. \u00cen luna august, Calea Ferat\u0103 a Moldovei (CFM) a transportat 46 548 de tone de m\u0103rfuri destinate exportului \u0219i tranzitului. O parte semnificativ\u0103 a exporturilor a fost reprezentat\u0103 de produse agricole. \u00cen luna august, pentru export au fost transportate 28 529 de [&hellip;]","og_url":"https:\/\/totul.md\/ro\/news\/transportul-feroviar-din-republica-moldova-se-redreseaza-treptat\/","og_site_name":"Totul","article_published_time":"2026-09-03T10:03:42+00:00","article_modified_time":"2026-09-03T10:03:54+00:00","og_image":[{"width":1456,"height":720,"url":"https:\/\/totul.md\/wp-content\/uploads\/2026\/09\/2l8mye2l-1.jpeg","type":"image\/jpeg"}],"author":"TOTUL","twitter_card":"summary_large_image","twitter_misc":{"Scris de":"TOTUL","Timp estimat pentru citire":"2 minute"},"schema":{"@context":"https:\/\/schema.org","@graph":[{"@type":"Article","@id":"https:\/\/totul.md\/ro\/news\/transportul-feroviar-din-republica-moldova-se-redreseaza-treptat\/#article","isPartOf":{"@id":"https:\/\/totul.md\/ro\/news\/transportul-feroviar-din-republica-moldova-se-redreseaza-treptat\/"},"author":{"name":"TOTUL","@id":"https:\/\/totul.md\/#\/schema\/person\/93f2fffe0c74089acf5f74fb041a330b"},"headline":"Transportul feroviar din Republica Moldova se redreseaz\u0103 treptat","datePublished":"2026-09-03T10:03:42+00:00","dateModified":"2026-09-03T10:03:54+00:00","mainEntityOfPage":{"@id":"https:\/\/totul.md\/ro\/news\/transportul-feroviar-din-republica-moldova-se-redreseaza-treptat\/"},"wordCount":345,"image":{"@id":"https:\/\/totul.md\/ro\/news\/transportul-feroviar-din-republica-moldova-se-redreseaza-treptat\/#primaryimage"},"thumbnailUrl":"https:\/\/totul.md\/wp-content\/uploads\/2026\/09\/2l8mye2l-1.jpeg","articleSection":["\u0218tiri"],"inLanguage":"ro-RO"},{"@type":"WebPage","@id":"https:\/\/totul.md\/ro\/news\/transportul-feroviar-din-republica-moldova-se-redreseaza-treptat\/","url":"https:\/\/totul.md\/ro\/news\/transportul-feroviar-din-republica-moldova-se-redreseaza-treptat\/","name":"Transportul feroviar din Republica Moldova se redreseaz\u0103 treptat","isPartOf":{"@id":"https:\/\/totul.md\/#website"},"primaryImageOfPage":{"@id":"https:\/\/totul.md\/ro\/news\/transportul-feroviar-din-republica-moldova-se-redreseaza-treptat\/#primaryimage"},"image":{"@id":"https:\/\/totul.md\/ro\/news\/transportul-feroviar-din-republica-moldova-se-redreseaza-treptat\/#primaryimage"},"thumbnailUrl":"https:\/\/totul.md\/wp-content\/uploads\/2026\/09\/2l8mye2l-1.jpeg","datePublished":"2026-09-03T10:03:42+00:00","dateModified":"2026-09-03T10:03:54+00:00","author":{"@id":"https:\/\/totul.md\/#\/schema\/person\/93f2fffe0c74089acf5f74fb041a330b"},"breadcrumb":{"@id":"https:\/\/totul.md\/ro\/news\/transportul-feroviar-din-republica-moldova-se-redreseaza-treptat\/#breadcrumb"},"inLanguage":"ro-RO","potentialAction":[{"@type":"ReadAction","target":["https:\/\/totul.md\/ro\/news\/transportul-feroviar-din-republica-moldova-se-redreseaza-treptat\/"]}]},{"@type":"ImageObject","inLanguage":"ro-RO","@id":"https:\/\/totul.md\/ro\/news\/transportul-feroviar-din-republica-moldova-se-redreseaza-treptat\/#primaryimage","url":"https:\/\/totul.md\/wp-content\/uploads\/2026\/09\/2l8mye2l-1.jpeg","contentUrl":"https:\/\/totul.md\/wp-content\/uploads\/2026\/09\/2l8mye2l-1.jpeg","width":1456,"height":720},{"@type":"BreadcrumbList","@id":"https:\/\/totul.md\/ro\/news\/transportul-feroviar-din-republica-moldova-se-redreseaza-treptat\/#breadcrumb","itemListElement":[{"@type":"ListItem","position":1,"name":"\u0413\u043b\u0430\u0432\u043d\u0430\u044f \u0441\u0442\u0440\u0430\u043d\u0438\u0446\u0430","item":"https:\/\/totul.md\/ro\/acasa\/"},{"@type":"ListItem","position":2,"name":"Transportul feroviar din Republica Moldova se redreseaz\u0103 treptat"}]},{"@type":"WebSite","@id":"https:\/\/totul.md\/#website","url":"https:\/\/totul.md\/","name":"TOTUL.md","description":"","potentialAction":[{"@type":"SearchAction","target":{"@type":"EntryPoint","urlTemplate":"https:\/\/totul.md\/?s={search_term_string}"},"query-input":{"@type":"PropertyValueSpecification","valueRequired":true,"valueName":"search_term_string"}}],"inLanguage":"ro-RO"},{"@type":"Person","@id":"https:\/\/totul.md\/#\/schema\/person\/93f2fffe0c74089acf5f74fb041a330b","name":"TOTUL","image":{"@type":"ImageObject","inLanguage":"ro-RO","@id":"https:\/\/secure.gravatar.com\/avatar\/5e87996a50ae2ab46b00fceeeaf96f4ea6936f57c0b849f1d668bd140d0141d9?s=96&d=mm&r=g","url":"https:\/\/secure.gravatar.com\/avatar\/5e87996a50ae2ab46b00fceeeaf96f4ea6936f57c0b849f1d668bd140d0141d9?s=96&d=mm&r=g","contentUrl":"https:\/\/secure.gravatar.com\/avatar\/5e87996a50ae2ab46b00fceeeaf96f4ea6936f57c0b849f1d668bd140d0141d9?s=96&d=mm&r=g","caption":"TOTUL"},"url":"https:\/\/totul.md\/ro\/author\/anna-perjan\/"}]}},"_links":{"self":[{"href":"https:\/\/totul.md\/ro\/wp-json\/wp\/v2\/posts\/54494","targetHints":{"allow":["GET"]}}],"collection":[{"href":"https:\/\/totul.md\/ro\/wp-json\/wp\/v2\/posts"}],"about":[{"href":"https:\/\/totul.md\/ro\/wp-json\/wp\/v2\/types\/post"}],"author":[{"embeddable":true,"href":"https:\/\/totul.md\/ro\/wp-json\/wp\/v2\/users\/78"}],"replies":[{"embeddable":true,"href":"https:\/\/totul.md\/ro\/wp-json\/wp\/v2\/comments?post=54494"}],"version-history":[{"count":1,"href":"https:\/\/totul.md\/ro\/wp-json\/wp\/v2\/posts\/54494\/revisions"}],"predecessor-version":[{"id":54495,"href":"https:\/\/totul.md\/ro\/wp-json\/wp\/v2\/posts\/54494\/revisions\/54495"}],"wp:featuredmedia":[{"embeddable":true,"href":"https:\/\/totul.md\/ro\/wp-json\/wp\/v2\/media\/54492"}],"wp:attachment":[{"href":"https:\/\/totul.md\/ro\/wp-json\/wp\/v2\/media?parent=54494"}],"wp:term":[{"taxonomy":"category","embeddable":true,"href":"https:\/\/totul.md\/ro\/wp-json\/wp\/v2\/categories?post=54494"},{"taxonomy":"post_tag","embeddable":true,"href":"https:\/\/totul.md\/ro\/wp-json\/wp\/v2\/tags?post=54494"}],"curies":[{"name":"wp","href":"https:\/\/api.w.org\/{rel}","templated":true}]}}