{"id":54504,"date":"2026-09-03T12:16:07","date_gmt":"2026-09-03T12:16:07","guid":{"rendered":"https:\/\/totul.md\/?p=54504"},"modified":"2026-09-03T13:09:34","modified_gmt":"2026-09-03T13:09:34","slug":"maia-sandu-siguranta-digitala-a-copiilor-devine-o-chestiune-de-sanatate-publica","status":"publish","type":"post","link":"https:\/\/totul.md\/ro\/news\/maia-sandu-siguranta-digitala-a-copiilor-devine-o-chestiune-de-sanatate-publica\/","title":{"rendered":"Maia Sandu: siguran\u021ba digital\u0103 a copiilor devine o chestiune de s\u0103n\u0103tate public\u0103"},"content":{"rendered":"<p><strong>Siguran\u021ba copiilor pe internet \u0219i impactul mediului digital asupra s\u0103n\u0103t\u0103\u021bii lor mintale trebuie s\u0103 devin\u0103 o prioritate distinct\u0103 a politicilor publice. Declara\u021bia a fost f\u0103cut\u0103 de pre\u0219edinta Republicii Moldova, Maia Sandu, pe 3 septembrie, la conferin\u021ba interna\u021bional\u0103 de la Chi\u0219in\u0103u dedicat\u0103 siguran\u021bei online a copiilor \u0219i adolescen\u021bilor.<\/strong><\/p>\n<p>Potrivit Maiei Sandu, o parte semnificativ\u0103 din via\u021ba copiilor de ast\u0103zi se desf\u0103\u0219oar\u0103 deja online: ace\u0219tia \u00eenva\u021b\u0103, comunic\u0103, \u00ee\u0219i fac prieteni \u0219i se informeaz\u0103 \u00een mediul digital. \u00cen acela\u0219i timp, re\u021belele sociale \u0219i prezen\u021ba constant\u0103 a ecranelor influen\u021beaz\u0103 aten\u021bia, emo\u021biile, rela\u021biile \u0219i stima de sine a tinerilor.<\/p>\n<p>Pre\u0219edinta a subliniat c\u0103 problema nu \u021bine de tehnologie \u00een sine, ci de modul \u00een care este construit mediul digital. Printre principalele riscuri, ea a men\u021bionat h\u0103r\u021buirea online, con\u021binutul nociv \u0219i mecanismele care stimuleaz\u0103 utilizarea compulsiv\u0103 a platformelor. Sandu consider\u0103 c\u0103 protec\u021bia copiilor nu trebuie s\u0103 se limiteze la interdic\u021bii \u2014 sunt necesare reguli clare \u0219i posibilitatea de a primi ajutor atunci c\u00e2nd un copil se confrunt\u0103 cu o problem\u0103.<\/p>\n<p>\u00cen ultimele luni, reprezentan\u021bii autorit\u0103\u021bilor au discutat direct aceast\u0103 tem\u0103 cu copii, p\u0103rin\u021bi, profesori \u0219i speciali\u0219ti din Chi\u0219in\u0103u, Cahul, Ungheni, B\u0103l\u021bi \u0219i Nisporeni. Potrivit pre\u0219edintei, aceste \u00eent\u00e2lniri au eviden\u021biat necesitatea unor m\u0103suri practice \u0219i a unui sprijin at\u00e2t pentru adolescen\u021bi, c\u00e2t \u0219i pentru adul\u021bii responsabili de siguran\u021ba acestora.<\/p>\n<p>O aten\u021bie deosebit\u0103 a acordat Sandu <strong>responsabilit\u0103\u021bii platformelor digitale<\/strong>. \u00cen opinia sa, mecanismele de protec\u021bie a copiilor trebuie integrate direct \u00een func\u021bionarea serviciilor online. \u00cen acela\u0219i timp, este necesar\u0103 dezvoltarea alfabetiz\u0103rii digitale \u2014 copiii trebuie \u00eenv\u0103\u021ba\u021bi s\u0103 recunoasc\u0103 con\u021binutul nociv, s\u0103 evalueze critic informa\u021biile \u0219i s\u0103 utilizeze tehnologiile \u00een siguran\u021b\u0103.<\/p>\n<p>La conferin\u021b\u0103 particip\u0103 \u0219i Mirabela Gr\u0103dinaru. \u00cempreun\u0103 cu Maia Sandu, aceasta particip\u0103 la o discu\u021bie de nivel \u00eenalt despre mediul digital \u0219i s\u0103n\u0103tatea mintal\u0103 a tinerilor. La eveniment sunt prezen\u021bi, de asemenea, reprezentan\u021bi ai OMS, UNFPA, UNICEF \u0219i ai Uniunii Europene, iar exper\u021bi din mai multe \u021b\u0103ri europene \u00eemp\u0103rt\u0103\u0219esc experien\u021ba privind crearea unui mediu digital mai sigur pentru copii.<\/p>\n<p>Pentru Republica Moldova, aceast\u0103 dezbatere dep\u0103\u0219e\u0219te problema timpului petrecut \u00een fa\u021ba ecranelor. Mediul digital devine parte a vie\u021bii cotidiene a copiilor, iar <strong>securitatea cibernetic\u0103, s\u0103n\u0103tatea mintal\u0103, educa\u021bia \u0219i responsabilitatea platformelor se transform\u0103 treptat \u00eentr-o singur\u0103 problem\u0103.<\/strong> Potrivit Maiei Sandu, statul nu trebuie doar s\u0103 stabileasc\u0103 reguli definitive, ci s\u0103 le adapteze constant la evolu\u021bia rapid\u0103 a tehnologiilor \u0219i la noile riscuri.<\/p>\n","protected":false},"excerpt":{"rendered":"<p>Siguran\u021ba copiilor pe internet \u0219i impactul mediului digital asupra s\u0103n\u0103t\u0103\u021bii lor mintale trebuie s\u0103 devin\u0103 o prioritate distinct\u0103 a politicilor publice. Declara\u021bia a fost f\u0103cut\u0103 de pre\u0219edinta Republicii Moldova, Maia Sandu, pe 3 septembrie, la conferin\u021ba interna\u021bional\u0103 de la Chi\u0219in\u0103u dedicat\u0103 siguran\u021bei online a copiilor \u0219i adolescen\u021bilor. Potrivit Maiei Sandu, o parte semnificativ\u0103 din via\u021ba [&hellip;]<\/p>\n","protected":false},"author":78,"featured_media":54520,"comment_status":"closed","ping_status":"closed","sticky":false,"template":"","format":"standard","meta":{"footnotes":""},"categories":[218],"tags":[],"class_list":["post-54504","post","type-post","status-publish","format-standard","has-post-thumbnail","category-news"],"yoast_head":"<!-- This site is optimized with the Yoast SEO plugin v28.3 - https:\/\/yoast.com\/product\/yoast-seo-wordpress\/ -->\n<title>Maia Sandu: siguran\u021ba digital\u0103 a copiilor devine o chestiune de s\u0103n\u0103tate public\u0103<\/title>\n<meta name=\"robots\" content=\"index, follow, max-snippet:-1, max-image-preview:large, max-video-preview:-1\" \/>\n<link rel=\"canonical\" href=\"https:\/\/totul.md\/ro\/news\/maia-sandu-siguranta-digitala-a-copiilor-devine-o-chestiune-de-sanatate-publica\/\" \/>\n<meta property=\"og:locale\" content=\"ro_RO\" \/>\n<meta property=\"og:type\" content=\"article\" \/>\n<meta property=\"og:title\" content=\"Maia Sandu: siguran\u021ba digital\u0103 a copiilor devine o chestiune de s\u0103n\u0103tate public\u0103\" \/>\n<meta property=\"og:description\" content=\"Siguran\u021ba copiilor pe internet \u0219i impactul mediului digital asupra s\u0103n\u0103t\u0103\u021bii lor mintale trebuie s\u0103 devin\u0103 o prioritate distinct\u0103 a politicilor publice. Declara\u021bia a fost f\u0103cut\u0103 de pre\u0219edinta Republicii Moldova, Maia Sandu, pe 3 septembrie, la conferin\u021ba interna\u021bional\u0103 de la Chi\u0219in\u0103u dedicat\u0103 siguran\u021bei online a copiilor \u0219i adolescen\u021bilor. Potrivit Maiei Sandu, o parte semnificativ\u0103 din via\u021ba [&hellip;]\" \/>\n<meta property=\"og:url\" content=\"https:\/\/totul.md\/ro\/news\/maia-sandu-siguranta-digitala-a-copiilor-devine-o-chestiune-de-sanatate-publica\/\" \/>\n<meta property=\"og:site_name\" content=\"Totul\" \/>\n<meta property=\"article:published_time\" content=\"2026-09-03T12:16:07+00:00\" \/>\n<meta property=\"article:modified_time\" content=\"2026-09-03T13:09:34+00:00\" \/>\n<meta property=\"og:image\" content=\"https:\/\/totul.md\/wp-content\/uploads\/2026\/09\/unnamed-13-1.jpg\" \/>\n\t<meta property=\"og:image:width\" content=\"1500\" \/>\n\t<meta property=\"og:image:height\" content=\"1000\" \/>\n\t<meta property=\"og:image:type\" content=\"image\/jpeg\" \/>\n<meta name=\"author\" content=\"TOTUL\" \/>\n<meta name=\"twitter:card\" content=\"summary_large_image\" \/>\n<meta name=\"twitter:label1\" content=\"Scris de\" \/>\n\t<meta name=\"twitter:data1\" content=\"TOTUL\" \/>\n\t<meta name=\"twitter:label2\" content=\"Timp estimat pentru citire\" \/>\n\t<meta name=\"twitter:data2\" content=\"3 minute\" \/>\n<script type=\"application\/ld+json\" class=\"yoast-schema-graph\">{\"@context\":\"https:\\\/\\\/schema.org\",\"@graph\":[{\"@type\":\"Article\",\"@id\":\"https:\\\/\\\/totul.md\\\/ro\\\/news\\\/maia-sandu-siguranta-digitala-a-copiilor-devine-o-chestiune-de-sanatate-publica\\\/#article\",\"isPartOf\":{\"@id\":\"https:\\\/\\\/totul.md\\\/ro\\\/news\\\/maia-sandu-siguranta-digitala-a-copiilor-devine-o-chestiune-de-sanatate-publica\\\/\"},\"author\":{\"name\":\"TOTUL\",\"@id\":\"https:\\\/\\\/totul.md\\\/#\\\/schema\\\/person\\\/93f2fffe0c74089acf5f74fb041a330b\"},\"headline\":\"Maia Sandu: siguran\u021ba digital\u0103 a copiilor devine o chestiune de s\u0103n\u0103tate public\u0103\",\"datePublished\":\"2026-09-03T12:16:07+00:00\",\"dateModified\":\"2026-09-03T13:09:34+00:00\",\"mainEntityOfPage\":{\"@id\":\"https:\\\/\\\/totul.md\\\/ro\\\/news\\\/maia-sandu-siguranta-digitala-a-copiilor-devine-o-chestiune-de-sanatate-publica\\\/\"},\"wordCount\":472,\"image\":{\"@id\":\"https:\\\/\\\/totul.md\\\/ro\\\/news\\\/maia-sandu-siguranta-digitala-a-copiilor-devine-o-chestiune-de-sanatate-publica\\\/#primaryimage\"},\"thumbnailUrl\":\"https:\\\/\\\/totul.md\\\/wp-content\\\/uploads\\\/2026\\\/09\\\/unnamed-13-1.jpg\",\"articleSection\":[\"\u0218tiri\"],\"inLanguage\":\"ro-RO\"},{\"@type\":\"WebPage\",\"@id\":\"https:\\\/\\\/totul.md\\\/ro\\\/news\\\/maia-sandu-siguranta-digitala-a-copiilor-devine-o-chestiune-de-sanatate-publica\\\/\",\"url\":\"https:\\\/\\\/totul.md\\\/ro\\\/news\\\/maia-sandu-siguranta-digitala-a-copiilor-devine-o-chestiune-de-sanatate-publica\\\/\",\"name\":\"Maia Sandu: siguran\u021ba digital\u0103 a copiilor devine o chestiune de s\u0103n\u0103tate public\u0103\",\"isPartOf\":{\"@id\":\"https:\\\/\\\/totul.md\\\/#website\"},\"primaryImageOfPage\":{\"@id\":\"https:\\\/\\\/totul.md\\\/ro\\\/news\\\/maia-sandu-siguranta-digitala-a-copiilor-devine-o-chestiune-de-sanatate-publica\\\/#primaryimage\"},\"image\":{\"@id\":\"https:\\\/\\\/totul.md\\\/ro\\\/news\\\/maia-sandu-siguranta-digitala-a-copiilor-devine-o-chestiune-de-sanatate-publica\\\/#primaryimage\"},\"thumbnailUrl\":\"https:\\\/\\\/totul.md\\\/wp-content\\\/uploads\\\/2026\\\/09\\\/unnamed-13-1.jpg\",\"datePublished\":\"2026-09-03T12:16:07+00:00\",\"dateModified\":\"2026-09-03T13:09:34+00:00\",\"author\":{\"@id\":\"https:\\\/\\\/totul.md\\\/#\\\/schema\\\/person\\\/93f2fffe0c74089acf5f74fb041a330b\"},\"breadcrumb\":{\"@id\":\"https:\\\/\\\/totul.md\\\/ro\\\/news\\\/maia-sandu-siguranta-digitala-a-copiilor-devine-o-chestiune-de-sanatate-publica\\\/#breadcrumb\"},\"inLanguage\":\"ro-RO\",\"potentialAction\":[{\"@type\":\"ReadAction\",\"target\":[\"https:\\\/\\\/totul.md\\\/ro\\\/news\\\/maia-sandu-siguranta-digitala-a-copiilor-devine-o-chestiune-de-sanatate-publica\\\/\"]}]},{\"@type\":\"ImageObject\",\"inLanguage\":\"ro-RO\",\"@id\":\"https:\\\/\\\/totul.md\\\/ro\\\/news\\\/maia-sandu-siguranta-digitala-a-copiilor-devine-o-chestiune-de-sanatate-publica\\\/#primaryimage\",\"url\":\"https:\\\/\\\/totul.md\\\/wp-content\\\/uploads\\\/2026\\\/09\\\/unnamed-13-1.jpg\",\"contentUrl\":\"https:\\\/\\\/totul.md\\\/wp-content\\\/uploads\\\/2026\\\/09\\\/unnamed-13-1.jpg\",\"width\":1500,\"height\":1000},{\"@type\":\"BreadcrumbList\",\"@id\":\"https:\\\/\\\/totul.md\\\/ro\\\/news\\\/maia-sandu-siguranta-digitala-a-copiilor-devine-o-chestiune-de-sanatate-publica\\\/#breadcrumb\",\"itemListElement\":[{\"@type\":\"ListItem\",\"position\":1,\"name\":\"\u0413\u043b\u0430\u0432\u043d\u0430\u044f \u0441\u0442\u0440\u0430\u043d\u0438\u0446\u0430\",\"item\":\"https:\\\/\\\/totul.md\\\/ro\\\/acasa\\\/\"},{\"@type\":\"ListItem\",\"position\":2,\"name\":\"Maia Sandu: siguran\u021ba digital\u0103 a copiilor devine o chestiune de s\u0103n\u0103tate public\u0103\"}]},{\"@type\":\"WebSite\",\"@id\":\"https:\\\/\\\/totul.md\\\/#website\",\"url\":\"https:\\\/\\\/totul.md\\\/\",\"name\":\"TOTUL.md\",\"description\":\"\",\"potentialAction\":[{\"@type\":\"SearchAction\",\"target\":{\"@type\":\"EntryPoint\",\"urlTemplate\":\"https:\\\/\\\/totul.md\\\/?s={search_term_string}\"},\"query-input\":{\"@type\":\"PropertyValueSpecification\",\"valueRequired\":true,\"valueName\":\"search_term_string\"}}],\"inLanguage\":\"ro-RO\"},{\"@type\":\"Person\",\"@id\":\"https:\\\/\\\/totul.md\\\/#\\\/schema\\\/person\\\/93f2fffe0c74089acf5f74fb041a330b\",\"name\":\"TOTUL\",\"image\":{\"@type\":\"ImageObject\",\"inLanguage\":\"ro-RO\",\"@id\":\"https:\\\/\\\/secure.gravatar.com\\\/avatar\\\/5e87996a50ae2ab46b00fceeeaf96f4ea6936f57c0b849f1d668bd140d0141d9?s=96&d=mm&r=g\",\"url\":\"https:\\\/\\\/secure.gravatar.com\\\/avatar\\\/5e87996a50ae2ab46b00fceeeaf96f4ea6936f57c0b849f1d668bd140d0141d9?s=96&d=mm&r=g\",\"contentUrl\":\"https:\\\/\\\/secure.gravatar.com\\\/avatar\\\/5e87996a50ae2ab46b00fceeeaf96f4ea6936f57c0b849f1d668bd140d0141d9?s=96&d=mm&r=g\",\"caption\":\"TOTUL\"},\"url\":\"https:\\\/\\\/totul.md\\\/ro\\\/author\\\/anna-perjan\\\/\"}]}<\/script>\n<!-- \/ Yoast SEO plugin. -->","yoast_head_json":{"title":"Maia Sandu: siguran\u021ba digital\u0103 a copiilor devine o chestiune de s\u0103n\u0103tate public\u0103","robots":{"index":"index","follow":"follow","max-snippet":"max-snippet:-1","max-image-preview":"max-image-preview:large","max-video-preview":"max-video-preview:-1"},"canonical":"https:\/\/totul.md\/ro\/news\/maia-sandu-siguranta-digitala-a-copiilor-devine-o-chestiune-de-sanatate-publica\/","og_locale":"ro_RO","og_type":"article","og_title":"Maia Sandu: siguran\u021ba digital\u0103 a copiilor devine o chestiune de s\u0103n\u0103tate public\u0103","og_description":"Siguran\u021ba copiilor pe internet \u0219i impactul mediului digital asupra s\u0103n\u0103t\u0103\u021bii lor mintale trebuie s\u0103 devin\u0103 o prioritate distinct\u0103 a politicilor publice. Declara\u021bia a fost f\u0103cut\u0103 de pre\u0219edinta Republicii Moldova, Maia Sandu, pe 3 septembrie, la conferin\u021ba interna\u021bional\u0103 de la Chi\u0219in\u0103u dedicat\u0103 siguran\u021bei online a copiilor \u0219i adolescen\u021bilor. Potrivit Maiei Sandu, o parte semnificativ\u0103 din via\u021ba [&hellip;]","og_url":"https:\/\/totul.md\/ro\/news\/maia-sandu-siguranta-digitala-a-copiilor-devine-o-chestiune-de-sanatate-publica\/","og_site_name":"Totul","article_published_time":"2026-09-03T12:16:07+00:00","article_modified_time":"2026-09-03T13:09:34+00:00","og_image":[{"width":1500,"height":1000,"url":"https:\/\/totul.md\/wp-content\/uploads\/2026\/09\/unnamed-13-1.jpg","type":"image\/jpeg"}],"author":"TOTUL","twitter_card":"summary_large_image","twitter_misc":{"Scris de":"TOTUL","Timp estimat pentru citire":"3 minute"},"schema":{"@context":"https:\/\/schema.org","@graph":[{"@type":"Article","@id":"https:\/\/totul.md\/ro\/news\/maia-sandu-siguranta-digitala-a-copiilor-devine-o-chestiune-de-sanatate-publica\/#article","isPartOf":{"@id":"https:\/\/totul.md\/ro\/news\/maia-sandu-siguranta-digitala-a-copiilor-devine-o-chestiune-de-sanatate-publica\/"},"author":{"name":"TOTUL","@id":"https:\/\/totul.md\/#\/schema\/person\/93f2fffe0c74089acf5f74fb041a330b"},"headline":"Maia Sandu: siguran\u021ba digital\u0103 a copiilor devine o chestiune de s\u0103n\u0103tate public\u0103","datePublished":"2026-09-03T12:16:07+00:00","dateModified":"2026-09-03T13:09:34+00:00","mainEntityOfPage":{"@id":"https:\/\/totul.md\/ro\/news\/maia-sandu-siguranta-digitala-a-copiilor-devine-o-chestiune-de-sanatate-publica\/"},"wordCount":472,"image":{"@id":"https:\/\/totul.md\/ro\/news\/maia-sandu-siguranta-digitala-a-copiilor-devine-o-chestiune-de-sanatate-publica\/#primaryimage"},"thumbnailUrl":"https:\/\/totul.md\/wp-content\/uploads\/2026\/09\/unnamed-13-1.jpg","articleSection":["\u0218tiri"],"inLanguage":"ro-RO"},{"@type":"WebPage","@id":"https:\/\/totul.md\/ro\/news\/maia-sandu-siguranta-digitala-a-copiilor-devine-o-chestiune-de-sanatate-publica\/","url":"https:\/\/totul.md\/ro\/news\/maia-sandu-siguranta-digitala-a-copiilor-devine-o-chestiune-de-sanatate-publica\/","name":"Maia Sandu: siguran\u021ba digital\u0103 a copiilor devine o chestiune de s\u0103n\u0103tate public\u0103","isPartOf":{"@id":"https:\/\/totul.md\/#website"},"primaryImageOfPage":{"@id":"https:\/\/totul.md\/ro\/news\/maia-sandu-siguranta-digitala-a-copiilor-devine-o-chestiune-de-sanatate-publica\/#primaryimage"},"image":{"@id":"https:\/\/totul.md\/ro\/news\/maia-sandu-siguranta-digitala-a-copiilor-devine-o-chestiune-de-sanatate-publica\/#primaryimage"},"thumbnailUrl":"https:\/\/totul.md\/wp-content\/uploads\/2026\/09\/unnamed-13-1.jpg","datePublished":"2026-09-03T12:16:07+00:00","dateModified":"2026-09-03T13:09:34+00:00","author":{"@id":"https:\/\/totul.md\/#\/schema\/person\/93f2fffe0c74089acf5f74fb041a330b"},"breadcrumb":{"@id":"https:\/\/totul.md\/ro\/news\/maia-sandu-siguranta-digitala-a-copiilor-devine-o-chestiune-de-sanatate-publica\/#breadcrumb"},"inLanguage":"ro-RO","potentialAction":[{"@type":"ReadAction","target":["https:\/\/totul.md\/ro\/news\/maia-sandu-siguranta-digitala-a-copiilor-devine-o-chestiune-de-sanatate-publica\/"]}]},{"@type":"ImageObject","inLanguage":"ro-RO","@id":"https:\/\/totul.md\/ro\/news\/maia-sandu-siguranta-digitala-a-copiilor-devine-o-chestiune-de-sanatate-publica\/#primaryimage","url":"https:\/\/totul.md\/wp-content\/uploads\/2026\/09\/unnamed-13-1.jpg","contentUrl":"https:\/\/totul.md\/wp-content\/uploads\/2026\/09\/unnamed-13-1.jpg","width":1500,"height":1000},{"@type":"BreadcrumbList","@id":"https:\/\/totul.md\/ro\/news\/maia-sandu-siguranta-digitala-a-copiilor-devine-o-chestiune-de-sanatate-publica\/#breadcrumb","itemListElement":[{"@type":"ListItem","position":1,"name":"\u0413\u043b\u0430\u0432\u043d\u0430\u044f \u0441\u0442\u0440\u0430\u043d\u0438\u0446\u0430","item":"https:\/\/totul.md\/ro\/acasa\/"},{"@type":"ListItem","position":2,"name":"Maia Sandu: siguran\u021ba digital\u0103 a copiilor devine o chestiune de s\u0103n\u0103tate public\u0103"}]},{"@type":"WebSite","@id":"https:\/\/totul.md\/#website","url":"https:\/\/totul.md\/","name":"TOTUL.md","description":"","potentialAction":[{"@type":"SearchAction","target":{"@type":"EntryPoint","urlTemplate":"https:\/\/totul.md\/?s={search_term_string}"},"query-input":{"@type":"PropertyValueSpecification","valueRequired":true,"valueName":"search_term_string"}}],"inLanguage":"ro-RO"},{"@type":"Person","@id":"https:\/\/totul.md\/#\/schema\/person\/93f2fffe0c74089acf5f74fb041a330b","name":"TOTUL","image":{"@type":"ImageObject","inLanguage":"ro-RO","@id":"https:\/\/secure.gravatar.com\/avatar\/5e87996a50ae2ab46b00fceeeaf96f4ea6936f57c0b849f1d668bd140d0141d9?s=96&d=mm&r=g","url":"https:\/\/secure.gravatar.com\/avatar\/5e87996a50ae2ab46b00fceeeaf96f4ea6936f57c0b849f1d668bd140d0141d9?s=96&d=mm&r=g","contentUrl":"https:\/\/secure.gravatar.com\/avatar\/5e87996a50ae2ab46b00fceeeaf96f4ea6936f57c0b849f1d668bd140d0141d9?s=96&d=mm&r=g","caption":"TOTUL"},"url":"https:\/\/totul.md\/ro\/author\/anna-perjan\/"}]}},"_links":{"self":[{"href":"https:\/\/totul.md\/ro\/wp-json\/wp\/v2\/posts\/54504","targetHints":{"allow":["GET"]}}],"collection":[{"href":"https:\/\/totul.md\/ro\/wp-json\/wp\/v2\/posts"}],"about":[{"href":"https:\/\/totul.md\/ro\/wp-json\/wp\/v2\/types\/post"}],"author":[{"embeddable":true,"href":"https:\/\/totul.md\/ro\/wp-json\/wp\/v2\/users\/78"}],"replies":[{"embeddable":true,"href":"https:\/\/totul.md\/ro\/wp-json\/wp\/v2\/comments?post=54504"}],"version-history":[{"count":1,"href":"https:\/\/totul.md\/ro\/wp-json\/wp\/v2\/posts\/54504\/revisions"}],"predecessor-version":[{"id":54505,"href":"https:\/\/totul.md\/ro\/wp-json\/wp\/v2\/posts\/54504\/revisions\/54505"}],"wp:featuredmedia":[{"embeddable":true,"href":"https:\/\/totul.md\/ro\/wp-json\/wp\/v2\/media\/54520"}],"wp:attachment":[{"href":"https:\/\/totul.md\/ro\/wp-json\/wp\/v2\/media?parent=54504"}],"wp:term":[{"taxonomy":"category","embeddable":true,"href":"https:\/\/totul.md\/ro\/wp-json\/wp\/v2\/categories?post=54504"},{"taxonomy":"post_tag","embeddable":true,"href":"https:\/\/totul.md\/ro\/wp-json\/wp\/v2\/tags?post=54504"}],"curies":[{"name":"wp","href":"https:\/\/api.w.org\/{rel}","templated":true}]}}