{"id":54512,"date":"2026-09-03T12:51:10","date_gmt":"2026-09-03T12:51:10","guid":{"rendered":"https:\/\/totul.md\/?p=54512"},"modified":"2026-09-03T12:51:27","modified_gmt":"2026-09-03T12:51:27","slug":"gazul-european-se-scumpeste-din-nou","status":"publish","type":"post","link":"https:\/\/totul.md\/ro\/news\/gazul-european-se-scumpeste-din-nou\/","title":{"rendered":"Gazul european se scumpe\u0219te din nou"},"content":{"rendered":"<p>Pe 2 septembrie, Energocom a anun\u021bat c\u0103 pre\u021bul gazelor naturale pe pia\u021ba european\u0103 a ajuns la 74,35 de euro\/MWh, continu\u00e2nd s\u0103 creasc\u0103. Spre compara\u021bie, pe 24 august acesta era de 68,32 euro\/MWh, iar pe 31 august \u2014 de 69,81 euro\/MWh.<\/p>\n<p>Pe fondul cre\u0219terii cota\u021biilor europene, pentru Republica Moldova devine tot mai sensibil\u0103 problema costului gazelor pentru iarna care urmeaz\u0103.<\/p>\n<p>De la 1 septembrie, tarifele la gaze pentru consumatorii din Republica Moldova au crescut deja cu aproximativ 41%.<\/p>\n<p>Energocom pune cre\u0219terea cota\u021biilor europene pe seama <strong>tensiunilor geopolitice din Orientul Mijlociu \u0219i a riscurilor pentru livr\u0103rile prin str\u00e2mtoarea Ormuz.<\/strong> Reducerea fluxurilor de gaze naturale lichefiate (GNL) din zona Golfului Persic exercit\u0103 o presiune suplimentar\u0103 asupra pie\u021bei europene.<\/p>\n<p>Un alt factor \u00eel reprezint\u0103 <strong>nivelul sc\u0103zut al rezervelor de gaze din Europa<\/strong>. Potrivit Energocom, depozitele sunt umplute \u00een propor\u021bie de aproximativ 65%, cu 16\u201317 puncte procentuale sub media ultimilor cinci ani.<\/p>\n<p>Pre\u021burile pentru livr\u0103rile din perioada octombrie 2026 \u2013 martie 2027 se men\u021bin, de asemenea, la un nivel ridicat \u2014 \u00eentre aproximativ 67,9 \u0219i 74,4 euro\/MWh. Cele mai mari pre\u021buri sunt \u00eenregistrate \u00een primele luni ale sezonului rece. Energocom a contractat deja aproximativ <strong>76% din necesarul Republicii Moldova pentru anul gazier 2026\u20132027,<\/strong> inclusiv \u00eentregul volum necesar pentru iarn\u0103. Costul final al achizi\u021biilor va depinde de evolu\u021bia indicelui european TTF.<\/p>\n<p>Deocamdat\u0103, necesarul de gaze pentru iarn\u0103 este \u00een mare parte asigurat, \u00eens\u0103 evolu\u021bia \u00een continuare a pie\u021bei europene r\u0103m\u00e2ne un factor important. \u00centrebarea principal\u0103 este acum <strong>c\u00e2t de stabil va fi noul tarif pe parcursul iernii \u0219i dac\u0103 va ap\u0103rea necesitatea revizuirii acestuia.<\/strong><\/p>\n","protected":false},"excerpt":{"rendered":"<p>Pe 2 septembrie, Energocom a anun\u021bat c\u0103 pre\u021bul gazelor naturale pe pia\u021ba european\u0103 a ajuns la 74,35 de euro\/MWh, continu\u00e2nd s\u0103 creasc\u0103. Spre compara\u021bie, pe 24 august acesta era de 68,32 euro\/MWh, iar pe 31 august \u2014 de 69,81 euro\/MWh. Pe fondul cre\u0219terii cota\u021biilor europene, pentru Republica Moldova devine tot mai sensibil\u0103 problema costului gazelor [&hellip;]<\/p>\n","protected":false},"author":78,"featured_media":54511,"comment_status":"closed","ping_status":"closed","sticky":false,"template":"","format":"standard","meta":{"footnotes":""},"categories":[218],"tags":[],"class_list":["post-54512","post","type-post","status-publish","format-standard","has-post-thumbnail","category-news"],"yoast_head":"<!-- This site is optimized with the Yoast SEO plugin v28.3 - https:\/\/yoast.com\/product\/yoast-seo-wordpress\/ -->\n<title>Gazul european se scumpe\u0219te din nou<\/title>\n<meta name=\"robots\" content=\"index, follow, max-snippet:-1, max-image-preview:large, max-video-preview:-1\" \/>\n<link rel=\"canonical\" href=\"https:\/\/totul.md\/ro\/news\/gazul-european-se-scumpeste-din-nou\/\" \/>\n<meta property=\"og:locale\" content=\"ro_RO\" \/>\n<meta property=\"og:type\" content=\"article\" \/>\n<meta property=\"og:title\" content=\"Gazul european se scumpe\u0219te din nou\" \/>\n<meta property=\"og:description\" content=\"Pe 2 septembrie, Energocom a anun\u021bat c\u0103 pre\u021bul gazelor naturale pe pia\u021ba european\u0103 a ajuns la 74,35 de euro\/MWh, continu\u00e2nd s\u0103 creasc\u0103. Spre compara\u021bie, pe 24 august acesta era de 68,32 euro\/MWh, iar pe 31 august \u2014 de 69,81 euro\/MWh. Pe fondul cre\u0219terii cota\u021biilor europene, pentru Republica Moldova devine tot mai sensibil\u0103 problema costului gazelor [&hellip;]\" \/>\n<meta property=\"og:url\" content=\"https:\/\/totul.md\/ro\/news\/gazul-european-se-scumpeste-din-nou\/\" \/>\n<meta property=\"og:site_name\" content=\"Totul\" \/>\n<meta property=\"article:published_time\" content=\"2026-09-03T12:51:10+00:00\" \/>\n<meta property=\"article:modified_time\" content=\"2026-09-03T12:51:27+00:00\" \/>\n<meta property=\"og:image\" content=\"https:\/\/totul.md\/wp-content\/uploads\/2026\/09\/y0ajoay0.jpeg\" \/>\n\t<meta property=\"og:image:width\" content=\"1456\" \/>\n\t<meta property=\"og:image:height\" content=\"720\" \/>\n\t<meta property=\"og:image:type\" content=\"image\/jpeg\" \/>\n<meta name=\"author\" content=\"TOTUL\" \/>\n<meta name=\"twitter:card\" content=\"summary_large_image\" \/>\n<meta name=\"twitter:label1\" content=\"Scris de\" \/>\n\t<meta name=\"twitter:data1\" content=\"TOTUL\" \/>\n\t<meta name=\"twitter:label2\" content=\"Timp estimat pentru citire\" \/>\n\t<meta name=\"twitter:data2\" content=\"2 minute\" \/>\n<script type=\"application\/ld+json\" class=\"yoast-schema-graph\">{\"@context\":\"https:\\\/\\\/schema.org\",\"@graph\":[{\"@type\":\"Article\",\"@id\":\"https:\\\/\\\/totul.md\\\/ro\\\/news\\\/gazul-european-se-scumpeste-din-nou\\\/#article\",\"isPartOf\":{\"@id\":\"https:\\\/\\\/totul.md\\\/ro\\\/news\\\/gazul-european-se-scumpeste-din-nou\\\/\"},\"author\":{\"name\":\"TOTUL\",\"@id\":\"https:\\\/\\\/totul.md\\\/#\\\/schema\\\/person\\\/93f2fffe0c74089acf5f74fb041a330b\"},\"headline\":\"Gazul european se scumpe\u0219te din nou\",\"datePublished\":\"2026-09-03T12:51:10+00:00\",\"dateModified\":\"2026-09-03T12:51:27+00:00\",\"mainEntityOfPage\":{\"@id\":\"https:\\\/\\\/totul.md\\\/ro\\\/news\\\/gazul-european-se-scumpeste-din-nou\\\/\"},\"wordCount\":276,\"image\":{\"@id\":\"https:\\\/\\\/totul.md\\\/ro\\\/news\\\/gazul-european-se-scumpeste-din-nou\\\/#primaryimage\"},\"thumbnailUrl\":\"https:\\\/\\\/totul.md\\\/wp-content\\\/uploads\\\/2026\\\/09\\\/y0ajoay0.jpeg\",\"articleSection\":[\"\u0218tiri\"],\"inLanguage\":\"ro-RO\"},{\"@type\":\"WebPage\",\"@id\":\"https:\\\/\\\/totul.md\\\/ro\\\/news\\\/gazul-european-se-scumpeste-din-nou\\\/\",\"url\":\"https:\\\/\\\/totul.md\\\/ro\\\/news\\\/gazul-european-se-scumpeste-din-nou\\\/\",\"name\":\"Gazul european se scumpe\u0219te din nou\",\"isPartOf\":{\"@id\":\"https:\\\/\\\/totul.md\\\/#website\"},\"primaryImageOfPage\":{\"@id\":\"https:\\\/\\\/totul.md\\\/ro\\\/news\\\/gazul-european-se-scumpeste-din-nou\\\/#primaryimage\"},\"image\":{\"@id\":\"https:\\\/\\\/totul.md\\\/ro\\\/news\\\/gazul-european-se-scumpeste-din-nou\\\/#primaryimage\"},\"thumbnailUrl\":\"https:\\\/\\\/totul.md\\\/wp-content\\\/uploads\\\/2026\\\/09\\\/y0ajoay0.jpeg\",\"datePublished\":\"2026-09-03T12:51:10+00:00\",\"dateModified\":\"2026-09-03T12:51:27+00:00\",\"author\":{\"@id\":\"https:\\\/\\\/totul.md\\\/#\\\/schema\\\/person\\\/93f2fffe0c74089acf5f74fb041a330b\"},\"breadcrumb\":{\"@id\":\"https:\\\/\\\/totul.md\\\/ro\\\/news\\\/gazul-european-se-scumpeste-din-nou\\\/#breadcrumb\"},\"inLanguage\":\"ro-RO\",\"potentialAction\":[{\"@type\":\"ReadAction\",\"target\":[\"https:\\\/\\\/totul.md\\\/ro\\\/news\\\/gazul-european-se-scumpeste-din-nou\\\/\"]}]},{\"@type\":\"ImageObject\",\"inLanguage\":\"ro-RO\",\"@id\":\"https:\\\/\\\/totul.md\\\/ro\\\/news\\\/gazul-european-se-scumpeste-din-nou\\\/#primaryimage\",\"url\":\"https:\\\/\\\/totul.md\\\/wp-content\\\/uploads\\\/2026\\\/09\\\/y0ajoay0.jpeg\",\"contentUrl\":\"https:\\\/\\\/totul.md\\\/wp-content\\\/uploads\\\/2026\\\/09\\\/y0ajoay0.jpeg\",\"width\":1456,\"height\":720},{\"@type\":\"BreadcrumbList\",\"@id\":\"https:\\\/\\\/totul.md\\\/ro\\\/news\\\/gazul-european-se-scumpeste-din-nou\\\/#breadcrumb\",\"itemListElement\":[{\"@type\":\"ListItem\",\"position\":1,\"name\":\"\u0413\u043b\u0430\u0432\u043d\u0430\u044f \u0441\u0442\u0440\u0430\u043d\u0438\u0446\u0430\",\"item\":\"https:\\\/\\\/totul.md\\\/ro\\\/acasa\\\/\"},{\"@type\":\"ListItem\",\"position\":2,\"name\":\"Gazul european se scumpe\u0219te din nou\"}]},{\"@type\":\"WebSite\",\"@id\":\"https:\\\/\\\/totul.md\\\/#website\",\"url\":\"https:\\\/\\\/totul.md\\\/\",\"name\":\"TOTUL.md\",\"description\":\"\",\"potentialAction\":[{\"@type\":\"SearchAction\",\"target\":{\"@type\":\"EntryPoint\",\"urlTemplate\":\"https:\\\/\\\/totul.md\\\/?s={search_term_string}\"},\"query-input\":{\"@type\":\"PropertyValueSpecification\",\"valueRequired\":true,\"valueName\":\"search_term_string\"}}],\"inLanguage\":\"ro-RO\"},{\"@type\":\"Person\",\"@id\":\"https:\\\/\\\/totul.md\\\/#\\\/schema\\\/person\\\/93f2fffe0c74089acf5f74fb041a330b\",\"name\":\"TOTUL\",\"image\":{\"@type\":\"ImageObject\",\"inLanguage\":\"ro-RO\",\"@id\":\"https:\\\/\\\/secure.gravatar.com\\\/avatar\\\/5e87996a50ae2ab46b00fceeeaf96f4ea6936f57c0b849f1d668bd140d0141d9?s=96&d=mm&r=g\",\"url\":\"https:\\\/\\\/secure.gravatar.com\\\/avatar\\\/5e87996a50ae2ab46b00fceeeaf96f4ea6936f57c0b849f1d668bd140d0141d9?s=96&d=mm&r=g\",\"contentUrl\":\"https:\\\/\\\/secure.gravatar.com\\\/avatar\\\/5e87996a50ae2ab46b00fceeeaf96f4ea6936f57c0b849f1d668bd140d0141d9?s=96&d=mm&r=g\",\"caption\":\"TOTUL\"},\"url\":\"https:\\\/\\\/totul.md\\\/ro\\\/author\\\/anna-perjan\\\/\"}]}<\/script>\n<!-- \/ Yoast SEO plugin. -->","yoast_head_json":{"title":"Gazul european se scumpe\u0219te din nou","robots":{"index":"index","follow":"follow","max-snippet":"max-snippet:-1","max-image-preview":"max-image-preview:large","max-video-preview":"max-video-preview:-1"},"canonical":"https:\/\/totul.md\/ro\/news\/gazul-european-se-scumpeste-din-nou\/","og_locale":"ro_RO","og_type":"article","og_title":"Gazul european se scumpe\u0219te din nou","og_description":"Pe 2 septembrie, Energocom a anun\u021bat c\u0103 pre\u021bul gazelor naturale pe pia\u021ba european\u0103 a ajuns la 74,35 de euro\/MWh, continu\u00e2nd s\u0103 creasc\u0103. Spre compara\u021bie, pe 24 august acesta era de 68,32 euro\/MWh, iar pe 31 august \u2014 de 69,81 euro\/MWh. Pe fondul cre\u0219terii cota\u021biilor europene, pentru Republica Moldova devine tot mai sensibil\u0103 problema costului gazelor [&hellip;]","og_url":"https:\/\/totul.md\/ro\/news\/gazul-european-se-scumpeste-din-nou\/","og_site_name":"Totul","article_published_time":"2026-09-03T12:51:10+00:00","article_modified_time":"2026-09-03T12:51:27+00:00","og_image":[{"width":1456,"height":720,"url":"https:\/\/totul.md\/wp-content\/uploads\/2026\/09\/y0ajoay0.jpeg","type":"image\/jpeg"}],"author":"TOTUL","twitter_card":"summary_large_image","twitter_misc":{"Scris de":"TOTUL","Timp estimat pentru citire":"2 minute"},"schema":{"@context":"https:\/\/schema.org","@graph":[{"@type":"Article","@id":"https:\/\/totul.md\/ro\/news\/gazul-european-se-scumpeste-din-nou\/#article","isPartOf":{"@id":"https:\/\/totul.md\/ro\/news\/gazul-european-se-scumpeste-din-nou\/"},"author":{"name":"TOTUL","@id":"https:\/\/totul.md\/#\/schema\/person\/93f2fffe0c74089acf5f74fb041a330b"},"headline":"Gazul european se scumpe\u0219te din nou","datePublished":"2026-09-03T12:51:10+00:00","dateModified":"2026-09-03T12:51:27+00:00","mainEntityOfPage":{"@id":"https:\/\/totul.md\/ro\/news\/gazul-european-se-scumpeste-din-nou\/"},"wordCount":276,"image":{"@id":"https:\/\/totul.md\/ro\/news\/gazul-european-se-scumpeste-din-nou\/#primaryimage"},"thumbnailUrl":"https:\/\/totul.md\/wp-content\/uploads\/2026\/09\/y0ajoay0.jpeg","articleSection":["\u0218tiri"],"inLanguage":"ro-RO"},{"@type":"WebPage","@id":"https:\/\/totul.md\/ro\/news\/gazul-european-se-scumpeste-din-nou\/","url":"https:\/\/totul.md\/ro\/news\/gazul-european-se-scumpeste-din-nou\/","name":"Gazul european se scumpe\u0219te din nou","isPartOf":{"@id":"https:\/\/totul.md\/#website"},"primaryImageOfPage":{"@id":"https:\/\/totul.md\/ro\/news\/gazul-european-se-scumpeste-din-nou\/#primaryimage"},"image":{"@id":"https:\/\/totul.md\/ro\/news\/gazul-european-se-scumpeste-din-nou\/#primaryimage"},"thumbnailUrl":"https:\/\/totul.md\/wp-content\/uploads\/2026\/09\/y0ajoay0.jpeg","datePublished":"2026-09-03T12:51:10+00:00","dateModified":"2026-09-03T12:51:27+00:00","author":{"@id":"https:\/\/totul.md\/#\/schema\/person\/93f2fffe0c74089acf5f74fb041a330b"},"breadcrumb":{"@id":"https:\/\/totul.md\/ro\/news\/gazul-european-se-scumpeste-din-nou\/#breadcrumb"},"inLanguage":"ro-RO","potentialAction":[{"@type":"ReadAction","target":["https:\/\/totul.md\/ro\/news\/gazul-european-se-scumpeste-din-nou\/"]}]},{"@type":"ImageObject","inLanguage":"ro-RO","@id":"https:\/\/totul.md\/ro\/news\/gazul-european-se-scumpeste-din-nou\/#primaryimage","url":"https:\/\/totul.md\/wp-content\/uploads\/2026\/09\/y0ajoay0.jpeg","contentUrl":"https:\/\/totul.md\/wp-content\/uploads\/2026\/09\/y0ajoay0.jpeg","width":1456,"height":720},{"@type":"BreadcrumbList","@id":"https:\/\/totul.md\/ro\/news\/gazul-european-se-scumpeste-din-nou\/#breadcrumb","itemListElement":[{"@type":"ListItem","position":1,"name":"\u0413\u043b\u0430\u0432\u043d\u0430\u044f \u0441\u0442\u0440\u0430\u043d\u0438\u0446\u0430","item":"https:\/\/totul.md\/ro\/acasa\/"},{"@type":"ListItem","position":2,"name":"Gazul european se scumpe\u0219te din nou"}]},{"@type":"WebSite","@id":"https:\/\/totul.md\/#website","url":"https:\/\/totul.md\/","name":"TOTUL.md","description":"","potentialAction":[{"@type":"SearchAction","target":{"@type":"EntryPoint","urlTemplate":"https:\/\/totul.md\/?s={search_term_string}"},"query-input":{"@type":"PropertyValueSpecification","valueRequired":true,"valueName":"search_term_string"}}],"inLanguage":"ro-RO"},{"@type":"Person","@id":"https:\/\/totul.md\/#\/schema\/person\/93f2fffe0c74089acf5f74fb041a330b","name":"TOTUL","image":{"@type":"ImageObject","inLanguage":"ro-RO","@id":"https:\/\/secure.gravatar.com\/avatar\/5e87996a50ae2ab46b00fceeeaf96f4ea6936f57c0b849f1d668bd140d0141d9?s=96&d=mm&r=g","url":"https:\/\/secure.gravatar.com\/avatar\/5e87996a50ae2ab46b00fceeeaf96f4ea6936f57c0b849f1d668bd140d0141d9?s=96&d=mm&r=g","contentUrl":"https:\/\/secure.gravatar.com\/avatar\/5e87996a50ae2ab46b00fceeeaf96f4ea6936f57c0b849f1d668bd140d0141d9?s=96&d=mm&r=g","caption":"TOTUL"},"url":"https:\/\/totul.md\/ro\/author\/anna-perjan\/"}]}},"_links":{"self":[{"href":"https:\/\/totul.md\/ro\/wp-json\/wp\/v2\/posts\/54512","targetHints":{"allow":["GET"]}}],"collection":[{"href":"https:\/\/totul.md\/ro\/wp-json\/wp\/v2\/posts"}],"about":[{"href":"https:\/\/totul.md\/ro\/wp-json\/wp\/v2\/types\/post"}],"author":[{"embeddable":true,"href":"https:\/\/totul.md\/ro\/wp-json\/wp\/v2\/users\/78"}],"replies":[{"embeddable":true,"href":"https:\/\/totul.md\/ro\/wp-json\/wp\/v2\/comments?post=54512"}],"version-history":[{"count":1,"href":"https:\/\/totul.md\/ro\/wp-json\/wp\/v2\/posts\/54512\/revisions"}],"predecessor-version":[{"id":54513,"href":"https:\/\/totul.md\/ro\/wp-json\/wp\/v2\/posts\/54512\/revisions\/54513"}],"wp:featuredmedia":[{"embeddable":true,"href":"https:\/\/totul.md\/ro\/wp-json\/wp\/v2\/media\/54511"}],"wp:attachment":[{"href":"https:\/\/totul.md\/ro\/wp-json\/wp\/v2\/media?parent=54512"}],"wp:term":[{"taxonomy":"category","embeddable":true,"href":"https:\/\/totul.md\/ro\/wp-json\/wp\/v2\/categories?post=54512"},{"taxonomy":"post_tag","embeddable":true,"href":"https:\/\/totul.md\/ro\/wp-json\/wp\/v2\/tags?post=54512"}],"curies":[{"name":"wp","href":"https:\/\/api.w.org\/{rel}","templated":true}]}}