{"id":54538,"date":"2026-09-04T07:05:37","date_gmt":"2026-09-04T07:05:37","guid":{"rendered":"https:\/\/totul.md\/?p=54538"},"modified":"2026-09-04T07:30:07","modified_gmt":"2026-09-04T07:30:07","slug":"aderarea-la-ue-va-accelera-economia-republicii-moldova-dar-reformele-dureroase-sunt-inevitabile","status":"publish","type":"post","link":"https:\/\/totul.md\/ro\/news\/aderarea-la-ue-va-accelera-economia-republicii-moldova-dar-reformele-dureroase-sunt-inevitabile\/","title":{"rendered":"Aderarea la UE va accelera economia Republicii Moldova, dar reformele dificile sunt inevitabile"},"content":{"rendered":"<p>Aderarea la Uniunea European\u0103 ar putea deveni pentru Republica Moldova nu doar o alegere politic\u0103, ci un punct de cotitur\u0103 economic. Noi pie\u021be, investi\u021bii, acces la instrumentele financiare europene \u0219i o integrare economia UE ar putea accelera dezvoltarea \u021b\u0103rii pentru mul\u021bi ani \u00eenainte. Dar aceast\u0103 oportunitate nu se va materializa automat: cre\u0219terea economic\u0103 generat\u0103 de integrarea european\u0103 va trebui sus\u021binut\u0103 prin reforme interne dificile.<\/p>\n<p>Aceast\u0103 evaluare a fost f\u0103cut\u0103 de noul ministru al Dezvolt\u0103rii Economice \u0219i Digitaliz\u0103rii, Claudiu N\u0103sui, \u00een cadrul emisiunii <strong>\u201eCutia Neagr\u0103\u201d<\/strong>, din 3 septembrie. \u00cen opinia sa, integrarea european\u0103 poate deveni unul dintre principalii factori de dezvoltare a economiei moldovene\u0219ti \u00een urm\u0103torul deceniu. Totu\u0219i, statutul de membru al UE nu va fi suficient \u00een sine pentru a \u00eenlocui institu\u021biile publice eficiente, o politic\u0103 bugetar\u0103 responsabil\u0103 \u0219i capacitatea de a realiza reforme consecvente.<\/p>\n<h3><strong>Pia\u021ba european\u0103 este doar \u00eenceputul<\/strong><\/h3>\n<p>Pentru Republica Moldova, aderarea la UE \u00eenseamn\u0103 mult mai mult dec\u00e2t o schimbare formal\u0103 a statutului politic. Este vorba despre accesul la cea mai mare pia\u021b\u0103 unic\u0103, noi oportunit\u0103\u021bi pentru companiile moldovene\u0219ti, un posibil aflux de investi\u021bii \u0219i apropierea treptat\u0103 a standardelor de activitate economic\u0103 de cele europene.<\/p>\n<p>Dar, odat\u0103 cu oportunit\u0103\u021bile, va cre\u0219te \u0219i concuren\u021ba. Companiile moldovene\u0219ti vor trebui s\u0103-\u0219i sporeasc\u0103 productivitatea, calitatea \u0219i eficien\u021ba, iar statul va trebui s\u0103 schimbe regulile jocului, s\u0103 reduc\u0103 birocra\u021bia \u0219i s\u0103 creeze condi\u021bii \u00een care investi\u021biile s\u0103 se transforme cu adev\u0103rat \u00een cre\u0219tere economic\u0103.<\/p>\n<p>De aceea, N\u0103sui prive\u0219te integrarea european\u0103 nu ca pe un rezultat garantat, ci ca pe o oportunitate de care Republica Moldova va trebui s\u0103 \u0219tie s\u0103 profite.<\/p>\n<h3><strong>Problema priorit\u0103\u021bilor<\/strong><\/h3>\n<p>Vorbind despre necesitatea unor ac\u021biuni decisive \u00een condi\u021biile unor resurse limitate, ministrul a f\u0103cut referire la exemplul pre\u0219edintelui Argentinei, Javier Milei.<\/p>\n<p>N\u0103sui subliniaz\u0103 c\u0103 nu consider\u0103 programul economic al lui Milei un model pentru Republica Moldova. Ceea ce \u00eel intereseaz\u0103 este, \u00een primul r\u00e2nd, capacitatea unui politician de a trece rapid de la promisiuni la ac\u021biuni \u0219i de a urm\u0103ri consecvent obiectivele asumate.<\/p>\n<p><em>\u201eA avut curajul s\u0103 atrag\u0103 aten\u021bia asupra problemelor reale. Nu credeam c\u0103 va putea c\u00e2\u0219tiga alegerile, dar le-a c\u00e2\u0219tigat. \u0218i nu doar c\u0103 le-a c\u00e2\u0219tigat \u2014 a \u00eenceput s\u0103 ac\u021bioneze chiar din primul moment\u201d, a declarat ministrul.<\/em><\/p>\n<p>\u00cen contextul Republicii Moldova, N\u0103sui vede \u00een aceast\u0103 abordare, \u00eenainte de toate, un principiu al disciplinei bugetare: resursele limitate oblig\u0103 statul s\u0103-\u0219i stabileasc\u0103 mai clar priorit\u0103\u021bile \u0219i s\u0103 renun\u021be la cheltuielile care nu produc rezultate suficiente.<\/p>\n<p>\u00cen acela\u0219i timp, ministrul avertizeaz\u0103 asupra personaliz\u0103rii politicii.<\/p>\n<p><em>\u201eNu transforma\u021bi politicienii \u00een idoli \u2014 nici pe mine, nici pe altcineva. Lua\u021bi ideile drept repere. Anume ideile pot salva o societate\u201d, a declarat N\u0103sui.<\/em><\/p>\n<h3><strong>Pre\u021bul acceler\u0103rii economice<\/strong><\/h3>\n<p>Integrarea european\u0103 poate oferi Republicii Moldova ceea ce i-a lipsit mult timp: o pia\u021b\u0103 mai larg\u0103, capital, noi oportunit\u0103\u021bi pentru mediul de afaceri \u0219i acces la mecanismele europene de dezvoltare. Dar de aceste avantaje vor putea profita \u00een primul r\u00e2nd cei care vor reu\u0219i s\u0103 se adapteze noilor cerin\u021be.<\/p>\n<p>Aici se afl\u0103 \u0219i principalul paradox al perspectivei europene: <strong>UE poate deveni un accelerator puternic pentru economia Republicii Moldova, dar, \u00een acela\u0219i timp, va cere \u021b\u0103rii s\u0103 devin\u0103 mai eficient\u0103.<\/strong><\/p>\n<p>Acest lucru \u00eenseamn\u0103 reforme \u00een administra\u021bia public\u0103, politica bugetar\u0103, reglementarea mediului de afaceri \u0219i \u00een alte domenii. Unele decizii vor fi nepopulare \u2014 mai ales acolo unde va fi necesar\u0103 reducerea cheltuielilor ineficiente, schimbarea unor reguli consacrate \u0219i renun\u021barea la mecanismele cu care societatea s-a obi\u0219nuit.<\/p>\n<p>\u00cen viziunea lui N\u0103sui, tocmai disponibilitatea de a realiza astfel de reforme va determina \u00een ce se va transforma, \u00een cele din urm\u0103, integrarea european\u0103 \u2014 \u00eentr-un adev\u0103rat salt economic sau \u00eentr-un proiect preponderent politic.<\/p>\n<p>Republica Moldova are \u0219ansa de a intra \u00een economia european\u0103 cu un nou poten\u021bial de cre\u0219tere. Dar pia\u021ba european\u0103, de una singur\u0103, nu va crea aceast\u0103 cre\u0219tere. <strong>Eficien\u021ba economiei va trebui construit\u0103 \u00een interiorul \u021b\u0103rii.<\/strong><\/p>\n","protected":false},"excerpt":{"rendered":"<p>Aderarea la Uniunea European\u0103 ar putea deveni pentru Republica Moldova nu doar o alegere politic\u0103, ci un punct de cotitur\u0103 economic. Noi pie\u021be, investi\u021bii, acces la instrumentele financiare europene \u0219i o integrare economia UE ar putea accelera dezvoltarea \u021b\u0103rii pentru mul\u021bi ani \u00eenainte. Dar aceast\u0103 oportunitate nu se va materializa automat: cre\u0219terea economic\u0103 generat\u0103 de [&hellip;]<\/p>\n","protected":false},"author":78,"featured_media":54536,"comment_status":"closed","ping_status":"closed","sticky":false,"template":"","format":"standard","meta":{"footnotes":""},"categories":[218],"tags":[],"class_list":["post-54538","post","type-post","status-publish","format-standard","has-post-thumbnail","category-news"],"yoast_head":"<!-- This site is optimized with the Yoast SEO plugin v28.3 - https:\/\/yoast.com\/product\/yoast-seo-wordpress\/ -->\n<title>Aderarea la UE va accelera economia Republicii Moldova, dar reformele dificile sunt inevitabile<\/title>\n<meta name=\"robots\" content=\"index, follow, max-snippet:-1, max-image-preview:large, max-video-preview:-1\" \/>\n<link rel=\"canonical\" href=\"https:\/\/totul.md\/ro\/news\/aderarea-la-ue-va-accelera-economia-republicii-moldova-dar-reformele-dureroase-sunt-inevitabile\/\" \/>\n<meta property=\"og:locale\" content=\"ro_RO\" \/>\n<meta property=\"og:type\" content=\"article\" \/>\n<meta property=\"og:title\" content=\"Aderarea la UE va accelera economia Republicii Moldova, dar reformele dificile sunt inevitabile\" \/>\n<meta property=\"og:description\" content=\"Aderarea la Uniunea European\u0103 ar putea deveni pentru Republica Moldova nu doar o alegere politic\u0103, ci un punct de cotitur\u0103 economic. Noi pie\u021be, investi\u021bii, acces la instrumentele financiare europene \u0219i o integrare economia UE ar putea accelera dezvoltarea \u021b\u0103rii pentru mul\u021bi ani \u00eenainte. Dar aceast\u0103 oportunitate nu se va materializa automat: cre\u0219terea economic\u0103 generat\u0103 de [&hellip;]\" \/>\n<meta property=\"og:url\" content=\"https:\/\/totul.md\/ro\/news\/aderarea-la-ue-va-accelera-economia-republicii-moldova-dar-reformele-dureroase-sunt-inevitabile\/\" \/>\n<meta property=\"og:site_name\" content=\"Totul\" \/>\n<meta property=\"article:published_time\" content=\"2026-09-04T07:05:37+00:00\" \/>\n<meta property=\"article:modified_time\" content=\"2026-09-04T07:30:07+00:00\" \/>\n<meta property=\"og:image\" content=\"https:\/\/totul.md\/wp-content\/uploads\/2026\/09\/f19fvzf1.jpeg\" \/>\n\t<meta property=\"og:image:width\" content=\"1456\" \/>\n\t<meta property=\"og:image:height\" content=\"720\" \/>\n\t<meta property=\"og:image:type\" content=\"image\/jpeg\" \/>\n<meta name=\"author\" content=\"TOTUL\" \/>\n<meta name=\"twitter:card\" content=\"summary_large_image\" \/>\n<meta name=\"twitter:label1\" content=\"Scris de\" \/>\n\t<meta name=\"twitter:data1\" content=\"TOTUL\" \/>\n\t<meta name=\"twitter:label2\" content=\"Timp estimat pentru citire\" \/>\n\t<meta name=\"twitter:data2\" content=\"4 minute\" \/>\n<script type=\"application\/ld+json\" class=\"yoast-schema-graph\">{\"@context\":\"https:\\\/\\\/schema.org\",\"@graph\":[{\"@type\":\"Article\",\"@id\":\"https:\\\/\\\/totul.md\\\/ro\\\/news\\\/aderarea-la-ue-va-accelera-economia-republicii-moldova-dar-reformele-dureroase-sunt-inevitabile\\\/#article\",\"isPartOf\":{\"@id\":\"https:\\\/\\\/totul.md\\\/ro\\\/news\\\/aderarea-la-ue-va-accelera-economia-republicii-moldova-dar-reformele-dureroase-sunt-inevitabile\\\/\"},\"author\":{\"name\":\"TOTUL\",\"@id\":\"https:\\\/\\\/totul.md\\\/#\\\/schema\\\/person\\\/93f2fffe0c74089acf5f74fb041a330b\"},\"headline\":\"Aderarea la UE va accelera economia Republicii Moldova, dar reformele dificile sunt inevitabile\",\"datePublished\":\"2026-09-04T07:05:37+00:00\",\"dateModified\":\"2026-09-04T07:30:07+00:00\",\"mainEntityOfPage\":{\"@id\":\"https:\\\/\\\/totul.md\\\/ro\\\/news\\\/aderarea-la-ue-va-accelera-economia-republicii-moldova-dar-reformele-dureroase-sunt-inevitabile\\\/\"},\"wordCount\":709,\"image\":{\"@id\":\"https:\\\/\\\/totul.md\\\/ro\\\/news\\\/aderarea-la-ue-va-accelera-economia-republicii-moldova-dar-reformele-dureroase-sunt-inevitabile\\\/#primaryimage\"},\"thumbnailUrl\":\"https:\\\/\\\/totul.md\\\/wp-content\\\/uploads\\\/2026\\\/09\\\/f19fvzf1.jpeg\",\"articleSection\":[\"\u0218tiri\"],\"inLanguage\":\"ro-RO\"},{\"@type\":\"WebPage\",\"@id\":\"https:\\\/\\\/totul.md\\\/ro\\\/news\\\/aderarea-la-ue-va-accelera-economia-republicii-moldova-dar-reformele-dureroase-sunt-inevitabile\\\/\",\"url\":\"https:\\\/\\\/totul.md\\\/ro\\\/news\\\/aderarea-la-ue-va-accelera-economia-republicii-moldova-dar-reformele-dureroase-sunt-inevitabile\\\/\",\"name\":\"Aderarea la UE va accelera economia Republicii Moldova, dar reformele dificile sunt inevitabile\",\"isPartOf\":{\"@id\":\"https:\\\/\\\/totul.md\\\/#website\"},\"primaryImageOfPage\":{\"@id\":\"https:\\\/\\\/totul.md\\\/ro\\\/news\\\/aderarea-la-ue-va-accelera-economia-republicii-moldova-dar-reformele-dureroase-sunt-inevitabile\\\/#primaryimage\"},\"image\":{\"@id\":\"https:\\\/\\\/totul.md\\\/ro\\\/news\\\/aderarea-la-ue-va-accelera-economia-republicii-moldova-dar-reformele-dureroase-sunt-inevitabile\\\/#primaryimage\"},\"thumbnailUrl\":\"https:\\\/\\\/totul.md\\\/wp-content\\\/uploads\\\/2026\\\/09\\\/f19fvzf1.jpeg\",\"datePublished\":\"2026-09-04T07:05:37+00:00\",\"dateModified\":\"2026-09-04T07:30:07+00:00\",\"author\":{\"@id\":\"https:\\\/\\\/totul.md\\\/#\\\/schema\\\/person\\\/93f2fffe0c74089acf5f74fb041a330b\"},\"breadcrumb\":{\"@id\":\"https:\\\/\\\/totul.md\\\/ro\\\/news\\\/aderarea-la-ue-va-accelera-economia-republicii-moldova-dar-reformele-dureroase-sunt-inevitabile\\\/#breadcrumb\"},\"inLanguage\":\"ro-RO\",\"potentialAction\":[{\"@type\":\"ReadAction\",\"target\":[\"https:\\\/\\\/totul.md\\\/ro\\\/news\\\/aderarea-la-ue-va-accelera-economia-republicii-moldova-dar-reformele-dureroase-sunt-inevitabile\\\/\"]}]},{\"@type\":\"ImageObject\",\"inLanguage\":\"ro-RO\",\"@id\":\"https:\\\/\\\/totul.md\\\/ro\\\/news\\\/aderarea-la-ue-va-accelera-economia-republicii-moldova-dar-reformele-dureroase-sunt-inevitabile\\\/#primaryimage\",\"url\":\"https:\\\/\\\/totul.md\\\/wp-content\\\/uploads\\\/2026\\\/09\\\/f19fvzf1.jpeg\",\"contentUrl\":\"https:\\\/\\\/totul.md\\\/wp-content\\\/uploads\\\/2026\\\/09\\\/f19fvzf1.jpeg\",\"width\":1456,\"height\":720},{\"@type\":\"BreadcrumbList\",\"@id\":\"https:\\\/\\\/totul.md\\\/ro\\\/news\\\/aderarea-la-ue-va-accelera-economia-republicii-moldova-dar-reformele-dureroase-sunt-inevitabile\\\/#breadcrumb\",\"itemListElement\":[{\"@type\":\"ListItem\",\"position\":1,\"name\":\"\u0413\u043b\u0430\u0432\u043d\u0430\u044f \u0441\u0442\u0440\u0430\u043d\u0438\u0446\u0430\",\"item\":\"https:\\\/\\\/totul.md\\\/ro\\\/acasa\\\/\"},{\"@type\":\"ListItem\",\"position\":2,\"name\":\"Aderarea la UE va accelera economia Republicii Moldova, dar reformele dificile sunt inevitabile\"}]},{\"@type\":\"WebSite\",\"@id\":\"https:\\\/\\\/totul.md\\\/#website\",\"url\":\"https:\\\/\\\/totul.md\\\/\",\"name\":\"TOTUL.md\",\"description\":\"\",\"potentialAction\":[{\"@type\":\"SearchAction\",\"target\":{\"@type\":\"EntryPoint\",\"urlTemplate\":\"https:\\\/\\\/totul.md\\\/?s={search_term_string}\"},\"query-input\":{\"@type\":\"PropertyValueSpecification\",\"valueRequired\":true,\"valueName\":\"search_term_string\"}}],\"inLanguage\":\"ro-RO\"},{\"@type\":\"Person\",\"@id\":\"https:\\\/\\\/totul.md\\\/#\\\/schema\\\/person\\\/93f2fffe0c74089acf5f74fb041a330b\",\"name\":\"TOTUL\",\"image\":{\"@type\":\"ImageObject\",\"inLanguage\":\"ro-RO\",\"@id\":\"https:\\\/\\\/secure.gravatar.com\\\/avatar\\\/5e87996a50ae2ab46b00fceeeaf96f4ea6936f57c0b849f1d668bd140d0141d9?s=96&d=mm&r=g\",\"url\":\"https:\\\/\\\/secure.gravatar.com\\\/avatar\\\/5e87996a50ae2ab46b00fceeeaf96f4ea6936f57c0b849f1d668bd140d0141d9?s=96&d=mm&r=g\",\"contentUrl\":\"https:\\\/\\\/secure.gravatar.com\\\/avatar\\\/5e87996a50ae2ab46b00fceeeaf96f4ea6936f57c0b849f1d668bd140d0141d9?s=96&d=mm&r=g\",\"caption\":\"TOTUL\"},\"url\":\"https:\\\/\\\/totul.md\\\/ro\\\/author\\\/anna-perjan\\\/\"}]}<\/script>\n<!-- \/ Yoast SEO plugin. -->","yoast_head_json":{"title":"Aderarea la UE va accelera economia Republicii Moldova, dar reformele dificile sunt inevitabile","robots":{"index":"index","follow":"follow","max-snippet":"max-snippet:-1","max-image-preview":"max-image-preview:large","max-video-preview":"max-video-preview:-1"},"canonical":"https:\/\/totul.md\/ro\/news\/aderarea-la-ue-va-accelera-economia-republicii-moldova-dar-reformele-dureroase-sunt-inevitabile\/","og_locale":"ro_RO","og_type":"article","og_title":"Aderarea la UE va accelera economia Republicii Moldova, dar reformele dificile sunt inevitabile","og_description":"Aderarea la Uniunea European\u0103 ar putea deveni pentru Republica Moldova nu doar o alegere politic\u0103, ci un punct de cotitur\u0103 economic. Noi pie\u021be, investi\u021bii, acces la instrumentele financiare europene \u0219i o integrare economia UE ar putea accelera dezvoltarea \u021b\u0103rii pentru mul\u021bi ani \u00eenainte. Dar aceast\u0103 oportunitate nu se va materializa automat: cre\u0219terea economic\u0103 generat\u0103 de [&hellip;]","og_url":"https:\/\/totul.md\/ro\/news\/aderarea-la-ue-va-accelera-economia-republicii-moldova-dar-reformele-dureroase-sunt-inevitabile\/","og_site_name":"Totul","article_published_time":"2026-09-04T07:05:37+00:00","article_modified_time":"2026-09-04T07:30:07+00:00","og_image":[{"width":1456,"height":720,"url":"https:\/\/totul.md\/wp-content\/uploads\/2026\/09\/f19fvzf1.jpeg","type":"image\/jpeg"}],"author":"TOTUL","twitter_card":"summary_large_image","twitter_misc":{"Scris de":"TOTUL","Timp estimat pentru citire":"4 minute"},"schema":{"@context":"https:\/\/schema.org","@graph":[{"@type":"Article","@id":"https:\/\/totul.md\/ro\/news\/aderarea-la-ue-va-accelera-economia-republicii-moldova-dar-reformele-dureroase-sunt-inevitabile\/#article","isPartOf":{"@id":"https:\/\/totul.md\/ro\/news\/aderarea-la-ue-va-accelera-economia-republicii-moldova-dar-reformele-dureroase-sunt-inevitabile\/"},"author":{"name":"TOTUL","@id":"https:\/\/totul.md\/#\/schema\/person\/93f2fffe0c74089acf5f74fb041a330b"},"headline":"Aderarea la UE va accelera economia Republicii Moldova, dar reformele dificile sunt inevitabile","datePublished":"2026-09-04T07:05:37+00:00","dateModified":"2026-09-04T07:30:07+00:00","mainEntityOfPage":{"@id":"https:\/\/totul.md\/ro\/news\/aderarea-la-ue-va-accelera-economia-republicii-moldova-dar-reformele-dureroase-sunt-inevitabile\/"},"wordCount":709,"image":{"@id":"https:\/\/totul.md\/ro\/news\/aderarea-la-ue-va-accelera-economia-republicii-moldova-dar-reformele-dureroase-sunt-inevitabile\/#primaryimage"},"thumbnailUrl":"https:\/\/totul.md\/wp-content\/uploads\/2026\/09\/f19fvzf1.jpeg","articleSection":["\u0218tiri"],"inLanguage":"ro-RO"},{"@type":"WebPage","@id":"https:\/\/totul.md\/ro\/news\/aderarea-la-ue-va-accelera-economia-republicii-moldova-dar-reformele-dureroase-sunt-inevitabile\/","url":"https:\/\/totul.md\/ro\/news\/aderarea-la-ue-va-accelera-economia-republicii-moldova-dar-reformele-dureroase-sunt-inevitabile\/","name":"Aderarea la UE va accelera economia Republicii Moldova, dar reformele dificile sunt inevitabile","isPartOf":{"@id":"https:\/\/totul.md\/#website"},"primaryImageOfPage":{"@id":"https:\/\/totul.md\/ro\/news\/aderarea-la-ue-va-accelera-economia-republicii-moldova-dar-reformele-dureroase-sunt-inevitabile\/#primaryimage"},"image":{"@id":"https:\/\/totul.md\/ro\/news\/aderarea-la-ue-va-accelera-economia-republicii-moldova-dar-reformele-dureroase-sunt-inevitabile\/#primaryimage"},"thumbnailUrl":"https:\/\/totul.md\/wp-content\/uploads\/2026\/09\/f19fvzf1.jpeg","datePublished":"2026-09-04T07:05:37+00:00","dateModified":"2026-09-04T07:30:07+00:00","author":{"@id":"https:\/\/totul.md\/#\/schema\/person\/93f2fffe0c74089acf5f74fb041a330b"},"breadcrumb":{"@id":"https:\/\/totul.md\/ro\/news\/aderarea-la-ue-va-accelera-economia-republicii-moldova-dar-reformele-dureroase-sunt-inevitabile\/#breadcrumb"},"inLanguage":"ro-RO","potentialAction":[{"@type":"ReadAction","target":["https:\/\/totul.md\/ro\/news\/aderarea-la-ue-va-accelera-economia-republicii-moldova-dar-reformele-dureroase-sunt-inevitabile\/"]}]},{"@type":"ImageObject","inLanguage":"ro-RO","@id":"https:\/\/totul.md\/ro\/news\/aderarea-la-ue-va-accelera-economia-republicii-moldova-dar-reformele-dureroase-sunt-inevitabile\/#primaryimage","url":"https:\/\/totul.md\/wp-content\/uploads\/2026\/09\/f19fvzf1.jpeg","contentUrl":"https:\/\/totul.md\/wp-content\/uploads\/2026\/09\/f19fvzf1.jpeg","width":1456,"height":720},{"@type":"BreadcrumbList","@id":"https:\/\/totul.md\/ro\/news\/aderarea-la-ue-va-accelera-economia-republicii-moldova-dar-reformele-dureroase-sunt-inevitabile\/#breadcrumb","itemListElement":[{"@type":"ListItem","position":1,"name":"\u0413\u043b\u0430\u0432\u043d\u0430\u044f \u0441\u0442\u0440\u0430\u043d\u0438\u0446\u0430","item":"https:\/\/totul.md\/ro\/acasa\/"},{"@type":"ListItem","position":2,"name":"Aderarea la UE va accelera economia Republicii Moldova, dar reformele dificile sunt inevitabile"}]},{"@type":"WebSite","@id":"https:\/\/totul.md\/#website","url":"https:\/\/totul.md\/","name":"TOTUL.md","description":"","potentialAction":[{"@type":"SearchAction","target":{"@type":"EntryPoint","urlTemplate":"https:\/\/totul.md\/?s={search_term_string}"},"query-input":{"@type":"PropertyValueSpecification","valueRequired":true,"valueName":"search_term_string"}}],"inLanguage":"ro-RO"},{"@type":"Person","@id":"https:\/\/totul.md\/#\/schema\/person\/93f2fffe0c74089acf5f74fb041a330b","name":"TOTUL","image":{"@type":"ImageObject","inLanguage":"ro-RO","@id":"https:\/\/secure.gravatar.com\/avatar\/5e87996a50ae2ab46b00fceeeaf96f4ea6936f57c0b849f1d668bd140d0141d9?s=96&d=mm&r=g","url":"https:\/\/secure.gravatar.com\/avatar\/5e87996a50ae2ab46b00fceeeaf96f4ea6936f57c0b849f1d668bd140d0141d9?s=96&d=mm&r=g","contentUrl":"https:\/\/secure.gravatar.com\/avatar\/5e87996a50ae2ab46b00fceeeaf96f4ea6936f57c0b849f1d668bd140d0141d9?s=96&d=mm&r=g","caption":"TOTUL"},"url":"https:\/\/totul.md\/ro\/author\/anna-perjan\/"}]}},"_links":{"self":[{"href":"https:\/\/totul.md\/ro\/wp-json\/wp\/v2\/posts\/54538","targetHints":{"allow":["GET"]}}],"collection":[{"href":"https:\/\/totul.md\/ro\/wp-json\/wp\/v2\/posts"}],"about":[{"href":"https:\/\/totul.md\/ro\/wp-json\/wp\/v2\/types\/post"}],"author":[{"embeddable":true,"href":"https:\/\/totul.md\/ro\/wp-json\/wp\/v2\/users\/78"}],"replies":[{"embeddable":true,"href":"https:\/\/totul.md\/ro\/wp-json\/wp\/v2\/comments?post=54538"}],"version-history":[{"count":5,"href":"https:\/\/totul.md\/ro\/wp-json\/wp\/v2\/posts\/54538\/revisions"}],"predecessor-version":[{"id":54545,"href":"https:\/\/totul.md\/ro\/wp-json\/wp\/v2\/posts\/54538\/revisions\/54545"}],"wp:featuredmedia":[{"embeddable":true,"href":"https:\/\/totul.md\/ro\/wp-json\/wp\/v2\/media\/54536"}],"wp:attachment":[{"href":"https:\/\/totul.md\/ro\/wp-json\/wp\/v2\/media?parent=54538"}],"wp:term":[{"taxonomy":"category","embeddable":true,"href":"https:\/\/totul.md\/ro\/wp-json\/wp\/v2\/categories?post=54538"},{"taxonomy":"post_tag","embeddable":true,"href":"https:\/\/totul.md\/ro\/wp-json\/wp\/v2\/tags?post=54538"}],"curies":[{"name":"wp","href":"https:\/\/api.w.org\/{rel}","templated":true}]}}