{"id":54554,"date":"2026-09-04T09:29:57","date_gmt":"2026-09-04T09:29:57","guid":{"rendered":"https:\/\/totul.md\/?p=54554"},"modified":"2026-09-04T10:01:25","modified_gmt":"2026-09-04T10:01:25","slug":"parlamentul-republicii-moldova-va-limita-temporar-importul-de-cereale","status":"publish","type":"post","link":"https:\/\/totul.md\/ro\/news\/parlamentul-republicii-moldova-va-limita-temporar-importul-de-cereale\/","title":{"rendered":"Parlamentul Republicii Moldova va limita temporar importul de cereale"},"content":{"rendered":"<p>\u00cen Parlamentul Republicii Moldova, <strong>53 de deputa\u021bi<\/strong> au votat pentru introducerea licen\u021bierii, iar proiectul de lege privind licen\u021bierea temporar\u0103 a importului de cereale \u0219i culturi oleaginoase a fost aprobat. Regimul este propus <strong>p\u00e2n\u0103 la 31 octombrie 2026<\/strong>. Documentul va intra definitiv \u00een vigoare dup\u0103 examinarea \u00een lectura a doua \u0219i publicarea \u00een <strong>Monitorul Oficial.<\/strong><\/p>\n<p>Proiectul de lege a fost prezentat de pre\u0219edintele Comisiei parlamentare pentru agricultur\u0103 \u0219i industria alimentar\u0103, Sergiu Ivanov. Potrivit acestuia, licen\u021bierea nu trebuie s\u0103 blocheze importurile, ci s\u0103 asigure desf\u0103\u0219urarea acestora \u00eentr-un mod care s\u0103 nu prejudicieze produc\u0103torii autohtoni.<\/p>\n<p>Este vorba despre cereale \u0219i culturi oleaginoase, inclusiv <strong>gr\u00e2u \u0219i floarea-soarelui.<\/strong> Produsele finite \u2014 f\u0103ina, concentratele \u0219i alte produse procesate \u2014 nu vor intra sub inciden\u021ba acestui mecanism.<\/p>\n<p>Licen\u021be vor putea ob\u021bine persoane fizice \u0219i juridice care activeaz\u0103 \u00een domeniul zootehniei, al produc\u021biei de uleiuri \u0219i gr\u0103simi vegetale, al produselor de mor\u0103rit \u0219i al furajelor pentru animale. Cererile vor fi examinate de o comisie special\u0103, din care vor face parte reprezentan\u021bi ai Ministerului Agriculturii \u0219i Industriei Alimentare, ai Ministerului Dezvolt\u0103rii Economice \u0219i Digitaliz\u0103rii, ai ANSA \u0219i ai asocia\u021biilor de profil. Licen\u021bele vor fi eliberate gratuit.<\/p>\n<p>Totodat\u0103, produsele importate nu vor putea fi rev\u00e2ndute sau exportate. Potrivit lui Ivanov, aceast\u0103 m\u0103sur\u0103 va permite controlarea destina\u021biei cerealelor importate \u0219i limitarea schemelor prin care acestea ajung \u00een \u021bar\u0103 sub pretextul utiliz\u0103rii ca materie prim\u0103 pentru procesare, pentru ca ulterior s\u0103 fie v\u00e2ndute sau exportate.<\/p>\n<h3><strong>De ce a fost necesar\u0103 licen\u021bierea<\/strong><\/h3>\n<p>Autorit\u0103\u021bile explic\u0103 ini\u021biativa prin necesitatea de a proteja fermierii moldoveni de presiunea exercitat\u0103 de cerealele importate la pre\u021buri mai mici. Potrivit lui Ivanov, \u00een prezent, gr\u00e2ul de pe pia\u021ba intern\u0103 din Republica Moldova se vinde cu aproximativ 1,5 lei mai ieftin dec\u00e2t \u00een portul Constan\u021ba.<\/p>\n<p>\u00cen acela\u0219i timp, durata m\u0103surii a generat controverse. Guvernul propune instituirea regimului pentru doar <strong>60 de zile,<\/strong> \u00een timp ce reprezentan\u021bii sectorului agricol au solicitat o perioad\u0103 mai lung\u0103 \u2014 p\u00e2n\u0103 la sf\u00e2r\u0219itul anului 2027.<\/p>\n<p>Ivanov a declarat c\u0103 dou\u0103 luni ar putea fi insuficiente pentru solu\u021bionarea problemelor produc\u0103torilor: fermierii nu reu\u0219esc \u00eentotdeauna s\u0103 \u00ee\u0219i comercializeze recolta \u00eentr-un termen at\u00e2t de scurt, \u00een special \u021bin\u00e2nd cont de aspectele logistice \u0219i de transport. El a propus, de asemenea, men\u021binerea posibilit\u0103\u021bii de prelungire a regimului, \u00een cazul \u00een care situa\u021bia de pe pia\u021b\u0103 o va impune.<\/p>\n<p>Parlamentul urmeaz\u0103 s\u0103 adopte decizia final\u0103 asupra proiectului de lege la <strong>4 septembrie, \u00een lectura a doua.<\/strong><\/p>\n","protected":false},"excerpt":{"rendered":"<p>\u00cen Parlamentul Republicii Moldova, 53 de deputa\u021bi au votat pentru introducerea licen\u021bierii, iar proiectul de lege privind licen\u021bierea temporar\u0103 a importului de cereale \u0219i culturi oleaginoase a fost aprobat. Regimul este propus p\u00e2n\u0103 la 31 octombrie 2026. Documentul va intra definitiv \u00een vigoare dup\u0103 examinarea \u00een lectura a doua \u0219i publicarea \u00een Monitorul Oficial. Proiectul [&hellip;]<\/p>\n","protected":false},"author":78,"featured_media":54552,"comment_status":"closed","ping_status":"closed","sticky":false,"template":"","format":"standard","meta":{"footnotes":""},"categories":[218],"tags":[],"class_list":["post-54554","post","type-post","status-publish","format-standard","has-post-thumbnail","category-news"],"yoast_head":"<!-- This site is optimized with the Yoast SEO plugin v28.3 - https:\/\/yoast.com\/product\/yoast-seo-wordpress\/ -->\n<title>Parlamentul Republicii Moldova va limita temporar importul de cereale<\/title>\n<meta name=\"robots\" content=\"index, follow, max-snippet:-1, max-image-preview:large, max-video-preview:-1\" \/>\n<link rel=\"canonical\" href=\"https:\/\/totul.md\/ro\/news\/parlamentul-republicii-moldova-va-limita-temporar-importul-de-cereale\/\" \/>\n<meta property=\"og:locale\" content=\"ro_RO\" \/>\n<meta property=\"og:type\" content=\"article\" \/>\n<meta property=\"og:title\" content=\"Parlamentul Republicii Moldova va limita temporar importul de cereale\" \/>\n<meta property=\"og:description\" content=\"\u00cen Parlamentul Republicii Moldova, 53 de deputa\u021bi au votat pentru introducerea licen\u021bierii, iar proiectul de lege privind licen\u021bierea temporar\u0103 a importului de cereale \u0219i culturi oleaginoase a fost aprobat. Regimul este propus p\u00e2n\u0103 la 31 octombrie 2026. Documentul va intra definitiv \u00een vigoare dup\u0103 examinarea \u00een lectura a doua \u0219i publicarea \u00een Monitorul Oficial. Proiectul [&hellip;]\" \/>\n<meta property=\"og:url\" content=\"https:\/\/totul.md\/ro\/news\/parlamentul-republicii-moldova-va-limita-temporar-importul-de-cereale\/\" \/>\n<meta property=\"og:site_name\" content=\"Totul\" \/>\n<meta property=\"article:published_time\" content=\"2026-09-04T09:29:57+00:00\" \/>\n<meta property=\"article:modified_time\" content=\"2026-09-04T10:01:25+00:00\" \/>\n<meta property=\"og:image\" content=\"https:\/\/totul.md\/wp-content\/uploads\/2026\/09\/ezepxz.jpeg\" \/>\n\t<meta property=\"og:image:width\" content=\"1456\" \/>\n\t<meta property=\"og:image:height\" content=\"720\" \/>\n\t<meta property=\"og:image:type\" content=\"image\/jpeg\" \/>\n<meta name=\"author\" content=\"TOTUL\" \/>\n<meta name=\"twitter:card\" content=\"summary_large_image\" \/>\n<meta name=\"twitter:label1\" content=\"Scris de\" \/>\n\t<meta name=\"twitter:data1\" content=\"TOTUL\" \/>\n\t<meta name=\"twitter:label2\" content=\"Timp estimat pentru citire\" \/>\n\t<meta name=\"twitter:data2\" content=\"3 minute\" \/>\n<script type=\"application\/ld+json\" class=\"yoast-schema-graph\">{\"@context\":\"https:\\\/\\\/schema.org\",\"@graph\":[{\"@type\":\"Article\",\"@id\":\"https:\\\/\\\/totul.md\\\/ro\\\/news\\\/parlamentul-republicii-moldova-va-limita-temporar-importul-de-cereale\\\/#article\",\"isPartOf\":{\"@id\":\"https:\\\/\\\/totul.md\\\/ro\\\/news\\\/parlamentul-republicii-moldova-va-limita-temporar-importul-de-cereale\\\/\"},\"author\":{\"name\":\"TOTUL\",\"@id\":\"https:\\\/\\\/totul.md\\\/#\\\/schema\\\/person\\\/93f2fffe0c74089acf5f74fb041a330b\"},\"headline\":\"Parlamentul Republicii Moldova va limita temporar importul de cereale\",\"datePublished\":\"2026-09-04T09:29:57+00:00\",\"dateModified\":\"2026-09-04T10:01:25+00:00\",\"mainEntityOfPage\":{\"@id\":\"https:\\\/\\\/totul.md\\\/ro\\\/news\\\/parlamentul-republicii-moldova-va-limita-temporar-importul-de-cereale\\\/\"},\"wordCount\":442,\"image\":{\"@id\":\"https:\\\/\\\/totul.md\\\/ro\\\/news\\\/parlamentul-republicii-moldova-va-limita-temporar-importul-de-cereale\\\/#primaryimage\"},\"thumbnailUrl\":\"https:\\\/\\\/totul.md\\\/wp-content\\\/uploads\\\/2026\\\/09\\\/ezepxz.jpeg\",\"articleSection\":[\"\u0218tiri\"],\"inLanguage\":\"ro-RO\"},{\"@type\":\"WebPage\",\"@id\":\"https:\\\/\\\/totul.md\\\/ro\\\/news\\\/parlamentul-republicii-moldova-va-limita-temporar-importul-de-cereale\\\/\",\"url\":\"https:\\\/\\\/totul.md\\\/ro\\\/news\\\/parlamentul-republicii-moldova-va-limita-temporar-importul-de-cereale\\\/\",\"name\":\"Parlamentul Republicii Moldova va limita temporar importul de cereale\",\"isPartOf\":{\"@id\":\"https:\\\/\\\/totul.md\\\/#website\"},\"primaryImageOfPage\":{\"@id\":\"https:\\\/\\\/totul.md\\\/ro\\\/news\\\/parlamentul-republicii-moldova-va-limita-temporar-importul-de-cereale\\\/#primaryimage\"},\"image\":{\"@id\":\"https:\\\/\\\/totul.md\\\/ro\\\/news\\\/parlamentul-republicii-moldova-va-limita-temporar-importul-de-cereale\\\/#primaryimage\"},\"thumbnailUrl\":\"https:\\\/\\\/totul.md\\\/wp-content\\\/uploads\\\/2026\\\/09\\\/ezepxz.jpeg\",\"datePublished\":\"2026-09-04T09:29:57+00:00\",\"dateModified\":\"2026-09-04T10:01:25+00:00\",\"author\":{\"@id\":\"https:\\\/\\\/totul.md\\\/#\\\/schema\\\/person\\\/93f2fffe0c74089acf5f74fb041a330b\"},\"breadcrumb\":{\"@id\":\"https:\\\/\\\/totul.md\\\/ro\\\/news\\\/parlamentul-republicii-moldova-va-limita-temporar-importul-de-cereale\\\/#breadcrumb\"},\"inLanguage\":\"ro-RO\",\"potentialAction\":[{\"@type\":\"ReadAction\",\"target\":[\"https:\\\/\\\/totul.md\\\/ro\\\/news\\\/parlamentul-republicii-moldova-va-limita-temporar-importul-de-cereale\\\/\"]}]},{\"@type\":\"ImageObject\",\"inLanguage\":\"ro-RO\",\"@id\":\"https:\\\/\\\/totul.md\\\/ro\\\/news\\\/parlamentul-republicii-moldova-va-limita-temporar-importul-de-cereale\\\/#primaryimage\",\"url\":\"https:\\\/\\\/totul.md\\\/wp-content\\\/uploads\\\/2026\\\/09\\\/ezepxz.jpeg\",\"contentUrl\":\"https:\\\/\\\/totul.md\\\/wp-content\\\/uploads\\\/2026\\\/09\\\/ezepxz.jpeg\",\"width\":1456,\"height\":720},{\"@type\":\"BreadcrumbList\",\"@id\":\"https:\\\/\\\/totul.md\\\/ro\\\/news\\\/parlamentul-republicii-moldova-va-limita-temporar-importul-de-cereale\\\/#breadcrumb\",\"itemListElement\":[{\"@type\":\"ListItem\",\"position\":1,\"name\":\"\u0413\u043b\u0430\u0432\u043d\u0430\u044f \u0441\u0442\u0440\u0430\u043d\u0438\u0446\u0430\",\"item\":\"https:\\\/\\\/totul.md\\\/ro\\\/acasa\\\/\"},{\"@type\":\"ListItem\",\"position\":2,\"name\":\"Parlamentul Republicii Moldova va limita temporar importul de cereale\"}]},{\"@type\":\"WebSite\",\"@id\":\"https:\\\/\\\/totul.md\\\/#website\",\"url\":\"https:\\\/\\\/totul.md\\\/\",\"name\":\"TOTUL.md\",\"description\":\"\",\"potentialAction\":[{\"@type\":\"SearchAction\",\"target\":{\"@type\":\"EntryPoint\",\"urlTemplate\":\"https:\\\/\\\/totul.md\\\/?s={search_term_string}\"},\"query-input\":{\"@type\":\"PropertyValueSpecification\",\"valueRequired\":true,\"valueName\":\"search_term_string\"}}],\"inLanguage\":\"ro-RO\"},{\"@type\":\"Person\",\"@id\":\"https:\\\/\\\/totul.md\\\/#\\\/schema\\\/person\\\/93f2fffe0c74089acf5f74fb041a330b\",\"name\":\"TOTUL\",\"image\":{\"@type\":\"ImageObject\",\"inLanguage\":\"ro-RO\",\"@id\":\"https:\\\/\\\/secure.gravatar.com\\\/avatar\\\/5e87996a50ae2ab46b00fceeeaf96f4ea6936f57c0b849f1d668bd140d0141d9?s=96&d=mm&r=g\",\"url\":\"https:\\\/\\\/secure.gravatar.com\\\/avatar\\\/5e87996a50ae2ab46b00fceeeaf96f4ea6936f57c0b849f1d668bd140d0141d9?s=96&d=mm&r=g\",\"contentUrl\":\"https:\\\/\\\/secure.gravatar.com\\\/avatar\\\/5e87996a50ae2ab46b00fceeeaf96f4ea6936f57c0b849f1d668bd140d0141d9?s=96&d=mm&r=g\",\"caption\":\"TOTUL\"},\"url\":\"https:\\\/\\\/totul.md\\\/ro\\\/author\\\/anna-perjan\\\/\"}]}<\/script>\n<!-- \/ Yoast SEO plugin. -->","yoast_head_json":{"title":"Parlamentul Republicii Moldova va limita temporar importul de cereale","robots":{"index":"index","follow":"follow","max-snippet":"max-snippet:-1","max-image-preview":"max-image-preview:large","max-video-preview":"max-video-preview:-1"},"canonical":"https:\/\/totul.md\/ro\/news\/parlamentul-republicii-moldova-va-limita-temporar-importul-de-cereale\/","og_locale":"ro_RO","og_type":"article","og_title":"Parlamentul Republicii Moldova va limita temporar importul de cereale","og_description":"\u00cen Parlamentul Republicii Moldova, 53 de deputa\u021bi au votat pentru introducerea licen\u021bierii, iar proiectul de lege privind licen\u021bierea temporar\u0103 a importului de cereale \u0219i culturi oleaginoase a fost aprobat. Regimul este propus p\u00e2n\u0103 la 31 octombrie 2026. Documentul va intra definitiv \u00een vigoare dup\u0103 examinarea \u00een lectura a doua \u0219i publicarea \u00een Monitorul Oficial. Proiectul [&hellip;]","og_url":"https:\/\/totul.md\/ro\/news\/parlamentul-republicii-moldova-va-limita-temporar-importul-de-cereale\/","og_site_name":"Totul","article_published_time":"2026-09-04T09:29:57+00:00","article_modified_time":"2026-09-04T10:01:25+00:00","og_image":[{"width":1456,"height":720,"url":"https:\/\/totul.md\/wp-content\/uploads\/2026\/09\/ezepxz.jpeg","type":"image\/jpeg"}],"author":"TOTUL","twitter_card":"summary_large_image","twitter_misc":{"Scris de":"TOTUL","Timp estimat pentru citire":"3 minute"},"schema":{"@context":"https:\/\/schema.org","@graph":[{"@type":"Article","@id":"https:\/\/totul.md\/ro\/news\/parlamentul-republicii-moldova-va-limita-temporar-importul-de-cereale\/#article","isPartOf":{"@id":"https:\/\/totul.md\/ro\/news\/parlamentul-republicii-moldova-va-limita-temporar-importul-de-cereale\/"},"author":{"name":"TOTUL","@id":"https:\/\/totul.md\/#\/schema\/person\/93f2fffe0c74089acf5f74fb041a330b"},"headline":"Parlamentul Republicii Moldova va limita temporar importul de cereale","datePublished":"2026-09-04T09:29:57+00:00","dateModified":"2026-09-04T10:01:25+00:00","mainEntityOfPage":{"@id":"https:\/\/totul.md\/ro\/news\/parlamentul-republicii-moldova-va-limita-temporar-importul-de-cereale\/"},"wordCount":442,"image":{"@id":"https:\/\/totul.md\/ro\/news\/parlamentul-republicii-moldova-va-limita-temporar-importul-de-cereale\/#primaryimage"},"thumbnailUrl":"https:\/\/totul.md\/wp-content\/uploads\/2026\/09\/ezepxz.jpeg","articleSection":["\u0218tiri"],"inLanguage":"ro-RO"},{"@type":"WebPage","@id":"https:\/\/totul.md\/ro\/news\/parlamentul-republicii-moldova-va-limita-temporar-importul-de-cereale\/","url":"https:\/\/totul.md\/ro\/news\/parlamentul-republicii-moldova-va-limita-temporar-importul-de-cereale\/","name":"Parlamentul Republicii Moldova va limita temporar importul de cereale","isPartOf":{"@id":"https:\/\/totul.md\/#website"},"primaryImageOfPage":{"@id":"https:\/\/totul.md\/ro\/news\/parlamentul-republicii-moldova-va-limita-temporar-importul-de-cereale\/#primaryimage"},"image":{"@id":"https:\/\/totul.md\/ro\/news\/parlamentul-republicii-moldova-va-limita-temporar-importul-de-cereale\/#primaryimage"},"thumbnailUrl":"https:\/\/totul.md\/wp-content\/uploads\/2026\/09\/ezepxz.jpeg","datePublished":"2026-09-04T09:29:57+00:00","dateModified":"2026-09-04T10:01:25+00:00","author":{"@id":"https:\/\/totul.md\/#\/schema\/person\/93f2fffe0c74089acf5f74fb041a330b"},"breadcrumb":{"@id":"https:\/\/totul.md\/ro\/news\/parlamentul-republicii-moldova-va-limita-temporar-importul-de-cereale\/#breadcrumb"},"inLanguage":"ro-RO","potentialAction":[{"@type":"ReadAction","target":["https:\/\/totul.md\/ro\/news\/parlamentul-republicii-moldova-va-limita-temporar-importul-de-cereale\/"]}]},{"@type":"ImageObject","inLanguage":"ro-RO","@id":"https:\/\/totul.md\/ro\/news\/parlamentul-republicii-moldova-va-limita-temporar-importul-de-cereale\/#primaryimage","url":"https:\/\/totul.md\/wp-content\/uploads\/2026\/09\/ezepxz.jpeg","contentUrl":"https:\/\/totul.md\/wp-content\/uploads\/2026\/09\/ezepxz.jpeg","width":1456,"height":720},{"@type":"BreadcrumbList","@id":"https:\/\/totul.md\/ro\/news\/parlamentul-republicii-moldova-va-limita-temporar-importul-de-cereale\/#breadcrumb","itemListElement":[{"@type":"ListItem","position":1,"name":"\u0413\u043b\u0430\u0432\u043d\u0430\u044f \u0441\u0442\u0440\u0430\u043d\u0438\u0446\u0430","item":"https:\/\/totul.md\/ro\/acasa\/"},{"@type":"ListItem","position":2,"name":"Parlamentul Republicii Moldova va limita temporar importul de cereale"}]},{"@type":"WebSite","@id":"https:\/\/totul.md\/#website","url":"https:\/\/totul.md\/","name":"TOTUL.md","description":"","potentialAction":[{"@type":"SearchAction","target":{"@type":"EntryPoint","urlTemplate":"https:\/\/totul.md\/?s={search_term_string}"},"query-input":{"@type":"PropertyValueSpecification","valueRequired":true,"valueName":"search_term_string"}}],"inLanguage":"ro-RO"},{"@type":"Person","@id":"https:\/\/totul.md\/#\/schema\/person\/93f2fffe0c74089acf5f74fb041a330b","name":"TOTUL","image":{"@type":"ImageObject","inLanguage":"ro-RO","@id":"https:\/\/secure.gravatar.com\/avatar\/5e87996a50ae2ab46b00fceeeaf96f4ea6936f57c0b849f1d668bd140d0141d9?s=96&d=mm&r=g","url":"https:\/\/secure.gravatar.com\/avatar\/5e87996a50ae2ab46b00fceeeaf96f4ea6936f57c0b849f1d668bd140d0141d9?s=96&d=mm&r=g","contentUrl":"https:\/\/secure.gravatar.com\/avatar\/5e87996a50ae2ab46b00fceeeaf96f4ea6936f57c0b849f1d668bd140d0141d9?s=96&d=mm&r=g","caption":"TOTUL"},"url":"https:\/\/totul.md\/ro\/author\/anna-perjan\/"}]}},"_links":{"self":[{"href":"https:\/\/totul.md\/ro\/wp-json\/wp\/v2\/posts\/54554","targetHints":{"allow":["GET"]}}],"collection":[{"href":"https:\/\/totul.md\/ro\/wp-json\/wp\/v2\/posts"}],"about":[{"href":"https:\/\/totul.md\/ro\/wp-json\/wp\/v2\/types\/post"}],"author":[{"embeddable":true,"href":"https:\/\/totul.md\/ro\/wp-json\/wp\/v2\/users\/78"}],"replies":[{"embeddable":true,"href":"https:\/\/totul.md\/ro\/wp-json\/wp\/v2\/comments?post=54554"}],"version-history":[{"count":2,"href":"https:\/\/totul.md\/ro\/wp-json\/wp\/v2\/posts\/54554\/revisions"}],"predecessor-version":[{"id":54558,"href":"https:\/\/totul.md\/ro\/wp-json\/wp\/v2\/posts\/54554\/revisions\/54558"}],"wp:featuredmedia":[{"embeddable":true,"href":"https:\/\/totul.md\/ro\/wp-json\/wp\/v2\/media\/54552"}],"wp:attachment":[{"href":"https:\/\/totul.md\/ro\/wp-json\/wp\/v2\/media?parent=54554"}],"wp:term":[{"taxonomy":"category","embeddable":true,"href":"https:\/\/totul.md\/ro\/wp-json\/wp\/v2\/categories?post=54554"},{"taxonomy":"post_tag","embeddable":true,"href":"https:\/\/totul.md\/ro\/wp-json\/wp\/v2\/tags?post=54554"}],"curies":[{"name":"wp","href":"https:\/\/api.w.org\/{rel}","templated":true}]}}