{"id":54567,"date":"2026-09-04T16:13:01","date_gmt":"2026-09-04T16:13:01","guid":{"rendered":"https:\/\/totul.md\/?p=54567"},"modified":"2026-09-04T17:47:11","modified_gmt":"2026-09-04T17:47:11","slug":"educatia-2030-cum-va-arata-educatia-in-republica-moldova-peste-patru-ani","status":"publish","type":"post","link":"https:\/\/totul.md\/ro\/news\/educatia-2030-cum-va-arata-educatia-in-republica-moldova-peste-patru-ani\/","title":{"rendered":"\u201eEduca\u021bia 2030\u201d: cum va ar\u0103ta educa\u021bia \u00een Republica Moldova peste patru ani"},"content":{"rendered":"<p><strong>Programul de implementare a Strategiei \u201eEduca\u021bia 2030\u201d a fost publicat \u00een \u201eMonitorul Oficial\u201d, informeaz\u0103 MOLDPRES.<\/strong><\/p>\n<p>Nu este vorba doar despre renovarea \u0219colilor \u0219i gr\u0103dini\u021belor. Programul prevede o modernizare ampl\u0103 a \u00eentregului sistem educa\u021bional \u2014 de la educa\u021bia timpurie p\u00e2n\u0103 la universit\u0103\u021bi \u0219i cercetarea \u0219tiin\u021bific\u0103.<\/p>\n<p>\u00cen urm\u0103torii ani, autorit\u0103\u021bile inten\u021bioneaz\u0103 s\u0103 creeze 5 000 de noi locuri \u00een cre\u0219e, s\u0103 modernizeze cel pu\u021bin 400 de \u0219coli \u0219i gr\u0103dini\u021be \u0219i s\u0103 dezvolte o re\u021bea de <strong>90 de \u0219coli-model.<\/strong> \u00cen acela\u0219i timp, curriculumul \u0219colar va fi revizuit, iar p\u00e2n\u0103 \u00een 2030 rata de promovare a examenului de absolvire a gimnaziului urmeaz\u0103 s\u0103 ajung\u0103 la 90%.<\/p>\n<p>Se schimb\u0103 \u0219i abordarea \u00een domeniul \u00eenv\u0103\u021b\u0103m\u00e2ntului profesional. \u00cenv\u0103\u021b\u0103m\u00e2ntul dual va fi extins cu implicarea mediului de afaceri, inclusiv la nivel universitar. Universit\u0103\u021bile \u00ee\u0219i propun s\u0103 atrag\u0103 anual p\u00e2n\u0103 la <strong>3 000 de studen\u021bi str\u0103ini,<\/strong> iar rata de angajare a absolven\u021bilor ar urma s\u0103 ajung\u0103 la 50%.<\/p>\n<p>Un accent aparte este pus pe domeniile <strong>STEAM (\u0219tiin\u021b\u0103, tehnologie, inginerie, arte, matematic\u0103), digitalizare \u0219i inteligen\u021b\u0103 artificial\u0103, <\/strong>inclusiv prin majorarea burselor pentru studen\u021bii care opteaz\u0103 pentru aceste programe. P\u00e2n\u0103 \u00een 2030, se prevede crearea a 3 000 de unit\u0103\u021bi de con\u021binut digital, implementarea unui program na\u021bional privind utilizarea inteligen\u021bei artificiale \u00een educa\u021bie \u0219i dezvoltarea competen\u021belor digitale ale absolven\u021bilor.<\/p>\n<p>\u00cen domeniul cercet\u0103rii \u0219i inov\u0103rii, autorit\u0103\u021bile planific\u0103 dezvoltarea infrastructurii de cercetare, a parteneriatelor public-private, a instrumentelor de transfer tehnologic \u0219i a sistemului <strong>informa\u021bional e-Cercetare.<\/strong><\/p>\n<p>De asemenea, este prev\u0103zut\u0103 evaluarea extern\u0103 a programelor de doctorat, \u00een vederea asigur\u0103rii unor standarde de calitate compatibile cu cele europene \u0219i a cre\u0219terii competitivit\u0103\u021bii cercet\u0103rii din Republica Moldova.<\/p>\n<p>La fel de important r\u0103m\u00e2ne factorul uman. Peste <strong>30 000 de cadre<\/strong> didactice vor putea beneficia de programe de sprijin \u0219i dezvoltare profesional\u0103, inclusiv mentorat \u0219i servicii de consiliere psihologic\u0103.<\/p>\n<p>Cea mai mare parte a investi\u021biilor va fi direc\u021bionat\u0103 c\u0103tre infrastructura educa\u021bional\u0103. Aproximativ <strong>60% din finan\u021bare<\/strong> este estimat\u0103 s\u0103 provin\u0103 din asisten\u021b\u0103 extern\u0103 \u2014 din partea institu\u021biilor financiare interna\u021bionale, partenerilor de dezvoltare \u0219i Uniunii Europene.<\/p>\n<p>Programul \u201eEduca\u021bia 2030\u201d propune schimbarea modelului educa\u021bional din Republica Moldova: transformarea acestuia \u00eentr-un sistem mai tehnologizat, mai practic \u0219i orientat c\u0103tre standardele europene, cre\u00e2nd \u00een acela\u0219i timp condi\u021bii pentru ca tinerii speciali\u0219ti s\u0103 aleag\u0103 mai des s\u0103-\u0219i construiasc\u0103 viitorul \u00een propria \u021bar\u0103.<\/p>\n<p><strong>Sursa:<\/strong> <a href=\"https:\/\/www.moldpres.md\/rus\/obshestvo\/doc-programma-obrazovanie-2030-opublikovana-v-monitorul-oficial\" target=\"_blank\" rel=\"nofollow\">MOLDPRES.<\/a><\/p>\n","protected":false},"excerpt":{"rendered":"<p>Programul de implementare a Strategiei \u201eEduca\u021bia 2030\u201d a fost publicat \u00een \u201eMonitorul Oficial\u201d, informeaz\u0103 MOLDPRES. Nu este vorba doar despre renovarea \u0219colilor \u0219i gr\u0103dini\u021belor. Programul prevede o modernizare ampl\u0103 a \u00eentregului sistem educa\u021bional \u2014 de la educa\u021bia timpurie p\u00e2n\u0103 la universit\u0103\u021bi \u0219i cercetarea \u0219tiin\u021bific\u0103. \u00cen urm\u0103torii ani, autorit\u0103\u021bile inten\u021bioneaz\u0103 s\u0103 creeze 5 000 de noi [&hellip;]<\/p>\n","protected":false},"author":78,"featured_media":54565,"comment_status":"closed","ping_status":"closed","sticky":false,"template":"","format":"standard","meta":{"footnotes":""},"categories":[218],"tags":[],"class_list":["post-54567","post","type-post","status-publish","format-standard","has-post-thumbnail","category-news"],"yoast_head":"<!-- This site is optimized with the Yoast SEO plugin v28.3 - https:\/\/yoast.com\/product\/yoast-seo-wordpress\/ -->\n<title>\u201eEduca\u021bia 2030\u201d: cum va ar\u0103ta educa\u021bia \u00een Republica Moldova peste patru ani<\/title>\n<meta name=\"robots\" content=\"index, follow, max-snippet:-1, max-image-preview:large, max-video-preview:-1\" \/>\n<link rel=\"canonical\" href=\"https:\/\/totul.md\/ro\/news\/educatia-2030-cum-va-arata-educatia-in-republica-moldova-peste-patru-ani\/\" \/>\n<meta property=\"og:locale\" content=\"ro_RO\" \/>\n<meta property=\"og:type\" content=\"article\" \/>\n<meta property=\"og:title\" content=\"\u201eEduca\u021bia 2030\u201d: cum va ar\u0103ta educa\u021bia \u00een Republica Moldova peste patru ani\" \/>\n<meta property=\"og:description\" content=\"Programul de implementare a Strategiei \u201eEduca\u021bia 2030\u201d a fost publicat \u00een \u201eMonitorul Oficial\u201d, informeaz\u0103 MOLDPRES. Nu este vorba doar despre renovarea \u0219colilor \u0219i gr\u0103dini\u021belor. Programul prevede o modernizare ampl\u0103 a \u00eentregului sistem educa\u021bional \u2014 de la educa\u021bia timpurie p\u00e2n\u0103 la universit\u0103\u021bi \u0219i cercetarea \u0219tiin\u021bific\u0103. \u00cen urm\u0103torii ani, autorit\u0103\u021bile inten\u021bioneaz\u0103 s\u0103 creeze 5 000 de noi [&hellip;]\" \/>\n<meta property=\"og:url\" content=\"https:\/\/totul.md\/ro\/news\/educatia-2030-cum-va-arata-educatia-in-republica-moldova-peste-patru-ani\/\" \/>\n<meta property=\"og:site_name\" content=\"Totul\" \/>\n<meta property=\"article:published_time\" content=\"2026-09-04T16:13:01+00:00\" \/>\n<meta property=\"article:modified_time\" content=\"2026-09-04T17:47:11+00:00\" \/>\n<meta property=\"og:image\" content=\"https:\/\/totul.md\/wp-content\/uploads\/2026\/09\/sl8g58sl8.jpeg\" \/>\n\t<meta property=\"og:image:width\" content=\"1456\" \/>\n\t<meta property=\"og:image:height\" content=\"720\" \/>\n\t<meta property=\"og:image:type\" content=\"image\/jpeg\" \/>\n<meta name=\"author\" content=\"TOTUL\" \/>\n<meta name=\"twitter:card\" content=\"summary_large_image\" \/>\n<meta name=\"twitter:label1\" content=\"Scris de\" \/>\n\t<meta name=\"twitter:data1\" content=\"TOTUL\" \/>\n\t<meta name=\"twitter:label2\" content=\"Timp estimat pentru citire\" \/>\n\t<meta name=\"twitter:data2\" content=\"3 minute\" \/>\n<script type=\"application\/ld+json\" class=\"yoast-schema-graph\">{\"@context\":\"https:\\\/\\\/schema.org\",\"@graph\":[{\"@type\":\"Article\",\"@id\":\"https:\\\/\\\/totul.md\\\/ro\\\/news\\\/educatia-2030-cum-va-arata-educatia-in-republica-moldova-peste-patru-ani\\\/#article\",\"isPartOf\":{\"@id\":\"https:\\\/\\\/totul.md\\\/ro\\\/news\\\/educatia-2030-cum-va-arata-educatia-in-republica-moldova-peste-patru-ani\\\/\"},\"author\":{\"name\":\"TOTUL\",\"@id\":\"https:\\\/\\\/totul.md\\\/#\\\/schema\\\/person\\\/93f2fffe0c74089acf5f74fb041a330b\"},\"headline\":\"\u201eEduca\u021bia 2030\u201d: cum va ar\u0103ta educa\u021bia \u00een Republica Moldova peste patru ani\",\"datePublished\":\"2026-09-04T16:13:01+00:00\",\"dateModified\":\"2026-09-04T17:47:11+00:00\",\"mainEntityOfPage\":{\"@id\":\"https:\\\/\\\/totul.md\\\/ro\\\/news\\\/educatia-2030-cum-va-arata-educatia-in-republica-moldova-peste-patru-ani\\\/\"},\"wordCount\":427,\"image\":{\"@id\":\"https:\\\/\\\/totul.md\\\/ro\\\/news\\\/educatia-2030-cum-va-arata-educatia-in-republica-moldova-peste-patru-ani\\\/#primaryimage\"},\"thumbnailUrl\":\"https:\\\/\\\/totul.md\\\/wp-content\\\/uploads\\\/2026\\\/09\\\/sl8g58sl8.jpeg\",\"articleSection\":[\"\u0218tiri\"],\"inLanguage\":\"ro-RO\"},{\"@type\":\"WebPage\",\"@id\":\"https:\\\/\\\/totul.md\\\/ro\\\/news\\\/educatia-2030-cum-va-arata-educatia-in-republica-moldova-peste-patru-ani\\\/\",\"url\":\"https:\\\/\\\/totul.md\\\/ro\\\/news\\\/educatia-2030-cum-va-arata-educatia-in-republica-moldova-peste-patru-ani\\\/\",\"name\":\"\u201eEduca\u021bia 2030\u201d: cum va ar\u0103ta educa\u021bia \u00een Republica Moldova peste patru ani\",\"isPartOf\":{\"@id\":\"https:\\\/\\\/totul.md\\\/#website\"},\"primaryImageOfPage\":{\"@id\":\"https:\\\/\\\/totul.md\\\/ro\\\/news\\\/educatia-2030-cum-va-arata-educatia-in-republica-moldova-peste-patru-ani\\\/#primaryimage\"},\"image\":{\"@id\":\"https:\\\/\\\/totul.md\\\/ro\\\/news\\\/educatia-2030-cum-va-arata-educatia-in-republica-moldova-peste-patru-ani\\\/#primaryimage\"},\"thumbnailUrl\":\"https:\\\/\\\/totul.md\\\/wp-content\\\/uploads\\\/2026\\\/09\\\/sl8g58sl8.jpeg\",\"datePublished\":\"2026-09-04T16:13:01+00:00\",\"dateModified\":\"2026-09-04T17:47:11+00:00\",\"author\":{\"@id\":\"https:\\\/\\\/totul.md\\\/#\\\/schema\\\/person\\\/93f2fffe0c74089acf5f74fb041a330b\"},\"breadcrumb\":{\"@id\":\"https:\\\/\\\/totul.md\\\/ro\\\/news\\\/educatia-2030-cum-va-arata-educatia-in-republica-moldova-peste-patru-ani\\\/#breadcrumb\"},\"inLanguage\":\"ro-RO\",\"potentialAction\":[{\"@type\":\"ReadAction\",\"target\":[\"https:\\\/\\\/totul.md\\\/ro\\\/news\\\/educatia-2030-cum-va-arata-educatia-in-republica-moldova-peste-patru-ani\\\/\"]}]},{\"@type\":\"ImageObject\",\"inLanguage\":\"ro-RO\",\"@id\":\"https:\\\/\\\/totul.md\\\/ro\\\/news\\\/educatia-2030-cum-va-arata-educatia-in-republica-moldova-peste-patru-ani\\\/#primaryimage\",\"url\":\"https:\\\/\\\/totul.md\\\/wp-content\\\/uploads\\\/2026\\\/09\\\/sl8g58sl8.jpeg\",\"contentUrl\":\"https:\\\/\\\/totul.md\\\/wp-content\\\/uploads\\\/2026\\\/09\\\/sl8g58sl8.jpeg\",\"width\":1456,\"height\":720},{\"@type\":\"BreadcrumbList\",\"@id\":\"https:\\\/\\\/totul.md\\\/ro\\\/news\\\/educatia-2030-cum-va-arata-educatia-in-republica-moldova-peste-patru-ani\\\/#breadcrumb\",\"itemListElement\":[{\"@type\":\"ListItem\",\"position\":1,\"name\":\"\u0413\u043b\u0430\u0432\u043d\u0430\u044f \u0441\u0442\u0440\u0430\u043d\u0438\u0446\u0430\",\"item\":\"https:\\\/\\\/totul.md\\\/ro\\\/acasa\\\/\"},{\"@type\":\"ListItem\",\"position\":2,\"name\":\"\u201eEduca\u021bia 2030\u201d: cum va ar\u0103ta educa\u021bia \u00een Republica Moldova peste patru ani\"}]},{\"@type\":\"WebSite\",\"@id\":\"https:\\\/\\\/totul.md\\\/#website\",\"url\":\"https:\\\/\\\/totul.md\\\/\",\"name\":\"TOTUL.md\",\"description\":\"\",\"potentialAction\":[{\"@type\":\"SearchAction\",\"target\":{\"@type\":\"EntryPoint\",\"urlTemplate\":\"https:\\\/\\\/totul.md\\\/?s={search_term_string}\"},\"query-input\":{\"@type\":\"PropertyValueSpecification\",\"valueRequired\":true,\"valueName\":\"search_term_string\"}}],\"inLanguage\":\"ro-RO\"},{\"@type\":\"Person\",\"@id\":\"https:\\\/\\\/totul.md\\\/#\\\/schema\\\/person\\\/93f2fffe0c74089acf5f74fb041a330b\",\"name\":\"TOTUL\",\"image\":{\"@type\":\"ImageObject\",\"inLanguage\":\"ro-RO\",\"@id\":\"https:\\\/\\\/secure.gravatar.com\\\/avatar\\\/5e87996a50ae2ab46b00fceeeaf96f4ea6936f57c0b849f1d668bd140d0141d9?s=96&d=mm&r=g\",\"url\":\"https:\\\/\\\/secure.gravatar.com\\\/avatar\\\/5e87996a50ae2ab46b00fceeeaf96f4ea6936f57c0b849f1d668bd140d0141d9?s=96&d=mm&r=g\",\"contentUrl\":\"https:\\\/\\\/secure.gravatar.com\\\/avatar\\\/5e87996a50ae2ab46b00fceeeaf96f4ea6936f57c0b849f1d668bd140d0141d9?s=96&d=mm&r=g\",\"caption\":\"TOTUL\"},\"url\":\"https:\\\/\\\/totul.md\\\/ro\\\/author\\\/anna-perjan\\\/\"}]}<\/script>\n<!-- \/ Yoast SEO plugin. -->","yoast_head_json":{"title":"\u201eEduca\u021bia 2030\u201d: cum va ar\u0103ta educa\u021bia \u00een Republica Moldova peste patru ani","robots":{"index":"index","follow":"follow","max-snippet":"max-snippet:-1","max-image-preview":"max-image-preview:large","max-video-preview":"max-video-preview:-1"},"canonical":"https:\/\/totul.md\/ro\/news\/educatia-2030-cum-va-arata-educatia-in-republica-moldova-peste-patru-ani\/","og_locale":"ro_RO","og_type":"article","og_title":"\u201eEduca\u021bia 2030\u201d: cum va ar\u0103ta educa\u021bia \u00een Republica Moldova peste patru ani","og_description":"Programul de implementare a Strategiei \u201eEduca\u021bia 2030\u201d a fost publicat \u00een \u201eMonitorul Oficial\u201d, informeaz\u0103 MOLDPRES. Nu este vorba doar despre renovarea \u0219colilor \u0219i gr\u0103dini\u021belor. Programul prevede o modernizare ampl\u0103 a \u00eentregului sistem educa\u021bional \u2014 de la educa\u021bia timpurie p\u00e2n\u0103 la universit\u0103\u021bi \u0219i cercetarea \u0219tiin\u021bific\u0103. \u00cen urm\u0103torii ani, autorit\u0103\u021bile inten\u021bioneaz\u0103 s\u0103 creeze 5 000 de noi [&hellip;]","og_url":"https:\/\/totul.md\/ro\/news\/educatia-2030-cum-va-arata-educatia-in-republica-moldova-peste-patru-ani\/","og_site_name":"Totul","article_published_time":"2026-09-04T16:13:01+00:00","article_modified_time":"2026-09-04T17:47:11+00:00","og_image":[{"width":1456,"height":720,"url":"https:\/\/totul.md\/wp-content\/uploads\/2026\/09\/sl8g58sl8.jpeg","type":"image\/jpeg"}],"author":"TOTUL","twitter_card":"summary_large_image","twitter_misc":{"Scris de":"TOTUL","Timp estimat pentru citire":"3 minute"},"schema":{"@context":"https:\/\/schema.org","@graph":[{"@type":"Article","@id":"https:\/\/totul.md\/ro\/news\/educatia-2030-cum-va-arata-educatia-in-republica-moldova-peste-patru-ani\/#article","isPartOf":{"@id":"https:\/\/totul.md\/ro\/news\/educatia-2030-cum-va-arata-educatia-in-republica-moldova-peste-patru-ani\/"},"author":{"name":"TOTUL","@id":"https:\/\/totul.md\/#\/schema\/person\/93f2fffe0c74089acf5f74fb041a330b"},"headline":"\u201eEduca\u021bia 2030\u201d: cum va ar\u0103ta educa\u021bia \u00een Republica Moldova peste patru ani","datePublished":"2026-09-04T16:13:01+00:00","dateModified":"2026-09-04T17:47:11+00:00","mainEntityOfPage":{"@id":"https:\/\/totul.md\/ro\/news\/educatia-2030-cum-va-arata-educatia-in-republica-moldova-peste-patru-ani\/"},"wordCount":427,"image":{"@id":"https:\/\/totul.md\/ro\/news\/educatia-2030-cum-va-arata-educatia-in-republica-moldova-peste-patru-ani\/#primaryimage"},"thumbnailUrl":"https:\/\/totul.md\/wp-content\/uploads\/2026\/09\/sl8g58sl8.jpeg","articleSection":["\u0218tiri"],"inLanguage":"ro-RO"},{"@type":"WebPage","@id":"https:\/\/totul.md\/ro\/news\/educatia-2030-cum-va-arata-educatia-in-republica-moldova-peste-patru-ani\/","url":"https:\/\/totul.md\/ro\/news\/educatia-2030-cum-va-arata-educatia-in-republica-moldova-peste-patru-ani\/","name":"\u201eEduca\u021bia 2030\u201d: cum va ar\u0103ta educa\u021bia \u00een Republica Moldova peste patru ani","isPartOf":{"@id":"https:\/\/totul.md\/#website"},"primaryImageOfPage":{"@id":"https:\/\/totul.md\/ro\/news\/educatia-2030-cum-va-arata-educatia-in-republica-moldova-peste-patru-ani\/#primaryimage"},"image":{"@id":"https:\/\/totul.md\/ro\/news\/educatia-2030-cum-va-arata-educatia-in-republica-moldova-peste-patru-ani\/#primaryimage"},"thumbnailUrl":"https:\/\/totul.md\/wp-content\/uploads\/2026\/09\/sl8g58sl8.jpeg","datePublished":"2026-09-04T16:13:01+00:00","dateModified":"2026-09-04T17:47:11+00:00","author":{"@id":"https:\/\/totul.md\/#\/schema\/person\/93f2fffe0c74089acf5f74fb041a330b"},"breadcrumb":{"@id":"https:\/\/totul.md\/ro\/news\/educatia-2030-cum-va-arata-educatia-in-republica-moldova-peste-patru-ani\/#breadcrumb"},"inLanguage":"ro-RO","potentialAction":[{"@type":"ReadAction","target":["https:\/\/totul.md\/ro\/news\/educatia-2030-cum-va-arata-educatia-in-republica-moldova-peste-patru-ani\/"]}]},{"@type":"ImageObject","inLanguage":"ro-RO","@id":"https:\/\/totul.md\/ro\/news\/educatia-2030-cum-va-arata-educatia-in-republica-moldova-peste-patru-ani\/#primaryimage","url":"https:\/\/totul.md\/wp-content\/uploads\/2026\/09\/sl8g58sl8.jpeg","contentUrl":"https:\/\/totul.md\/wp-content\/uploads\/2026\/09\/sl8g58sl8.jpeg","width":1456,"height":720},{"@type":"BreadcrumbList","@id":"https:\/\/totul.md\/ro\/news\/educatia-2030-cum-va-arata-educatia-in-republica-moldova-peste-patru-ani\/#breadcrumb","itemListElement":[{"@type":"ListItem","position":1,"name":"\u0413\u043b\u0430\u0432\u043d\u0430\u044f \u0441\u0442\u0440\u0430\u043d\u0438\u0446\u0430","item":"https:\/\/totul.md\/ro\/acasa\/"},{"@type":"ListItem","position":2,"name":"\u201eEduca\u021bia 2030\u201d: cum va ar\u0103ta educa\u021bia \u00een Republica Moldova peste patru ani"}]},{"@type":"WebSite","@id":"https:\/\/totul.md\/#website","url":"https:\/\/totul.md\/","name":"TOTUL.md","description":"","potentialAction":[{"@type":"SearchAction","target":{"@type":"EntryPoint","urlTemplate":"https:\/\/totul.md\/?s={search_term_string}"},"query-input":{"@type":"PropertyValueSpecification","valueRequired":true,"valueName":"search_term_string"}}],"inLanguage":"ro-RO"},{"@type":"Person","@id":"https:\/\/totul.md\/#\/schema\/person\/93f2fffe0c74089acf5f74fb041a330b","name":"TOTUL","image":{"@type":"ImageObject","inLanguage":"ro-RO","@id":"https:\/\/secure.gravatar.com\/avatar\/5e87996a50ae2ab46b00fceeeaf96f4ea6936f57c0b849f1d668bd140d0141d9?s=96&d=mm&r=g","url":"https:\/\/secure.gravatar.com\/avatar\/5e87996a50ae2ab46b00fceeeaf96f4ea6936f57c0b849f1d668bd140d0141d9?s=96&d=mm&r=g","contentUrl":"https:\/\/secure.gravatar.com\/avatar\/5e87996a50ae2ab46b00fceeeaf96f4ea6936f57c0b849f1d668bd140d0141d9?s=96&d=mm&r=g","caption":"TOTUL"},"url":"https:\/\/totul.md\/ro\/author\/anna-perjan\/"}]}},"_links":{"self":[{"href":"https:\/\/totul.md\/ro\/wp-json\/wp\/v2\/posts\/54567","targetHints":{"allow":["GET"]}}],"collection":[{"href":"https:\/\/totul.md\/ro\/wp-json\/wp\/v2\/posts"}],"about":[{"href":"https:\/\/totul.md\/ro\/wp-json\/wp\/v2\/types\/post"}],"author":[{"embeddable":true,"href":"https:\/\/totul.md\/ro\/wp-json\/wp\/v2\/users\/78"}],"replies":[{"embeddable":true,"href":"https:\/\/totul.md\/ro\/wp-json\/wp\/v2\/comments?post=54567"}],"version-history":[{"count":6,"href":"https:\/\/totul.md\/ro\/wp-json\/wp\/v2\/posts\/54567\/revisions"}],"predecessor-version":[{"id":54582,"href":"https:\/\/totul.md\/ro\/wp-json\/wp\/v2\/posts\/54567\/revisions\/54582"}],"wp:featuredmedia":[{"embeddable":true,"href":"https:\/\/totul.md\/ro\/wp-json\/wp\/v2\/media\/54565"}],"wp:attachment":[{"href":"https:\/\/totul.md\/ro\/wp-json\/wp\/v2\/media?parent=54567"}],"wp:term":[{"taxonomy":"category","embeddable":true,"href":"https:\/\/totul.md\/ro\/wp-json\/wp\/v2\/categories?post=54567"},{"taxonomy":"post_tag","embeddable":true,"href":"https:\/\/totul.md\/ro\/wp-json\/wp\/v2\/tags?post=54567"}],"curies":[{"name":"wp","href":"https:\/\/api.w.org\/{rel}","templated":true}]}}