{"id":54587,"date":"2026-09-04T19:02:45","date_gmt":"2026-09-04T19:02:45","guid":{"rendered":"https:\/\/totul.md\/?p=54587"},"modified":"2026-09-04T19:21:27","modified_gmt":"2026-09-04T19:21:27","slug":"marta-kos-republica-moldova-si-ucraina-au-indeplinit-criteriile-pentru-deschiderea-tuturor-clusterelor-de-negocieri","status":"publish","type":"post","link":"https:\/\/totul.md\/ro\/news\/marta-kos-republica-moldova-si-ucraina-au-indeplinit-criteriile-pentru-deschiderea-tuturor-clusterelor-de-negocieri\/","title":{"rendered":"Marta Kos: Republica Moldova \u0219i Ucraina au \u00eendeplinit criteriile pentru deschiderea tuturor clusterelor de negocieri"},"content":{"rendered":"<p><strong>Uniunea European\u0103 intr\u0103 \u00een \u201etoamna extinderii\u201d<\/strong> \u2014 o perioad\u0103 \u00een care \u021b\u0103rile candidate trebuie s\u0103 accelereze preg\u0103tirile pentru aderare, iar UE \u00eens\u0103\u0219i s\u0103 se adapteze pentru o posibil\u0103 primire de noi membri. Declara\u021bia a fost f\u0103cut\u0103 la Dublin de comisarul european pentru extindere <strong>Marta Kos,<\/strong> \u00een ajunul reuniunii informale a mini\u0219trilor pentru afaceri europene, informeaz\u0103 <strong>TVR Moldova.<\/strong><\/p>\n<p>Potrivit lui Kos, <strong>Republica Moldova \u0219i Ucraina au \u00eendeplinit toate criteriile necesare pentru deschiderea tuturor clusterelor de negocieri.<\/strong> Cu toate acestea, procesul este \u00een continuare blocat de Ungaria.<\/p>\n<p><em>\u201eAmbele \u021b\u0103ri \u2014 Ucraina \u0219i Moldova \u2014 au \u00eendeplinit toate criteriile pentru deschiderea tuturor clusterelor. Dar, din nou, o singur\u0103 \u021bar\u0103 blocheaz\u0103 acest proces \u2014 Ungaria. Trebuie s\u0103 dep\u0103\u0219im aceast\u0103 situa\u021bie \u0219i sunt convins\u0103 c\u0103, discut\u00e2nd cu toate p\u0103r\u021bile, vom putea face acest lucru p\u00e2n\u0103 la sf\u00e2r\u0219itul anului\u201d,<\/em> a declarat Kos.<\/p>\n<p>Comisarul european a numit perioada actual\u0103 <strong>\u201etoamna extinderii\u201d,<\/strong> subliniind c\u0103 preg\u0103tirile trebuie s\u0103 se desf\u0103\u0219oare pe dou\u0103 direc\u021bii \u00een paralel: \u021b\u0103rile candidate trebuie s\u0103 continue reformele, iar Uniunea European\u0103 s\u0103 se preg\u0103teasc\u0103 pentru func\u021bionarea \u00eentr-o nou\u0103 componen\u021b\u0103.<\/p>\n<p>\u00cen opinia lui Kos, UE trebuie s\u0103 fie preg\u0103tit\u0103 s\u0103 func\u021bioneze cu <strong>28, 29 sau chiar 30 de state membre.<\/strong> Printre schimb\u0103rile analizate se num\u0103r\u0103 noi garan\u021bii privind respectarea democra\u021biei \u0219i a statului de drept dup\u0103 aderare, precum \u0219i o integrare treptat\u0103 a \u021b\u0103rilor candidate \u00een anumite ini\u021biative europene \u00eenc\u0103 \u00eenainte de aderarea deplin\u0103.<\/p>\n<p>Un loc aparte \u00eel ocup\u0103 reforma procesului decizional. Comisia European\u0103 sus\u021bine extinderea utiliz\u0103rii <strong>majorit\u0103\u021bii calificate \u00een locul principiului unanimit\u0103\u021bii,<\/strong> inclusiv \u00een anumite domenii ale politicii externe \u0219i de securitate.<\/p>\n<p>La <strong>30 septembrie<\/strong>, Comisia European\u0103 va prezenta rezultatele unei evalu\u0103ri preliminare care va analiza schimb\u0103rile necesare pentru preg\u0103tirea UE pentru urm\u0103toarea etap\u0103 a extinderii.<\/p>\n<p>Astfel, Bruxelles-ul prive\u0219te extinderea nu doar ca pe un proces de preg\u0103tire a \u021b\u0103rilor candidate, ci \u0219i ca pe o provocare care presupune transformarea intern\u0103 a Uniunii Europene.<\/p>\n<p><strong>Sursa:<\/strong> <a href=\"https:\/\/tvrinfo.ro\/comisarul-european-marta-kos-moldova-si-ucraina-au-indeplinit-criteriile-pentru-deschiderea-tuturor-clusterelor\/?utm_source=chatgpt.com\" target=\"_blank\" rel=\"nofollow\">TVR Moldova.<\/a><\/p>\n","protected":false},"excerpt":{"rendered":"<p>Uniunea European\u0103 intr\u0103 \u00een \u201etoamna extinderii\u201d \u2014 o perioad\u0103 \u00een care \u021b\u0103rile candidate trebuie s\u0103 accelereze preg\u0103tirile pentru aderare, iar UE \u00eens\u0103\u0219i s\u0103 se adapteze pentru o posibil\u0103 primire de noi membri. Declara\u021bia a fost f\u0103cut\u0103 la Dublin de comisarul european pentru extindere Marta Kos, \u00een ajunul reuniunii informale a mini\u0219trilor pentru afaceri europene, informeaz\u0103 [&hellip;]<\/p>\n","protected":false},"author":78,"featured_media":54593,"comment_status":"closed","ping_status":"closed","sticky":false,"template":"","format":"standard","meta":{"footnotes":""},"categories":[218],"tags":[],"class_list":["post-54587","post","type-post","status-publish","format-standard","has-post-thumbnail","category-news"],"yoast_head":"<!-- This site is optimized with the Yoast SEO plugin v28.3 - https:\/\/yoast.com\/product\/yoast-seo-wordpress\/ -->\n<title>Marta Kos: Republica Moldova \u0219i Ucraina au \u00eendeplinit criteriile pentru deschiderea tuturor clusterelor de negocieri<\/title>\n<meta name=\"robots\" content=\"index, follow, max-snippet:-1, max-image-preview:large, max-video-preview:-1\" \/>\n<link rel=\"canonical\" href=\"https:\/\/totul.md\/ro\/news\/marta-kos-republica-moldova-si-ucraina-au-indeplinit-criteriile-pentru-deschiderea-tuturor-clusterelor-de-negocieri\/\" \/>\n<meta property=\"og:locale\" content=\"ro_RO\" \/>\n<meta property=\"og:type\" content=\"article\" \/>\n<meta property=\"og:title\" content=\"Marta Kos: Republica Moldova \u0219i Ucraina au \u00eendeplinit criteriile pentru deschiderea tuturor clusterelor de negocieri\" \/>\n<meta property=\"og:description\" content=\"Uniunea European\u0103 intr\u0103 \u00een \u201etoamna extinderii\u201d \u2014 o perioad\u0103 \u00een care \u021b\u0103rile candidate trebuie s\u0103 accelereze preg\u0103tirile pentru aderare, iar UE \u00eens\u0103\u0219i s\u0103 se adapteze pentru o posibil\u0103 primire de noi membri. Declara\u021bia a fost f\u0103cut\u0103 la Dublin de comisarul european pentru extindere Marta Kos, \u00een ajunul reuniunii informale a mini\u0219trilor pentru afaceri europene, informeaz\u0103 [&hellip;]\" \/>\n<meta property=\"og:url\" content=\"https:\/\/totul.md\/ro\/news\/marta-kos-republica-moldova-si-ucraina-au-indeplinit-criteriile-pentru-deschiderea-tuturor-clusterelor-de-negocieri\/\" \/>\n<meta property=\"og:site_name\" content=\"Totul\" \/>\n<meta property=\"article:published_time\" content=\"2026-09-04T19:02:45+00:00\" \/>\n<meta property=\"article:modified_time\" content=\"2026-09-04T19:21:27+00:00\" \/>\n<meta property=\"og:image\" content=\"https:\/\/totul.md\/wp-content\/uploads\/2026\/09\/149533.webp\" \/>\n\t<meta property=\"og:image:width\" content=\"900\" \/>\n\t<meta property=\"og:image:height\" content=\"504\" \/>\n\t<meta property=\"og:image:type\" content=\"image\/webp\" \/>\n<meta name=\"author\" content=\"TOTUL\" \/>\n<meta name=\"twitter:card\" content=\"summary_large_image\" \/>\n<meta name=\"twitter:label1\" content=\"Scris de\" \/>\n\t<meta name=\"twitter:data1\" content=\"TOTUL\" \/>\n\t<meta name=\"twitter:label2\" content=\"Timp estimat pentru citire\" \/>\n\t<meta name=\"twitter:data2\" content=\"2 minute\" \/>\n<script type=\"application\/ld+json\" class=\"yoast-schema-graph\">{\"@context\":\"https:\\\/\\\/schema.org\",\"@graph\":[{\"@type\":\"Article\",\"@id\":\"https:\\\/\\\/totul.md\\\/ro\\\/news\\\/marta-kos-republica-moldova-si-ucraina-au-indeplinit-criteriile-pentru-deschiderea-tuturor-clusterelor-de-negocieri\\\/#article\",\"isPartOf\":{\"@id\":\"https:\\\/\\\/totul.md\\\/ro\\\/news\\\/marta-kos-republica-moldova-si-ucraina-au-indeplinit-criteriile-pentru-deschiderea-tuturor-clusterelor-de-negocieri\\\/\"},\"author\":{\"name\":\"TOTUL\",\"@id\":\"https:\\\/\\\/totul.md\\\/#\\\/schema\\\/person\\\/93f2fffe0c74089acf5f74fb041a330b\"},\"headline\":\"Marta Kos: Republica Moldova \u0219i Ucraina au \u00eendeplinit criteriile pentru deschiderea tuturor clusterelor de negocieri\",\"datePublished\":\"2026-09-04T19:02:45+00:00\",\"dateModified\":\"2026-09-04T19:21:27+00:00\",\"mainEntityOfPage\":{\"@id\":\"https:\\\/\\\/totul.md\\\/ro\\\/news\\\/marta-kos-republica-moldova-si-ucraina-au-indeplinit-criteriile-pentru-deschiderea-tuturor-clusterelor-de-negocieri\\\/\"},\"wordCount\":353,\"image\":{\"@id\":\"https:\\\/\\\/totul.md\\\/ro\\\/news\\\/marta-kos-republica-moldova-si-ucraina-au-indeplinit-criteriile-pentru-deschiderea-tuturor-clusterelor-de-negocieri\\\/#primaryimage\"},\"thumbnailUrl\":\"https:\\\/\\\/totul.md\\\/wp-content\\\/uploads\\\/2026\\\/09\\\/149533.webp\",\"articleSection\":[\"\u0218tiri\"],\"inLanguage\":\"ro-RO\"},{\"@type\":\"WebPage\",\"@id\":\"https:\\\/\\\/totul.md\\\/ro\\\/news\\\/marta-kos-republica-moldova-si-ucraina-au-indeplinit-criteriile-pentru-deschiderea-tuturor-clusterelor-de-negocieri\\\/\",\"url\":\"https:\\\/\\\/totul.md\\\/ro\\\/news\\\/marta-kos-republica-moldova-si-ucraina-au-indeplinit-criteriile-pentru-deschiderea-tuturor-clusterelor-de-negocieri\\\/\",\"name\":\"Marta Kos: Republica Moldova \u0219i Ucraina au \u00eendeplinit criteriile pentru deschiderea tuturor clusterelor de negocieri\",\"isPartOf\":{\"@id\":\"https:\\\/\\\/totul.md\\\/#website\"},\"primaryImageOfPage\":{\"@id\":\"https:\\\/\\\/totul.md\\\/ro\\\/news\\\/marta-kos-republica-moldova-si-ucraina-au-indeplinit-criteriile-pentru-deschiderea-tuturor-clusterelor-de-negocieri\\\/#primaryimage\"},\"image\":{\"@id\":\"https:\\\/\\\/totul.md\\\/ro\\\/news\\\/marta-kos-republica-moldova-si-ucraina-au-indeplinit-criteriile-pentru-deschiderea-tuturor-clusterelor-de-negocieri\\\/#primaryimage\"},\"thumbnailUrl\":\"https:\\\/\\\/totul.md\\\/wp-content\\\/uploads\\\/2026\\\/09\\\/149533.webp\",\"datePublished\":\"2026-09-04T19:02:45+00:00\",\"dateModified\":\"2026-09-04T19:21:27+00:00\",\"author\":{\"@id\":\"https:\\\/\\\/totul.md\\\/#\\\/schema\\\/person\\\/93f2fffe0c74089acf5f74fb041a330b\"},\"breadcrumb\":{\"@id\":\"https:\\\/\\\/totul.md\\\/ro\\\/news\\\/marta-kos-republica-moldova-si-ucraina-au-indeplinit-criteriile-pentru-deschiderea-tuturor-clusterelor-de-negocieri\\\/#breadcrumb\"},\"inLanguage\":\"ro-RO\",\"potentialAction\":[{\"@type\":\"ReadAction\",\"target\":[\"https:\\\/\\\/totul.md\\\/ro\\\/news\\\/marta-kos-republica-moldova-si-ucraina-au-indeplinit-criteriile-pentru-deschiderea-tuturor-clusterelor-de-negocieri\\\/\"]}]},{\"@type\":\"ImageObject\",\"inLanguage\":\"ro-RO\",\"@id\":\"https:\\\/\\\/totul.md\\\/ro\\\/news\\\/marta-kos-republica-moldova-si-ucraina-au-indeplinit-criteriile-pentru-deschiderea-tuturor-clusterelor-de-negocieri\\\/#primaryimage\",\"url\":\"https:\\\/\\\/totul.md\\\/wp-content\\\/uploads\\\/2026\\\/09\\\/149533.webp\",\"contentUrl\":\"https:\\\/\\\/totul.md\\\/wp-content\\\/uploads\\\/2026\\\/09\\\/149533.webp\",\"width\":900,\"height\":504},{\"@type\":\"BreadcrumbList\",\"@id\":\"https:\\\/\\\/totul.md\\\/ro\\\/news\\\/marta-kos-republica-moldova-si-ucraina-au-indeplinit-criteriile-pentru-deschiderea-tuturor-clusterelor-de-negocieri\\\/#breadcrumb\",\"itemListElement\":[{\"@type\":\"ListItem\",\"position\":1,\"name\":\"\u0413\u043b\u0430\u0432\u043d\u0430\u044f \u0441\u0442\u0440\u0430\u043d\u0438\u0446\u0430\",\"item\":\"https:\\\/\\\/totul.md\\\/ro\\\/acasa\\\/\"},{\"@type\":\"ListItem\",\"position\":2,\"name\":\"Marta Kos: Republica Moldova \u0219i Ucraina au \u00eendeplinit criteriile pentru deschiderea tuturor clusterelor de negocieri\"}]},{\"@type\":\"WebSite\",\"@id\":\"https:\\\/\\\/totul.md\\\/#website\",\"url\":\"https:\\\/\\\/totul.md\\\/\",\"name\":\"TOTUL.md\",\"description\":\"\",\"potentialAction\":[{\"@type\":\"SearchAction\",\"target\":{\"@type\":\"EntryPoint\",\"urlTemplate\":\"https:\\\/\\\/totul.md\\\/?s={search_term_string}\"},\"query-input\":{\"@type\":\"PropertyValueSpecification\",\"valueRequired\":true,\"valueName\":\"search_term_string\"}}],\"inLanguage\":\"ro-RO\"},{\"@type\":\"Person\",\"@id\":\"https:\\\/\\\/totul.md\\\/#\\\/schema\\\/person\\\/93f2fffe0c74089acf5f74fb041a330b\",\"name\":\"TOTUL\",\"image\":{\"@type\":\"ImageObject\",\"inLanguage\":\"ro-RO\",\"@id\":\"https:\\\/\\\/secure.gravatar.com\\\/avatar\\\/5e87996a50ae2ab46b00fceeeaf96f4ea6936f57c0b849f1d668bd140d0141d9?s=96&d=mm&r=g\",\"url\":\"https:\\\/\\\/secure.gravatar.com\\\/avatar\\\/5e87996a50ae2ab46b00fceeeaf96f4ea6936f57c0b849f1d668bd140d0141d9?s=96&d=mm&r=g\",\"contentUrl\":\"https:\\\/\\\/secure.gravatar.com\\\/avatar\\\/5e87996a50ae2ab46b00fceeeaf96f4ea6936f57c0b849f1d668bd140d0141d9?s=96&d=mm&r=g\",\"caption\":\"TOTUL\"},\"url\":\"https:\\\/\\\/totul.md\\\/ro\\\/author\\\/anna-perjan\\\/\"}]}<\/script>\n<!-- \/ Yoast SEO plugin. -->","yoast_head_json":{"title":"Marta Kos: Republica Moldova \u0219i Ucraina au \u00eendeplinit criteriile pentru deschiderea tuturor clusterelor de negocieri","robots":{"index":"index","follow":"follow","max-snippet":"max-snippet:-1","max-image-preview":"max-image-preview:large","max-video-preview":"max-video-preview:-1"},"canonical":"https:\/\/totul.md\/ro\/news\/marta-kos-republica-moldova-si-ucraina-au-indeplinit-criteriile-pentru-deschiderea-tuturor-clusterelor-de-negocieri\/","og_locale":"ro_RO","og_type":"article","og_title":"Marta Kos: Republica Moldova \u0219i Ucraina au \u00eendeplinit criteriile pentru deschiderea tuturor clusterelor de negocieri","og_description":"Uniunea European\u0103 intr\u0103 \u00een \u201etoamna extinderii\u201d \u2014 o perioad\u0103 \u00een care \u021b\u0103rile candidate trebuie s\u0103 accelereze preg\u0103tirile pentru aderare, iar UE \u00eens\u0103\u0219i s\u0103 se adapteze pentru o posibil\u0103 primire de noi membri. Declara\u021bia a fost f\u0103cut\u0103 la Dublin de comisarul european pentru extindere Marta Kos, \u00een ajunul reuniunii informale a mini\u0219trilor pentru afaceri europene, informeaz\u0103 [&hellip;]","og_url":"https:\/\/totul.md\/ro\/news\/marta-kos-republica-moldova-si-ucraina-au-indeplinit-criteriile-pentru-deschiderea-tuturor-clusterelor-de-negocieri\/","og_site_name":"Totul","article_published_time":"2026-09-04T19:02:45+00:00","article_modified_time":"2026-09-04T19:21:27+00:00","og_image":[{"width":900,"height":504,"url":"https:\/\/totul.md\/wp-content\/uploads\/2026\/09\/149533.webp","type":"image\/webp"}],"author":"TOTUL","twitter_card":"summary_large_image","twitter_misc":{"Scris de":"TOTUL","Timp estimat pentru citire":"2 minute"},"schema":{"@context":"https:\/\/schema.org","@graph":[{"@type":"Article","@id":"https:\/\/totul.md\/ro\/news\/marta-kos-republica-moldova-si-ucraina-au-indeplinit-criteriile-pentru-deschiderea-tuturor-clusterelor-de-negocieri\/#article","isPartOf":{"@id":"https:\/\/totul.md\/ro\/news\/marta-kos-republica-moldova-si-ucraina-au-indeplinit-criteriile-pentru-deschiderea-tuturor-clusterelor-de-negocieri\/"},"author":{"name":"TOTUL","@id":"https:\/\/totul.md\/#\/schema\/person\/93f2fffe0c74089acf5f74fb041a330b"},"headline":"Marta Kos: Republica Moldova \u0219i Ucraina au \u00eendeplinit criteriile pentru deschiderea tuturor clusterelor de negocieri","datePublished":"2026-09-04T19:02:45+00:00","dateModified":"2026-09-04T19:21:27+00:00","mainEntityOfPage":{"@id":"https:\/\/totul.md\/ro\/news\/marta-kos-republica-moldova-si-ucraina-au-indeplinit-criteriile-pentru-deschiderea-tuturor-clusterelor-de-negocieri\/"},"wordCount":353,"image":{"@id":"https:\/\/totul.md\/ro\/news\/marta-kos-republica-moldova-si-ucraina-au-indeplinit-criteriile-pentru-deschiderea-tuturor-clusterelor-de-negocieri\/#primaryimage"},"thumbnailUrl":"https:\/\/totul.md\/wp-content\/uploads\/2026\/09\/149533.webp","articleSection":["\u0218tiri"],"inLanguage":"ro-RO"},{"@type":"WebPage","@id":"https:\/\/totul.md\/ro\/news\/marta-kos-republica-moldova-si-ucraina-au-indeplinit-criteriile-pentru-deschiderea-tuturor-clusterelor-de-negocieri\/","url":"https:\/\/totul.md\/ro\/news\/marta-kos-republica-moldova-si-ucraina-au-indeplinit-criteriile-pentru-deschiderea-tuturor-clusterelor-de-negocieri\/","name":"Marta Kos: Republica Moldova \u0219i Ucraina au \u00eendeplinit criteriile pentru deschiderea tuturor clusterelor de negocieri","isPartOf":{"@id":"https:\/\/totul.md\/#website"},"primaryImageOfPage":{"@id":"https:\/\/totul.md\/ro\/news\/marta-kos-republica-moldova-si-ucraina-au-indeplinit-criteriile-pentru-deschiderea-tuturor-clusterelor-de-negocieri\/#primaryimage"},"image":{"@id":"https:\/\/totul.md\/ro\/news\/marta-kos-republica-moldova-si-ucraina-au-indeplinit-criteriile-pentru-deschiderea-tuturor-clusterelor-de-negocieri\/#primaryimage"},"thumbnailUrl":"https:\/\/totul.md\/wp-content\/uploads\/2026\/09\/149533.webp","datePublished":"2026-09-04T19:02:45+00:00","dateModified":"2026-09-04T19:21:27+00:00","author":{"@id":"https:\/\/totul.md\/#\/schema\/person\/93f2fffe0c74089acf5f74fb041a330b"},"breadcrumb":{"@id":"https:\/\/totul.md\/ro\/news\/marta-kos-republica-moldova-si-ucraina-au-indeplinit-criteriile-pentru-deschiderea-tuturor-clusterelor-de-negocieri\/#breadcrumb"},"inLanguage":"ro-RO","potentialAction":[{"@type":"ReadAction","target":["https:\/\/totul.md\/ro\/news\/marta-kos-republica-moldova-si-ucraina-au-indeplinit-criteriile-pentru-deschiderea-tuturor-clusterelor-de-negocieri\/"]}]},{"@type":"ImageObject","inLanguage":"ro-RO","@id":"https:\/\/totul.md\/ro\/news\/marta-kos-republica-moldova-si-ucraina-au-indeplinit-criteriile-pentru-deschiderea-tuturor-clusterelor-de-negocieri\/#primaryimage","url":"https:\/\/totul.md\/wp-content\/uploads\/2026\/09\/149533.webp","contentUrl":"https:\/\/totul.md\/wp-content\/uploads\/2026\/09\/149533.webp","width":900,"height":504},{"@type":"BreadcrumbList","@id":"https:\/\/totul.md\/ro\/news\/marta-kos-republica-moldova-si-ucraina-au-indeplinit-criteriile-pentru-deschiderea-tuturor-clusterelor-de-negocieri\/#breadcrumb","itemListElement":[{"@type":"ListItem","position":1,"name":"\u0413\u043b\u0430\u0432\u043d\u0430\u044f \u0441\u0442\u0440\u0430\u043d\u0438\u0446\u0430","item":"https:\/\/totul.md\/ro\/acasa\/"},{"@type":"ListItem","position":2,"name":"Marta Kos: Republica Moldova \u0219i Ucraina au \u00eendeplinit criteriile pentru deschiderea tuturor clusterelor de negocieri"}]},{"@type":"WebSite","@id":"https:\/\/totul.md\/#website","url":"https:\/\/totul.md\/","name":"TOTUL.md","description":"","potentialAction":[{"@type":"SearchAction","target":{"@type":"EntryPoint","urlTemplate":"https:\/\/totul.md\/?s={search_term_string}"},"query-input":{"@type":"PropertyValueSpecification","valueRequired":true,"valueName":"search_term_string"}}],"inLanguage":"ro-RO"},{"@type":"Person","@id":"https:\/\/totul.md\/#\/schema\/person\/93f2fffe0c74089acf5f74fb041a330b","name":"TOTUL","image":{"@type":"ImageObject","inLanguage":"ro-RO","@id":"https:\/\/secure.gravatar.com\/avatar\/5e87996a50ae2ab46b00fceeeaf96f4ea6936f57c0b849f1d668bd140d0141d9?s=96&d=mm&r=g","url":"https:\/\/secure.gravatar.com\/avatar\/5e87996a50ae2ab46b00fceeeaf96f4ea6936f57c0b849f1d668bd140d0141d9?s=96&d=mm&r=g","contentUrl":"https:\/\/secure.gravatar.com\/avatar\/5e87996a50ae2ab46b00fceeeaf96f4ea6936f57c0b849f1d668bd140d0141d9?s=96&d=mm&r=g","caption":"TOTUL"},"url":"https:\/\/totul.md\/ro\/author\/anna-perjan\/"}]}},"_links":{"self":[{"href":"https:\/\/totul.md\/ro\/wp-json\/wp\/v2\/posts\/54587","targetHints":{"allow":["GET"]}}],"collection":[{"href":"https:\/\/totul.md\/ro\/wp-json\/wp\/v2\/posts"}],"about":[{"href":"https:\/\/totul.md\/ro\/wp-json\/wp\/v2\/types\/post"}],"author":[{"embeddable":true,"href":"https:\/\/totul.md\/ro\/wp-json\/wp\/v2\/users\/78"}],"replies":[{"embeddable":true,"href":"https:\/\/totul.md\/ro\/wp-json\/wp\/v2\/comments?post=54587"}],"version-history":[{"count":1,"href":"https:\/\/totul.md\/ro\/wp-json\/wp\/v2\/posts\/54587\/revisions"}],"predecessor-version":[{"id":54588,"href":"https:\/\/totul.md\/ro\/wp-json\/wp\/v2\/posts\/54587\/revisions\/54588"}],"wp:featuredmedia":[{"embeddable":true,"href":"https:\/\/totul.md\/ro\/wp-json\/wp\/v2\/media\/54593"}],"wp:attachment":[{"href":"https:\/\/totul.md\/ro\/wp-json\/wp\/v2\/media?parent=54587"}],"wp:term":[{"taxonomy":"category","embeddable":true,"href":"https:\/\/totul.md\/ro\/wp-json\/wp\/v2\/categories?post=54587"},{"taxonomy":"post_tag","embeddable":true,"href":"https:\/\/totul.md\/ro\/wp-json\/wp\/v2\/tags?post=54587"}],"curies":[{"name":"wp","href":"https:\/\/api.w.org\/{rel}","templated":true}]}}