{"id":54610,"date":"2026-09-05T10:01:27","date_gmt":"2026-09-05T10:01:27","guid":{"rendered":"https:\/\/totul.md\/?p=54610"},"modified":"2026-09-05T10:01:41","modified_gmt":"2026-09-05T10:01:41","slug":"aeroportul-chisinau-va-consolida-masurile-de-securitate-in-perioada-sosirii-pelerinilor-hasidici","status":"publish","type":"post","link":"https:\/\/totul.md\/ro\/news\/aeroportul-chisinau-va-consolida-masurile-de-securitate-in-perioada-sosirii-pelerinilor-hasidici\/","title":{"rendered":"Aeroportul Chi\u0219in\u0103u va consolida m\u0103surile de securitate \u00een perioada sosirii pelerinilor hasidici"},"content":{"rendered":"<p><strong>La Aeroportul Interna\u021bional Chi\u0219in\u0103u \u201eEugen Doga\u201d vor fi instituite, \u00een perioada 7\u201317 septembrie, m\u0103suri suplimentare pentru asigurarea securit\u0103\u021bii \u0219i gestionarea eficient\u0103 a fluxului de pasageri.<\/strong><\/p>\n<p>\u00cen aceast\u0103 perioad\u0103, prin aeroport vor tranzita pelerini hasidici care se \u00eendreapt\u0103 spre Uman, Ucraina, pentru a participa la s\u0103rb\u0103torirea Anului Nou evreiesc, \u00een apropierea morm\u00e2ntului rabinului Nahman din Bratslav.<\/p>\n<p>Pentru a asigura un proces de trecere confortabil \u0219i organizat, administra\u021bia aeroportului va suplimenta num\u0103rul angaja\u021bilor \u00een zonele cu trafic intens \u0219i va lua m\u0103suri pentru reducerea timpului de a\u0219teptare \u0219i optimizarea fluxului de pasageri.<\/p>\n<p>O aten\u021bie sporit\u0103 va fi acordat\u0103 <strong>securit\u0103\u021bii \u0219i men\u021binerii ordinii publice \u00een incinta aeroportului.<\/strong><\/p>\n","protected":false},"excerpt":{"rendered":"<p>La Aeroportul Interna\u021bional Chi\u0219in\u0103u \u201eEugen Doga\u201d vor fi instituite, \u00een perioada 7\u201317 septembrie, m\u0103suri suplimentare pentru asigurarea securit\u0103\u021bii \u0219i gestionarea eficient\u0103 a fluxului de pasageri. \u00cen aceast\u0103 perioad\u0103, prin aeroport vor tranzita pelerini hasidici care se \u00eendreapt\u0103 spre Uman, Ucraina, pentru a participa la s\u0103rb\u0103torirea Anului Nou evreiesc, \u00een apropierea morm\u00e2ntului rabinului Nahman din Bratslav. [&hellip;]<\/p>\n","protected":false},"author":78,"featured_media":54606,"comment_status":"closed","ping_status":"closed","sticky":false,"template":"","format":"standard","meta":{"footnotes":""},"categories":[218],"tags":[],"class_list":["post-54610","post","type-post","status-publish","format-standard","has-post-thumbnail","category-news"],"yoast_head":"<!-- This site is optimized with the Yoast SEO plugin v28.3 - https:\/\/yoast.com\/product\/yoast-seo-wordpress\/ -->\n<title>Aeroportul Chi\u0219in\u0103u va consolida m\u0103surile de securitate \u00een perioada sosirii pelerinilor hasidici<\/title>\n<meta name=\"robots\" content=\"index, follow, max-snippet:-1, max-image-preview:large, max-video-preview:-1\" \/>\n<link rel=\"canonical\" href=\"https:\/\/totul.md\/ro\/news\/aeroportul-chisinau-va-consolida-masurile-de-securitate-in-perioada-sosirii-pelerinilor-hasidici\/\" \/>\n<meta property=\"og:locale\" content=\"ro_RO\" \/>\n<meta property=\"og:type\" content=\"article\" \/>\n<meta property=\"og:title\" content=\"Aeroportul Chi\u0219in\u0103u va consolida m\u0103surile de securitate \u00een perioada sosirii pelerinilor hasidici\" \/>\n<meta property=\"og:description\" content=\"La Aeroportul Interna\u021bional Chi\u0219in\u0103u \u201eEugen Doga\u201d vor fi instituite, \u00een perioada 7\u201317 septembrie, m\u0103suri suplimentare pentru asigurarea securit\u0103\u021bii \u0219i gestionarea eficient\u0103 a fluxului de pasageri. \u00cen aceast\u0103 perioad\u0103, prin aeroport vor tranzita pelerini hasidici care se \u00eendreapt\u0103 spre Uman, Ucraina, pentru a participa la s\u0103rb\u0103torirea Anului Nou evreiesc, \u00een apropierea morm\u00e2ntului rabinului Nahman din Bratslav. [&hellip;]\" \/>\n<meta property=\"og:url\" content=\"https:\/\/totul.md\/ro\/news\/aeroportul-chisinau-va-consolida-masurile-de-securitate-in-perioada-sosirii-pelerinilor-hasidici\/\" \/>\n<meta property=\"og:site_name\" content=\"Totul\" \/>\n<meta property=\"article:published_time\" content=\"2026-09-05T10:01:27+00:00\" \/>\n<meta property=\"article:modified_time\" content=\"2026-09-05T10:01:41+00:00\" \/>\n<meta property=\"og:image\" content=\"https:\/\/totul.md\/wp-content\/uploads\/2026\/09\/unnamed911.png\" \/>\n\t<meta property=\"og:image:width\" content=\"1600\" \/>\n\t<meta property=\"og:image:height\" content=\"936\" \/>\n\t<meta property=\"og:image:type\" content=\"image\/png\" \/>\n<meta name=\"author\" content=\"TOTUL\" \/>\n<meta name=\"twitter:card\" content=\"summary_large_image\" \/>\n<meta name=\"twitter:label1\" content=\"Scris de\" \/>\n\t<meta name=\"twitter:data1\" content=\"TOTUL\" \/>\n\t<meta name=\"twitter:label2\" content=\"Timp estimat pentru citire\" \/>\n\t<meta name=\"twitter:data2\" content=\"1 minut\" \/>\n<script type=\"application\/ld+json\" class=\"yoast-schema-graph\">{\"@context\":\"https:\\\/\\\/schema.org\",\"@graph\":[{\"@type\":\"Article\",\"@id\":\"https:\\\/\\\/totul.md\\\/ro\\\/news\\\/aeroportul-chisinau-va-consolida-masurile-de-securitate-in-perioada-sosirii-pelerinilor-hasidici\\\/#article\",\"isPartOf\":{\"@id\":\"https:\\\/\\\/totul.md\\\/ro\\\/news\\\/aeroportul-chisinau-va-consolida-masurile-de-securitate-in-perioada-sosirii-pelerinilor-hasidici\\\/\"},\"author\":{\"name\":\"TOTUL\",\"@id\":\"https:\\\/\\\/totul.md\\\/#\\\/schema\\\/person\\\/93f2fffe0c74089acf5f74fb041a330b\"},\"headline\":\"Aeroportul Chi\u0219in\u0103u va consolida m\u0103surile de securitate \u00een perioada sosirii pelerinilor hasidici\",\"datePublished\":\"2026-09-05T10:01:27+00:00\",\"dateModified\":\"2026-09-05T10:01:41+00:00\",\"mainEntityOfPage\":{\"@id\":\"https:\\\/\\\/totul.md\\\/ro\\\/news\\\/aeroportul-chisinau-va-consolida-masurile-de-securitate-in-perioada-sosirii-pelerinilor-hasidici\\\/\"},\"wordCount\":134,\"image\":{\"@id\":\"https:\\\/\\\/totul.md\\\/ro\\\/news\\\/aeroportul-chisinau-va-consolida-masurile-de-securitate-in-perioada-sosirii-pelerinilor-hasidici\\\/#primaryimage\"},\"thumbnailUrl\":\"https:\\\/\\\/totul.md\\\/wp-content\\\/uploads\\\/2026\\\/09\\\/unnamed911.png\",\"articleSection\":[\"\u0218tiri\"],\"inLanguage\":\"ro-RO\"},{\"@type\":\"WebPage\",\"@id\":\"https:\\\/\\\/totul.md\\\/ro\\\/news\\\/aeroportul-chisinau-va-consolida-masurile-de-securitate-in-perioada-sosirii-pelerinilor-hasidici\\\/\",\"url\":\"https:\\\/\\\/totul.md\\\/ro\\\/news\\\/aeroportul-chisinau-va-consolida-masurile-de-securitate-in-perioada-sosirii-pelerinilor-hasidici\\\/\",\"name\":\"Aeroportul Chi\u0219in\u0103u va consolida m\u0103surile de securitate \u00een perioada sosirii pelerinilor hasidici\",\"isPartOf\":{\"@id\":\"https:\\\/\\\/totul.md\\\/#website\"},\"primaryImageOfPage\":{\"@id\":\"https:\\\/\\\/totul.md\\\/ro\\\/news\\\/aeroportul-chisinau-va-consolida-masurile-de-securitate-in-perioada-sosirii-pelerinilor-hasidici\\\/#primaryimage\"},\"image\":{\"@id\":\"https:\\\/\\\/totul.md\\\/ro\\\/news\\\/aeroportul-chisinau-va-consolida-masurile-de-securitate-in-perioada-sosirii-pelerinilor-hasidici\\\/#primaryimage\"},\"thumbnailUrl\":\"https:\\\/\\\/totul.md\\\/wp-content\\\/uploads\\\/2026\\\/09\\\/unnamed911.png\",\"datePublished\":\"2026-09-05T10:01:27+00:00\",\"dateModified\":\"2026-09-05T10:01:41+00:00\",\"author\":{\"@id\":\"https:\\\/\\\/totul.md\\\/#\\\/schema\\\/person\\\/93f2fffe0c74089acf5f74fb041a330b\"},\"breadcrumb\":{\"@id\":\"https:\\\/\\\/totul.md\\\/ro\\\/news\\\/aeroportul-chisinau-va-consolida-masurile-de-securitate-in-perioada-sosirii-pelerinilor-hasidici\\\/#breadcrumb\"},\"inLanguage\":\"ro-RO\",\"potentialAction\":[{\"@type\":\"ReadAction\",\"target\":[\"https:\\\/\\\/totul.md\\\/ro\\\/news\\\/aeroportul-chisinau-va-consolida-masurile-de-securitate-in-perioada-sosirii-pelerinilor-hasidici\\\/\"]}]},{\"@type\":\"ImageObject\",\"inLanguage\":\"ro-RO\",\"@id\":\"https:\\\/\\\/totul.md\\\/ro\\\/news\\\/aeroportul-chisinau-va-consolida-masurile-de-securitate-in-perioada-sosirii-pelerinilor-hasidici\\\/#primaryimage\",\"url\":\"https:\\\/\\\/totul.md\\\/wp-content\\\/uploads\\\/2026\\\/09\\\/unnamed911.png\",\"contentUrl\":\"https:\\\/\\\/totul.md\\\/wp-content\\\/uploads\\\/2026\\\/09\\\/unnamed911.png\",\"width\":1600,\"height\":936},{\"@type\":\"BreadcrumbList\",\"@id\":\"https:\\\/\\\/totul.md\\\/ro\\\/news\\\/aeroportul-chisinau-va-consolida-masurile-de-securitate-in-perioada-sosirii-pelerinilor-hasidici\\\/#breadcrumb\",\"itemListElement\":[{\"@type\":\"ListItem\",\"position\":1,\"name\":\"\u0413\u043b\u0430\u0432\u043d\u0430\u044f \u0441\u0442\u0440\u0430\u043d\u0438\u0446\u0430\",\"item\":\"https:\\\/\\\/totul.md\\\/ro\\\/acasa\\\/\"},{\"@type\":\"ListItem\",\"position\":2,\"name\":\"Aeroportul Chi\u0219in\u0103u va consolida m\u0103surile de securitate \u00een perioada sosirii pelerinilor hasidici\"}]},{\"@type\":\"WebSite\",\"@id\":\"https:\\\/\\\/totul.md\\\/#website\",\"url\":\"https:\\\/\\\/totul.md\\\/\",\"name\":\"TOTUL.md\",\"description\":\"\",\"potentialAction\":[{\"@type\":\"SearchAction\",\"target\":{\"@type\":\"EntryPoint\",\"urlTemplate\":\"https:\\\/\\\/totul.md\\\/?s={search_term_string}\"},\"query-input\":{\"@type\":\"PropertyValueSpecification\",\"valueRequired\":true,\"valueName\":\"search_term_string\"}}],\"inLanguage\":\"ro-RO\"},{\"@type\":\"Person\",\"@id\":\"https:\\\/\\\/totul.md\\\/#\\\/schema\\\/person\\\/93f2fffe0c74089acf5f74fb041a330b\",\"name\":\"TOTUL\",\"image\":{\"@type\":\"ImageObject\",\"inLanguage\":\"ro-RO\",\"@id\":\"https:\\\/\\\/secure.gravatar.com\\\/avatar\\\/5e87996a50ae2ab46b00fceeeaf96f4ea6936f57c0b849f1d668bd140d0141d9?s=96&d=mm&r=g\",\"url\":\"https:\\\/\\\/secure.gravatar.com\\\/avatar\\\/5e87996a50ae2ab46b00fceeeaf96f4ea6936f57c0b849f1d668bd140d0141d9?s=96&d=mm&r=g\",\"contentUrl\":\"https:\\\/\\\/secure.gravatar.com\\\/avatar\\\/5e87996a50ae2ab46b00fceeeaf96f4ea6936f57c0b849f1d668bd140d0141d9?s=96&d=mm&r=g\",\"caption\":\"TOTUL\"},\"url\":\"https:\\\/\\\/totul.md\\\/ro\\\/author\\\/anna-perjan\\\/\"}]}<\/script>\n<!-- \/ Yoast SEO plugin. -->","yoast_head_json":{"title":"Aeroportul Chi\u0219in\u0103u va consolida m\u0103surile de securitate \u00een perioada sosirii pelerinilor hasidici","robots":{"index":"index","follow":"follow","max-snippet":"max-snippet:-1","max-image-preview":"max-image-preview:large","max-video-preview":"max-video-preview:-1"},"canonical":"https:\/\/totul.md\/ro\/news\/aeroportul-chisinau-va-consolida-masurile-de-securitate-in-perioada-sosirii-pelerinilor-hasidici\/","og_locale":"ro_RO","og_type":"article","og_title":"Aeroportul Chi\u0219in\u0103u va consolida m\u0103surile de securitate \u00een perioada sosirii pelerinilor hasidici","og_description":"La Aeroportul Interna\u021bional Chi\u0219in\u0103u \u201eEugen Doga\u201d vor fi instituite, \u00een perioada 7\u201317 septembrie, m\u0103suri suplimentare pentru asigurarea securit\u0103\u021bii \u0219i gestionarea eficient\u0103 a fluxului de pasageri. \u00cen aceast\u0103 perioad\u0103, prin aeroport vor tranzita pelerini hasidici care se \u00eendreapt\u0103 spre Uman, Ucraina, pentru a participa la s\u0103rb\u0103torirea Anului Nou evreiesc, \u00een apropierea morm\u00e2ntului rabinului Nahman din Bratslav. [&hellip;]","og_url":"https:\/\/totul.md\/ro\/news\/aeroportul-chisinau-va-consolida-masurile-de-securitate-in-perioada-sosirii-pelerinilor-hasidici\/","og_site_name":"Totul","article_published_time":"2026-09-05T10:01:27+00:00","article_modified_time":"2026-09-05T10:01:41+00:00","og_image":[{"width":1600,"height":936,"url":"https:\/\/totul.md\/wp-content\/uploads\/2026\/09\/unnamed911.png","type":"image\/png"}],"author":"TOTUL","twitter_card":"summary_large_image","twitter_misc":{"Scris de":"TOTUL","Timp estimat pentru citire":"1 minut"},"schema":{"@context":"https:\/\/schema.org","@graph":[{"@type":"Article","@id":"https:\/\/totul.md\/ro\/news\/aeroportul-chisinau-va-consolida-masurile-de-securitate-in-perioada-sosirii-pelerinilor-hasidici\/#article","isPartOf":{"@id":"https:\/\/totul.md\/ro\/news\/aeroportul-chisinau-va-consolida-masurile-de-securitate-in-perioada-sosirii-pelerinilor-hasidici\/"},"author":{"name":"TOTUL","@id":"https:\/\/totul.md\/#\/schema\/person\/93f2fffe0c74089acf5f74fb041a330b"},"headline":"Aeroportul Chi\u0219in\u0103u va consolida m\u0103surile de securitate \u00een perioada sosirii pelerinilor hasidici","datePublished":"2026-09-05T10:01:27+00:00","dateModified":"2026-09-05T10:01:41+00:00","mainEntityOfPage":{"@id":"https:\/\/totul.md\/ro\/news\/aeroportul-chisinau-va-consolida-masurile-de-securitate-in-perioada-sosirii-pelerinilor-hasidici\/"},"wordCount":134,"image":{"@id":"https:\/\/totul.md\/ro\/news\/aeroportul-chisinau-va-consolida-masurile-de-securitate-in-perioada-sosirii-pelerinilor-hasidici\/#primaryimage"},"thumbnailUrl":"https:\/\/totul.md\/wp-content\/uploads\/2026\/09\/unnamed911.png","articleSection":["\u0218tiri"],"inLanguage":"ro-RO"},{"@type":"WebPage","@id":"https:\/\/totul.md\/ro\/news\/aeroportul-chisinau-va-consolida-masurile-de-securitate-in-perioada-sosirii-pelerinilor-hasidici\/","url":"https:\/\/totul.md\/ro\/news\/aeroportul-chisinau-va-consolida-masurile-de-securitate-in-perioada-sosirii-pelerinilor-hasidici\/","name":"Aeroportul Chi\u0219in\u0103u va consolida m\u0103surile de securitate \u00een perioada sosirii pelerinilor hasidici","isPartOf":{"@id":"https:\/\/totul.md\/#website"},"primaryImageOfPage":{"@id":"https:\/\/totul.md\/ro\/news\/aeroportul-chisinau-va-consolida-masurile-de-securitate-in-perioada-sosirii-pelerinilor-hasidici\/#primaryimage"},"image":{"@id":"https:\/\/totul.md\/ro\/news\/aeroportul-chisinau-va-consolida-masurile-de-securitate-in-perioada-sosirii-pelerinilor-hasidici\/#primaryimage"},"thumbnailUrl":"https:\/\/totul.md\/wp-content\/uploads\/2026\/09\/unnamed911.png","datePublished":"2026-09-05T10:01:27+00:00","dateModified":"2026-09-05T10:01:41+00:00","author":{"@id":"https:\/\/totul.md\/#\/schema\/person\/93f2fffe0c74089acf5f74fb041a330b"},"breadcrumb":{"@id":"https:\/\/totul.md\/ro\/news\/aeroportul-chisinau-va-consolida-masurile-de-securitate-in-perioada-sosirii-pelerinilor-hasidici\/#breadcrumb"},"inLanguage":"ro-RO","potentialAction":[{"@type":"ReadAction","target":["https:\/\/totul.md\/ro\/news\/aeroportul-chisinau-va-consolida-masurile-de-securitate-in-perioada-sosirii-pelerinilor-hasidici\/"]}]},{"@type":"ImageObject","inLanguage":"ro-RO","@id":"https:\/\/totul.md\/ro\/news\/aeroportul-chisinau-va-consolida-masurile-de-securitate-in-perioada-sosirii-pelerinilor-hasidici\/#primaryimage","url":"https:\/\/totul.md\/wp-content\/uploads\/2026\/09\/unnamed911.png","contentUrl":"https:\/\/totul.md\/wp-content\/uploads\/2026\/09\/unnamed911.png","width":1600,"height":936},{"@type":"BreadcrumbList","@id":"https:\/\/totul.md\/ro\/news\/aeroportul-chisinau-va-consolida-masurile-de-securitate-in-perioada-sosirii-pelerinilor-hasidici\/#breadcrumb","itemListElement":[{"@type":"ListItem","position":1,"name":"\u0413\u043b\u0430\u0432\u043d\u0430\u044f \u0441\u0442\u0440\u0430\u043d\u0438\u0446\u0430","item":"https:\/\/totul.md\/ro\/acasa\/"},{"@type":"ListItem","position":2,"name":"Aeroportul Chi\u0219in\u0103u va consolida m\u0103surile de securitate \u00een perioada sosirii pelerinilor hasidici"}]},{"@type":"WebSite","@id":"https:\/\/totul.md\/#website","url":"https:\/\/totul.md\/","name":"TOTUL.md","description":"","potentialAction":[{"@type":"SearchAction","target":{"@type":"EntryPoint","urlTemplate":"https:\/\/totul.md\/?s={search_term_string}"},"query-input":{"@type":"PropertyValueSpecification","valueRequired":true,"valueName":"search_term_string"}}],"inLanguage":"ro-RO"},{"@type":"Person","@id":"https:\/\/totul.md\/#\/schema\/person\/93f2fffe0c74089acf5f74fb041a330b","name":"TOTUL","image":{"@type":"ImageObject","inLanguage":"ro-RO","@id":"https:\/\/secure.gravatar.com\/avatar\/5e87996a50ae2ab46b00fceeeaf96f4ea6936f57c0b849f1d668bd140d0141d9?s=96&d=mm&r=g","url":"https:\/\/secure.gravatar.com\/avatar\/5e87996a50ae2ab46b00fceeeaf96f4ea6936f57c0b849f1d668bd140d0141d9?s=96&d=mm&r=g","contentUrl":"https:\/\/secure.gravatar.com\/avatar\/5e87996a50ae2ab46b00fceeeaf96f4ea6936f57c0b849f1d668bd140d0141d9?s=96&d=mm&r=g","caption":"TOTUL"},"url":"https:\/\/totul.md\/ro\/author\/anna-perjan\/"}]}},"_links":{"self":[{"href":"https:\/\/totul.md\/ro\/wp-json\/wp\/v2\/posts\/54610","targetHints":{"allow":["GET"]}}],"collection":[{"href":"https:\/\/totul.md\/ro\/wp-json\/wp\/v2\/posts"}],"about":[{"href":"https:\/\/totul.md\/ro\/wp-json\/wp\/v2\/types\/post"}],"author":[{"embeddable":true,"href":"https:\/\/totul.md\/ro\/wp-json\/wp\/v2\/users\/78"}],"replies":[{"embeddable":true,"href":"https:\/\/totul.md\/ro\/wp-json\/wp\/v2\/comments?post=54610"}],"version-history":[{"count":1,"href":"https:\/\/totul.md\/ro\/wp-json\/wp\/v2\/posts\/54610\/revisions"}],"predecessor-version":[{"id":54611,"href":"https:\/\/totul.md\/ro\/wp-json\/wp\/v2\/posts\/54610\/revisions\/54611"}],"wp:featuredmedia":[{"embeddable":true,"href":"https:\/\/totul.md\/ro\/wp-json\/wp\/v2\/media\/54606"}],"wp:attachment":[{"href":"https:\/\/totul.md\/ro\/wp-json\/wp\/v2\/media?parent=54610"}],"wp:term":[{"taxonomy":"category","embeddable":true,"href":"https:\/\/totul.md\/ro\/wp-json\/wp\/v2\/categories?post=54610"},{"taxonomy":"post_tag","embeddable":true,"href":"https:\/\/totul.md\/ro\/wp-json\/wp\/v2\/tags?post=54610"}],"curies":[{"name":"wp","href":"https:\/\/api.w.org\/{rel}","templated":true}]}}