{"id":54635,"date":"2026-09-05T10:55:43","date_gmt":"2026-09-05T10:55:43","guid":{"rendered":"https:\/\/totul.md\/?p=54635"},"modified":"2026-09-05T10:55:57","modified_gmt":"2026-09-05T10:55:57","slug":"doua-tari-o-singura-scena-teatrul-romanesc-la-chisinau","status":"publish","type":"post","link":"https:\/\/totul.md\/ro\/news\/doua-tari-o-singura-scena-teatrul-romanesc-la-chisinau\/","title":{"rendered":"Dou\u0103 \u021b\u0103ri, o singur\u0103 scen\u0103: teatrul rom\u00e2nesc la Chi\u0219in\u0103u"},"content":{"rendered":"<p>\u00cen perioada 9\u201321 septembrie 2026, la Chi\u0219in\u0103u se va desf\u0103\u0219ura cea de-a <strong>XI-a edi\u021bie a Reuniunii Teatrelor Na\u021bionale Rom\u00e2ne\u0219ti,<\/strong> un amplu festival teatral desf\u0103\u0219urat sub genericul \u201eSuntem ceea ce iubim\u201d.<\/p>\n<p>Pe aceea\u0219i scen\u0103 se vor \u00eent\u00e2lni cele mai importante colective teatrale din Rom\u00e2nia \u0219i Republica Moldova. Programul include spectacole prezentate la marile festivaluri de teatru \u0219i apreciate de public. Multe dintre produc\u021bii vor fi prezentate la Chi\u0219in\u0103u o singur\u0103 dat\u0103.<\/p>\n<p>Organizatorii promit un program pentru toate v\u00e2rstele \u0219i preferin\u021bele \u2014 de la spectacole dramatice \u0219i experimentale p\u00e2n\u0103 la produc\u021bii adresate unui public larg.<\/p>\n<p>Festivalul se desf\u0103\u0219oar\u0103 sub \u00cenaltul Patronaj al pre\u0219edintei Republicii Moldova, <strong>Maia Sandu,<\/strong> \u0219i al pre\u0219edintelui Rom\u00e2niei, <strong>Nicu\u0219or Dan<\/strong>.<\/p>\n<p>Organizatorii beneficiaz\u0103 de sprijinul Ministerului Culturii al Republicii Moldova, Ministerului Culturii din Rom\u00e2nia \u0219i al Institutului Cultural Rom\u00e2n.<\/p>\n<p>Cea de-a <strong>XI-a edi\u021bie a Reuniunii Teatrelor Na\u021bionale Rom\u00e2ne\u0219ti<\/strong> nu va fi doar un eveniment teatral, ci \u0219i un spa\u021biu al dialogului cultural dintre Republica Moldova \u0219i Rom\u00e2nia.<\/p>\n<p><em>\u201eTeatrul bucur\u0103, tulbur\u0103 \u0219i inspir\u0103, ne face s\u0103 reflect\u0103m, ne scoate din zona de confort, vindec\u0103 r\u0103nile suflete\u0219ti \u0219i ne d\u0103 curajul de a tr\u0103i\u201d<\/em>, subliniaz\u0103 organizatorii.<\/p>\n<p>\u00cen septembrie, Chi\u0219in\u0103ul va deveni din nou una dintre principalele scene ale teatrului rom\u00e2nesc din regiune.<\/p>\n<p><strong>Programul spectacolelor \u0219i informa\u021bii despre bilete:<\/strong><a href=\"https:\/\/tnme.md\/stiri\/suntem-ceea-ce-iubim-programul-reuniunii-teatrelor-nationale-romanesti-la-chisinau-editia-a-xi-a-9-21-septembrie-2026\/?utm_source=chatgpt.com\" target=\"_blank\" rel=\"nofollow\"> tnme.md<\/a><\/p>\n","protected":false},"excerpt":{"rendered":"<p>\u00cen perioada 9\u201321 septembrie 2026, la Chi\u0219in\u0103u se va desf\u0103\u0219ura cea de-a XI-a edi\u021bie a Reuniunii Teatrelor Na\u021bionale Rom\u00e2ne\u0219ti, un amplu festival teatral desf\u0103\u0219urat sub genericul \u201eSuntem ceea ce iubim\u201d. Pe aceea\u0219i scen\u0103 se vor \u00eent\u00e2lni cele mai importante colective teatrale din Rom\u00e2nia \u0219i Republica Moldova. Programul include spectacole prezentate la marile festivaluri de teatru [&hellip;]<\/p>\n","protected":false},"author":78,"featured_media":54633,"comment_status":"closed","ping_status":"closed","sticky":false,"template":"","format":"standard","meta":{"footnotes":""},"categories":[218],"tags":[],"class_list":["post-54635","post","type-post","status-publish","format-standard","has-post-thumbnail","category-news"],"yoast_head":"<!-- This site is optimized with the Yoast SEO plugin v28.3 - https:\/\/yoast.com\/product\/yoast-seo-wordpress\/ -->\n<title>Dou\u0103 \u021b\u0103ri, o singur\u0103 scen\u0103: teatrul rom\u00e2nesc la Chi\u0219in\u0103u<\/title>\n<meta name=\"robots\" content=\"index, follow, max-snippet:-1, max-image-preview:large, max-video-preview:-1\" \/>\n<link rel=\"canonical\" href=\"https:\/\/totul.md\/ro\/news\/doua-tari-o-singura-scena-teatrul-romanesc-la-chisinau\/\" \/>\n<meta property=\"og:locale\" content=\"ro_RO\" \/>\n<meta property=\"og:type\" content=\"article\" \/>\n<meta property=\"og:title\" content=\"Dou\u0103 \u021b\u0103ri, o singur\u0103 scen\u0103: teatrul rom\u00e2nesc la Chi\u0219in\u0103u\" \/>\n<meta property=\"og:description\" content=\"\u00cen perioada 9\u201321 septembrie 2026, la Chi\u0219in\u0103u se va desf\u0103\u0219ura cea de-a XI-a edi\u021bie a Reuniunii Teatrelor Na\u021bionale Rom\u00e2ne\u0219ti, un amplu festival teatral desf\u0103\u0219urat sub genericul \u201eSuntem ceea ce iubim\u201d. Pe aceea\u0219i scen\u0103 se vor \u00eent\u00e2lni cele mai importante colective teatrale din Rom\u00e2nia \u0219i Republica Moldova. Programul include spectacole prezentate la marile festivaluri de teatru [&hellip;]\" \/>\n<meta property=\"og:url\" content=\"https:\/\/totul.md\/ro\/news\/doua-tari-o-singura-scena-teatrul-romanesc-la-chisinau\/\" \/>\n<meta property=\"og:site_name\" content=\"Totul\" \/>\n<meta property=\"article:published_time\" content=\"2026-09-05T10:55:43+00:00\" \/>\n<meta property=\"article:modified_time\" content=\"2026-09-05T10:55:57+00:00\" \/>\n<meta property=\"og:image\" content=\"https:\/\/totul.md\/wp-content\/uploads\/2026\/09\/unnamed-1-3.png\" \/>\n\t<meta property=\"og:image:width\" content=\"1600\" \/>\n\t<meta property=\"og:image:height\" content=\"800\" \/>\n\t<meta property=\"og:image:type\" content=\"image\/png\" \/>\n<meta name=\"author\" content=\"TOTUL\" \/>\n<meta name=\"twitter:card\" content=\"summary_large_image\" \/>\n<meta name=\"twitter:label1\" content=\"Scris de\" \/>\n\t<meta name=\"twitter:data1\" content=\"TOTUL\" \/>\n\t<meta name=\"twitter:label2\" content=\"Timp estimat pentru citire\" \/>\n\t<meta name=\"twitter:data2\" content=\"2 minute\" \/>\n<script type=\"application\/ld+json\" class=\"yoast-schema-graph\">{\"@context\":\"https:\\\/\\\/schema.org\",\"@graph\":[{\"@type\":\"Article\",\"@id\":\"https:\\\/\\\/totul.md\\\/ro\\\/news\\\/doua-tari-o-singura-scena-teatrul-romanesc-la-chisinau\\\/#article\",\"isPartOf\":{\"@id\":\"https:\\\/\\\/totul.md\\\/ro\\\/news\\\/doua-tari-o-singura-scena-teatrul-romanesc-la-chisinau\\\/\"},\"author\":{\"name\":\"TOTUL\",\"@id\":\"https:\\\/\\\/totul.md\\\/#\\\/schema\\\/person\\\/93f2fffe0c74089acf5f74fb041a330b\"},\"headline\":\"Dou\u0103 \u021b\u0103ri, o singur\u0103 scen\u0103: teatrul rom\u00e2nesc la Chi\u0219in\u0103u\",\"datePublished\":\"2026-09-05T10:55:43+00:00\",\"dateModified\":\"2026-09-05T10:55:57+00:00\",\"mainEntityOfPage\":{\"@id\":\"https:\\\/\\\/totul.md\\\/ro\\\/news\\\/doua-tari-o-singura-scena-teatrul-romanesc-la-chisinau\\\/\"},\"wordCount\":256,\"image\":{\"@id\":\"https:\\\/\\\/totul.md\\\/ro\\\/news\\\/doua-tari-o-singura-scena-teatrul-romanesc-la-chisinau\\\/#primaryimage\"},\"thumbnailUrl\":\"https:\\\/\\\/totul.md\\\/wp-content\\\/uploads\\\/2026\\\/09\\\/unnamed-1-3.png\",\"articleSection\":[\"\u0218tiri\"],\"inLanguage\":\"ro-RO\"},{\"@type\":\"WebPage\",\"@id\":\"https:\\\/\\\/totul.md\\\/ro\\\/news\\\/doua-tari-o-singura-scena-teatrul-romanesc-la-chisinau\\\/\",\"url\":\"https:\\\/\\\/totul.md\\\/ro\\\/news\\\/doua-tari-o-singura-scena-teatrul-romanesc-la-chisinau\\\/\",\"name\":\"Dou\u0103 \u021b\u0103ri, o singur\u0103 scen\u0103: teatrul rom\u00e2nesc la Chi\u0219in\u0103u\",\"isPartOf\":{\"@id\":\"https:\\\/\\\/totul.md\\\/#website\"},\"primaryImageOfPage\":{\"@id\":\"https:\\\/\\\/totul.md\\\/ro\\\/news\\\/doua-tari-o-singura-scena-teatrul-romanesc-la-chisinau\\\/#primaryimage\"},\"image\":{\"@id\":\"https:\\\/\\\/totul.md\\\/ro\\\/news\\\/doua-tari-o-singura-scena-teatrul-romanesc-la-chisinau\\\/#primaryimage\"},\"thumbnailUrl\":\"https:\\\/\\\/totul.md\\\/wp-content\\\/uploads\\\/2026\\\/09\\\/unnamed-1-3.png\",\"datePublished\":\"2026-09-05T10:55:43+00:00\",\"dateModified\":\"2026-09-05T10:55:57+00:00\",\"author\":{\"@id\":\"https:\\\/\\\/totul.md\\\/#\\\/schema\\\/person\\\/93f2fffe0c74089acf5f74fb041a330b\"},\"breadcrumb\":{\"@id\":\"https:\\\/\\\/totul.md\\\/ro\\\/news\\\/doua-tari-o-singura-scena-teatrul-romanesc-la-chisinau\\\/#breadcrumb\"},\"inLanguage\":\"ro-RO\",\"potentialAction\":[{\"@type\":\"ReadAction\",\"target\":[\"https:\\\/\\\/totul.md\\\/ro\\\/news\\\/doua-tari-o-singura-scena-teatrul-romanesc-la-chisinau\\\/\"]}]},{\"@type\":\"ImageObject\",\"inLanguage\":\"ro-RO\",\"@id\":\"https:\\\/\\\/totul.md\\\/ro\\\/news\\\/doua-tari-o-singura-scena-teatrul-romanesc-la-chisinau\\\/#primaryimage\",\"url\":\"https:\\\/\\\/totul.md\\\/wp-content\\\/uploads\\\/2026\\\/09\\\/unnamed-1-3.png\",\"contentUrl\":\"https:\\\/\\\/totul.md\\\/wp-content\\\/uploads\\\/2026\\\/09\\\/unnamed-1-3.png\",\"width\":1600,\"height\":800},{\"@type\":\"BreadcrumbList\",\"@id\":\"https:\\\/\\\/totul.md\\\/ro\\\/news\\\/doua-tari-o-singura-scena-teatrul-romanesc-la-chisinau\\\/#breadcrumb\",\"itemListElement\":[{\"@type\":\"ListItem\",\"position\":1,\"name\":\"\u0413\u043b\u0430\u0432\u043d\u0430\u044f \u0441\u0442\u0440\u0430\u043d\u0438\u0446\u0430\",\"item\":\"https:\\\/\\\/totul.md\\\/ro\\\/acasa\\\/\"},{\"@type\":\"ListItem\",\"position\":2,\"name\":\"Dou\u0103 \u021b\u0103ri, o singur\u0103 scen\u0103: teatrul rom\u00e2nesc la Chi\u0219in\u0103u\"}]},{\"@type\":\"WebSite\",\"@id\":\"https:\\\/\\\/totul.md\\\/#website\",\"url\":\"https:\\\/\\\/totul.md\\\/\",\"name\":\"TOTUL.md\",\"description\":\"\",\"potentialAction\":[{\"@type\":\"SearchAction\",\"target\":{\"@type\":\"EntryPoint\",\"urlTemplate\":\"https:\\\/\\\/totul.md\\\/?s={search_term_string}\"},\"query-input\":{\"@type\":\"PropertyValueSpecification\",\"valueRequired\":true,\"valueName\":\"search_term_string\"}}],\"inLanguage\":\"ro-RO\"},{\"@type\":\"Person\",\"@id\":\"https:\\\/\\\/totul.md\\\/#\\\/schema\\\/person\\\/93f2fffe0c74089acf5f74fb041a330b\",\"name\":\"TOTUL\",\"image\":{\"@type\":\"ImageObject\",\"inLanguage\":\"ro-RO\",\"@id\":\"https:\\\/\\\/secure.gravatar.com\\\/avatar\\\/5e87996a50ae2ab46b00fceeeaf96f4ea6936f57c0b849f1d668bd140d0141d9?s=96&d=mm&r=g\",\"url\":\"https:\\\/\\\/secure.gravatar.com\\\/avatar\\\/5e87996a50ae2ab46b00fceeeaf96f4ea6936f57c0b849f1d668bd140d0141d9?s=96&d=mm&r=g\",\"contentUrl\":\"https:\\\/\\\/secure.gravatar.com\\\/avatar\\\/5e87996a50ae2ab46b00fceeeaf96f4ea6936f57c0b849f1d668bd140d0141d9?s=96&d=mm&r=g\",\"caption\":\"TOTUL\"},\"url\":\"https:\\\/\\\/totul.md\\\/ro\\\/author\\\/anna-perjan\\\/\"}]}<\/script>\n<!-- \/ Yoast SEO plugin. -->","yoast_head_json":{"title":"Dou\u0103 \u021b\u0103ri, o singur\u0103 scen\u0103: teatrul rom\u00e2nesc la Chi\u0219in\u0103u","robots":{"index":"index","follow":"follow","max-snippet":"max-snippet:-1","max-image-preview":"max-image-preview:large","max-video-preview":"max-video-preview:-1"},"canonical":"https:\/\/totul.md\/ro\/news\/doua-tari-o-singura-scena-teatrul-romanesc-la-chisinau\/","og_locale":"ro_RO","og_type":"article","og_title":"Dou\u0103 \u021b\u0103ri, o singur\u0103 scen\u0103: teatrul rom\u00e2nesc la Chi\u0219in\u0103u","og_description":"\u00cen perioada 9\u201321 septembrie 2026, la Chi\u0219in\u0103u se va desf\u0103\u0219ura cea de-a XI-a edi\u021bie a Reuniunii Teatrelor Na\u021bionale Rom\u00e2ne\u0219ti, un amplu festival teatral desf\u0103\u0219urat sub genericul \u201eSuntem ceea ce iubim\u201d. Pe aceea\u0219i scen\u0103 se vor \u00eent\u00e2lni cele mai importante colective teatrale din Rom\u00e2nia \u0219i Republica Moldova. Programul include spectacole prezentate la marile festivaluri de teatru [&hellip;]","og_url":"https:\/\/totul.md\/ro\/news\/doua-tari-o-singura-scena-teatrul-romanesc-la-chisinau\/","og_site_name":"Totul","article_published_time":"2026-09-05T10:55:43+00:00","article_modified_time":"2026-09-05T10:55:57+00:00","og_image":[{"width":1600,"height":800,"url":"https:\/\/totul.md\/wp-content\/uploads\/2026\/09\/unnamed-1-3.png","type":"image\/png"}],"author":"TOTUL","twitter_card":"summary_large_image","twitter_misc":{"Scris de":"TOTUL","Timp estimat pentru citire":"2 minute"},"schema":{"@context":"https:\/\/schema.org","@graph":[{"@type":"Article","@id":"https:\/\/totul.md\/ro\/news\/doua-tari-o-singura-scena-teatrul-romanesc-la-chisinau\/#article","isPartOf":{"@id":"https:\/\/totul.md\/ro\/news\/doua-tari-o-singura-scena-teatrul-romanesc-la-chisinau\/"},"author":{"name":"TOTUL","@id":"https:\/\/totul.md\/#\/schema\/person\/93f2fffe0c74089acf5f74fb041a330b"},"headline":"Dou\u0103 \u021b\u0103ri, o singur\u0103 scen\u0103: teatrul rom\u00e2nesc la Chi\u0219in\u0103u","datePublished":"2026-09-05T10:55:43+00:00","dateModified":"2026-09-05T10:55:57+00:00","mainEntityOfPage":{"@id":"https:\/\/totul.md\/ro\/news\/doua-tari-o-singura-scena-teatrul-romanesc-la-chisinau\/"},"wordCount":256,"image":{"@id":"https:\/\/totul.md\/ro\/news\/doua-tari-o-singura-scena-teatrul-romanesc-la-chisinau\/#primaryimage"},"thumbnailUrl":"https:\/\/totul.md\/wp-content\/uploads\/2026\/09\/unnamed-1-3.png","articleSection":["\u0218tiri"],"inLanguage":"ro-RO"},{"@type":"WebPage","@id":"https:\/\/totul.md\/ro\/news\/doua-tari-o-singura-scena-teatrul-romanesc-la-chisinau\/","url":"https:\/\/totul.md\/ro\/news\/doua-tari-o-singura-scena-teatrul-romanesc-la-chisinau\/","name":"Dou\u0103 \u021b\u0103ri, o singur\u0103 scen\u0103: teatrul rom\u00e2nesc la Chi\u0219in\u0103u","isPartOf":{"@id":"https:\/\/totul.md\/#website"},"primaryImageOfPage":{"@id":"https:\/\/totul.md\/ro\/news\/doua-tari-o-singura-scena-teatrul-romanesc-la-chisinau\/#primaryimage"},"image":{"@id":"https:\/\/totul.md\/ro\/news\/doua-tari-o-singura-scena-teatrul-romanesc-la-chisinau\/#primaryimage"},"thumbnailUrl":"https:\/\/totul.md\/wp-content\/uploads\/2026\/09\/unnamed-1-3.png","datePublished":"2026-09-05T10:55:43+00:00","dateModified":"2026-09-05T10:55:57+00:00","author":{"@id":"https:\/\/totul.md\/#\/schema\/person\/93f2fffe0c74089acf5f74fb041a330b"},"breadcrumb":{"@id":"https:\/\/totul.md\/ro\/news\/doua-tari-o-singura-scena-teatrul-romanesc-la-chisinau\/#breadcrumb"},"inLanguage":"ro-RO","potentialAction":[{"@type":"ReadAction","target":["https:\/\/totul.md\/ro\/news\/doua-tari-o-singura-scena-teatrul-romanesc-la-chisinau\/"]}]},{"@type":"ImageObject","inLanguage":"ro-RO","@id":"https:\/\/totul.md\/ro\/news\/doua-tari-o-singura-scena-teatrul-romanesc-la-chisinau\/#primaryimage","url":"https:\/\/totul.md\/wp-content\/uploads\/2026\/09\/unnamed-1-3.png","contentUrl":"https:\/\/totul.md\/wp-content\/uploads\/2026\/09\/unnamed-1-3.png","width":1600,"height":800},{"@type":"BreadcrumbList","@id":"https:\/\/totul.md\/ro\/news\/doua-tari-o-singura-scena-teatrul-romanesc-la-chisinau\/#breadcrumb","itemListElement":[{"@type":"ListItem","position":1,"name":"\u0413\u043b\u0430\u0432\u043d\u0430\u044f \u0441\u0442\u0440\u0430\u043d\u0438\u0446\u0430","item":"https:\/\/totul.md\/ro\/acasa\/"},{"@type":"ListItem","position":2,"name":"Dou\u0103 \u021b\u0103ri, o singur\u0103 scen\u0103: teatrul rom\u00e2nesc la Chi\u0219in\u0103u"}]},{"@type":"WebSite","@id":"https:\/\/totul.md\/#website","url":"https:\/\/totul.md\/","name":"TOTUL.md","description":"","potentialAction":[{"@type":"SearchAction","target":{"@type":"EntryPoint","urlTemplate":"https:\/\/totul.md\/?s={search_term_string}"},"query-input":{"@type":"PropertyValueSpecification","valueRequired":true,"valueName":"search_term_string"}}],"inLanguage":"ro-RO"},{"@type":"Person","@id":"https:\/\/totul.md\/#\/schema\/person\/93f2fffe0c74089acf5f74fb041a330b","name":"TOTUL","image":{"@type":"ImageObject","inLanguage":"ro-RO","@id":"https:\/\/secure.gravatar.com\/avatar\/5e87996a50ae2ab46b00fceeeaf96f4ea6936f57c0b849f1d668bd140d0141d9?s=96&d=mm&r=g","url":"https:\/\/secure.gravatar.com\/avatar\/5e87996a50ae2ab46b00fceeeaf96f4ea6936f57c0b849f1d668bd140d0141d9?s=96&d=mm&r=g","contentUrl":"https:\/\/secure.gravatar.com\/avatar\/5e87996a50ae2ab46b00fceeeaf96f4ea6936f57c0b849f1d668bd140d0141d9?s=96&d=mm&r=g","caption":"TOTUL"},"url":"https:\/\/totul.md\/ro\/author\/anna-perjan\/"}]}},"_links":{"self":[{"href":"https:\/\/totul.md\/ro\/wp-json\/wp\/v2\/posts\/54635","targetHints":{"allow":["GET"]}}],"collection":[{"href":"https:\/\/totul.md\/ro\/wp-json\/wp\/v2\/posts"}],"about":[{"href":"https:\/\/totul.md\/ro\/wp-json\/wp\/v2\/types\/post"}],"author":[{"embeddable":true,"href":"https:\/\/totul.md\/ro\/wp-json\/wp\/v2\/users\/78"}],"replies":[{"embeddable":true,"href":"https:\/\/totul.md\/ro\/wp-json\/wp\/v2\/comments?post=54635"}],"version-history":[{"count":1,"href":"https:\/\/totul.md\/ro\/wp-json\/wp\/v2\/posts\/54635\/revisions"}],"predecessor-version":[{"id":54636,"href":"https:\/\/totul.md\/ro\/wp-json\/wp\/v2\/posts\/54635\/revisions\/54636"}],"wp:featuredmedia":[{"embeddable":true,"href":"https:\/\/totul.md\/ro\/wp-json\/wp\/v2\/media\/54633"}],"wp:attachment":[{"href":"https:\/\/totul.md\/ro\/wp-json\/wp\/v2\/media?parent=54635"}],"wp:term":[{"taxonomy":"category","embeddable":true,"href":"https:\/\/totul.md\/ro\/wp-json\/wp\/v2\/categories?post=54635"},{"taxonomy":"post_tag","embeddable":true,"href":"https:\/\/totul.md\/ro\/wp-json\/wp\/v2\/tags?post=54635"}],"curies":[{"name":"wp","href":"https:\/\/api.w.org\/{rel}","templated":true}]}}