{"id":54697,"date":"2026-09-06T13:34:46","date_gmt":"2026-09-06T13:34:46","guid":{"rendered":"https:\/\/totul.md\/?p=54697"},"modified":"2026-09-06T13:35:07","modified_gmt":"2026-09-06T13:35:07","slug":"nicusor-dan-ar-putea-desemna-premierul-luni-ce-conditii-pune","status":"publish","type":"post","link":"https:\/\/totul.md\/ro\/news\/nicusor-dan-ar-putea-desemna-premierul-luni-ce-conditii-pune\/","title":{"rendered":"Nicu\u0219or Dan ar putea desemna premierul luni: ce condi\u021bii pune"},"content":{"rendered":"<p>Pre\u0219edintele Rom\u00e2niei, <strong>Nicu\u0219or Dan,<\/strong> ar putea anun\u021ba luni, 7 septembrie, numele premierului desemnat, potrivit unor surse Digi24 apropiate de Administra\u021bia Preziden\u021bial\u0103. La Palatul Cotroceni este luat\u0103 \u00een calcul inclusiv varianta unui premier independent, care s\u0103 poat\u0103 ob\u021bine sprijinul necesar \u00een Parlament.<\/p>\n<p>Potrivit acelora\u0219i surse, pre\u0219edintele are mai multe cerin\u021be pentru viitorul \u0219ef al Guvernului. El \u00ee\u0219i dore\u0219te un premier independent, care s\u0103 poat\u0103 ob\u021bine cele <strong>233 de voturi<\/strong> necesare pentru \u00eenvestirea Guvernului.<\/p>\n<p>De asemenea, Nicu\u0219or Dan consider\u0103 important ca viitorul premier s\u0103 fie un economist competent \u0219i s\u0103 aib\u0103 o bun\u0103 reputa\u021bie at\u00e2t \u00een Europa, c\u00e2t \u0219i \u00een Statele Unite.<\/p>\n<p>Potrivit Digi24, \u00een ultimele zile, pre\u0219edintele a purtat discu\u021bii neoficiale cu unii dintre liderii fostei coali\u021bii de guvernare. Aceste contacte nu au fost anun\u021bate public.<\/p>\n<p>Consult\u0103rile oficiale cu partidele, despre care s-a relatat anterior, nu au mai avut loc. Surse din cadrul Administra\u021biei Preziden\u021biale sus\u021bin c\u0103 lui Nicu\u0219or Dan i s-a recomandat s\u0103 organizeze consult\u0103ri oficiale cu forma\u021biunile politice. Deocamdat\u0103, nu este clar dac\u0103 pre\u0219edintele va urma acest sfat sau va anun\u021ba direct candidatura pentru func\u021bia de premier.<\/p>\n<p><strong>Sursa:<\/strong> <a href=\"https:\/\/www.digi24.ro\/stiri\/actualitate\/politica\/nicusor-dan-ar-putea-desemna-luni-premierul-ce-conditii-pune-pentru-viitorul-sef-al-guvernului-surse-3936671\" target=\"_blank\" rel=\"nofollow\">DIGI24<\/a><\/p>\n","protected":false},"excerpt":{"rendered":"<p>Pre\u0219edintele Rom\u00e2niei, Nicu\u0219or Dan, ar putea anun\u021ba luni, 7 septembrie, numele premierului desemnat, potrivit unor surse Digi24 apropiate de Administra\u021bia Preziden\u021bial\u0103. La Palatul Cotroceni este luat\u0103 \u00een calcul inclusiv varianta unui premier independent, care s\u0103 poat\u0103 ob\u021bine sprijinul necesar \u00een Parlament. Potrivit acelora\u0219i surse, pre\u0219edintele are mai multe cerin\u021be pentru viitorul \u0219ef al Guvernului. El [&hellip;]<\/p>\n","protected":false},"author":78,"featured_media":54694,"comment_status":"closed","ping_status":"closed","sticky":false,"template":"","format":"standard","meta":{"footnotes":""},"categories":[218],"tags":[],"class_list":["post-54697","post","type-post","status-publish","format-standard","has-post-thumbnail","category-news"],"yoast_head":"<!-- This site is optimized with the Yoast SEO plugin v28.3 - https:\/\/yoast.com\/product\/yoast-seo-wordpress\/ -->\n<title>Nicu\u0219or Dan ar putea desemna premierul luni: ce condi\u021bii pune<\/title>\n<meta name=\"robots\" content=\"index, follow, max-snippet:-1, max-image-preview:large, max-video-preview:-1\" \/>\n<link rel=\"canonical\" href=\"https:\/\/totul.md\/ro\/news\/nicusor-dan-ar-putea-desemna-premierul-luni-ce-conditii-pune\/\" \/>\n<meta property=\"og:locale\" content=\"ro_RO\" \/>\n<meta property=\"og:type\" content=\"article\" \/>\n<meta property=\"og:title\" content=\"Nicu\u0219or Dan ar putea desemna premierul luni: ce condi\u021bii pune\" \/>\n<meta property=\"og:description\" content=\"Pre\u0219edintele Rom\u00e2niei, Nicu\u0219or Dan, ar putea anun\u021ba luni, 7 septembrie, numele premierului desemnat, potrivit unor surse Digi24 apropiate de Administra\u021bia Preziden\u021bial\u0103. La Palatul Cotroceni este luat\u0103 \u00een calcul inclusiv varianta unui premier independent, care s\u0103 poat\u0103 ob\u021bine sprijinul necesar \u00een Parlament. Potrivit acelora\u0219i surse, pre\u0219edintele are mai multe cerin\u021be pentru viitorul \u0219ef al Guvernului. El [&hellip;]\" \/>\n<meta property=\"og:url\" content=\"https:\/\/totul.md\/ro\/news\/nicusor-dan-ar-putea-desemna-premierul-luni-ce-conditii-pune\/\" \/>\n<meta property=\"og:site_name\" content=\"Totul\" \/>\n<meta property=\"article:published_time\" content=\"2026-09-06T13:34:46+00:00\" \/>\n<meta property=\"article:modified_time\" content=\"2026-09-06T13:35:07+00:00\" \/>\n<meta property=\"og:image\" content=\"https:\/\/totul.md\/wp-content\/uploads\/2026\/09\/2NTU5b.jpg\" \/>\n\t<meta property=\"og:image:width\" content=\"780\" \/>\n\t<meta property=\"og:image:height\" content=\"440\" \/>\n\t<meta property=\"og:image:type\" content=\"image\/jpeg\" \/>\n<meta name=\"author\" content=\"TOTUL\" \/>\n<meta name=\"twitter:card\" content=\"summary_large_image\" \/>\n<meta name=\"twitter:label1\" content=\"Scris de\" \/>\n\t<meta name=\"twitter:data1\" content=\"TOTUL\" \/>\n\t<meta name=\"twitter:label2\" content=\"Timp estimat pentru citire\" \/>\n\t<meta name=\"twitter:data2\" content=\"2 minute\" \/>\n<script type=\"application\/ld+json\" class=\"yoast-schema-graph\">{\"@context\":\"https:\\\/\\\/schema.org\",\"@graph\":[{\"@type\":\"Article\",\"@id\":\"https:\\\/\\\/totul.md\\\/ro\\\/news\\\/nicusor-dan-ar-putea-desemna-premierul-luni-ce-conditii-pune\\\/#article\",\"isPartOf\":{\"@id\":\"https:\\\/\\\/totul.md\\\/ro\\\/news\\\/nicusor-dan-ar-putea-desemna-premierul-luni-ce-conditii-pune\\\/\"},\"author\":{\"name\":\"TOTUL\",\"@id\":\"https:\\\/\\\/totul.md\\\/#\\\/schema\\\/person\\\/93f2fffe0c74089acf5f74fb041a330b\"},\"headline\":\"Nicu\u0219or Dan ar putea desemna premierul luni: ce condi\u021bii pune\",\"datePublished\":\"2026-09-06T13:34:46+00:00\",\"dateModified\":\"2026-09-06T13:35:07+00:00\",\"mainEntityOfPage\":{\"@id\":\"https:\\\/\\\/totul.md\\\/ro\\\/news\\\/nicusor-dan-ar-putea-desemna-premierul-luni-ce-conditii-pune\\\/\"},\"wordCount\":220,\"image\":{\"@id\":\"https:\\\/\\\/totul.md\\\/ro\\\/news\\\/nicusor-dan-ar-putea-desemna-premierul-luni-ce-conditii-pune\\\/#primaryimage\"},\"thumbnailUrl\":\"https:\\\/\\\/totul.md\\\/wp-content\\\/uploads\\\/2026\\\/09\\\/2NTU5b.jpg\",\"articleSection\":[\"\u0218tiri\"],\"inLanguage\":\"ro-RO\"},{\"@type\":\"WebPage\",\"@id\":\"https:\\\/\\\/totul.md\\\/ro\\\/news\\\/nicusor-dan-ar-putea-desemna-premierul-luni-ce-conditii-pune\\\/\",\"url\":\"https:\\\/\\\/totul.md\\\/ro\\\/news\\\/nicusor-dan-ar-putea-desemna-premierul-luni-ce-conditii-pune\\\/\",\"name\":\"Nicu\u0219or Dan ar putea desemna premierul luni: ce condi\u021bii pune\",\"isPartOf\":{\"@id\":\"https:\\\/\\\/totul.md\\\/#website\"},\"primaryImageOfPage\":{\"@id\":\"https:\\\/\\\/totul.md\\\/ro\\\/news\\\/nicusor-dan-ar-putea-desemna-premierul-luni-ce-conditii-pune\\\/#primaryimage\"},\"image\":{\"@id\":\"https:\\\/\\\/totul.md\\\/ro\\\/news\\\/nicusor-dan-ar-putea-desemna-premierul-luni-ce-conditii-pune\\\/#primaryimage\"},\"thumbnailUrl\":\"https:\\\/\\\/totul.md\\\/wp-content\\\/uploads\\\/2026\\\/09\\\/2NTU5b.jpg\",\"datePublished\":\"2026-09-06T13:34:46+00:00\",\"dateModified\":\"2026-09-06T13:35:07+00:00\",\"author\":{\"@id\":\"https:\\\/\\\/totul.md\\\/#\\\/schema\\\/person\\\/93f2fffe0c74089acf5f74fb041a330b\"},\"breadcrumb\":{\"@id\":\"https:\\\/\\\/totul.md\\\/ro\\\/news\\\/nicusor-dan-ar-putea-desemna-premierul-luni-ce-conditii-pune\\\/#breadcrumb\"},\"inLanguage\":\"ro-RO\",\"potentialAction\":[{\"@type\":\"ReadAction\",\"target\":[\"https:\\\/\\\/totul.md\\\/ro\\\/news\\\/nicusor-dan-ar-putea-desemna-premierul-luni-ce-conditii-pune\\\/\"]}]},{\"@type\":\"ImageObject\",\"inLanguage\":\"ro-RO\",\"@id\":\"https:\\\/\\\/totul.md\\\/ro\\\/news\\\/nicusor-dan-ar-putea-desemna-premierul-luni-ce-conditii-pune\\\/#primaryimage\",\"url\":\"https:\\\/\\\/totul.md\\\/wp-content\\\/uploads\\\/2026\\\/09\\\/2NTU5b.jpg\",\"contentUrl\":\"https:\\\/\\\/totul.md\\\/wp-content\\\/uploads\\\/2026\\\/09\\\/2NTU5b.jpg\",\"width\":780,\"height\":440},{\"@type\":\"BreadcrumbList\",\"@id\":\"https:\\\/\\\/totul.md\\\/ro\\\/news\\\/nicusor-dan-ar-putea-desemna-premierul-luni-ce-conditii-pune\\\/#breadcrumb\",\"itemListElement\":[{\"@type\":\"ListItem\",\"position\":1,\"name\":\"\u0413\u043b\u0430\u0432\u043d\u0430\u044f \u0441\u0442\u0440\u0430\u043d\u0438\u0446\u0430\",\"item\":\"https:\\\/\\\/totul.md\\\/ro\\\/acasa\\\/\"},{\"@type\":\"ListItem\",\"position\":2,\"name\":\"Nicu\u0219or Dan ar putea desemna premierul luni: ce condi\u021bii pune\"}]},{\"@type\":\"WebSite\",\"@id\":\"https:\\\/\\\/totul.md\\\/#website\",\"url\":\"https:\\\/\\\/totul.md\\\/\",\"name\":\"TOTUL.md\",\"description\":\"\",\"potentialAction\":[{\"@type\":\"SearchAction\",\"target\":{\"@type\":\"EntryPoint\",\"urlTemplate\":\"https:\\\/\\\/totul.md\\\/?s={search_term_string}\"},\"query-input\":{\"@type\":\"PropertyValueSpecification\",\"valueRequired\":true,\"valueName\":\"search_term_string\"}}],\"inLanguage\":\"ro-RO\"},{\"@type\":\"Person\",\"@id\":\"https:\\\/\\\/totul.md\\\/#\\\/schema\\\/person\\\/93f2fffe0c74089acf5f74fb041a330b\",\"name\":\"TOTUL\",\"image\":{\"@type\":\"ImageObject\",\"inLanguage\":\"ro-RO\",\"@id\":\"https:\\\/\\\/secure.gravatar.com\\\/avatar\\\/5e87996a50ae2ab46b00fceeeaf96f4ea6936f57c0b849f1d668bd140d0141d9?s=96&d=mm&r=g\",\"url\":\"https:\\\/\\\/secure.gravatar.com\\\/avatar\\\/5e87996a50ae2ab46b00fceeeaf96f4ea6936f57c0b849f1d668bd140d0141d9?s=96&d=mm&r=g\",\"contentUrl\":\"https:\\\/\\\/secure.gravatar.com\\\/avatar\\\/5e87996a50ae2ab46b00fceeeaf96f4ea6936f57c0b849f1d668bd140d0141d9?s=96&d=mm&r=g\",\"caption\":\"TOTUL\"},\"url\":\"https:\\\/\\\/totul.md\\\/ro\\\/author\\\/anna-perjan\\\/\"}]}<\/script>\n<!-- \/ Yoast SEO plugin. -->","yoast_head_json":{"title":"Nicu\u0219or Dan ar putea desemna premierul luni: ce condi\u021bii pune","robots":{"index":"index","follow":"follow","max-snippet":"max-snippet:-1","max-image-preview":"max-image-preview:large","max-video-preview":"max-video-preview:-1"},"canonical":"https:\/\/totul.md\/ro\/news\/nicusor-dan-ar-putea-desemna-premierul-luni-ce-conditii-pune\/","og_locale":"ro_RO","og_type":"article","og_title":"Nicu\u0219or Dan ar putea desemna premierul luni: ce condi\u021bii pune","og_description":"Pre\u0219edintele Rom\u00e2niei, Nicu\u0219or Dan, ar putea anun\u021ba luni, 7 septembrie, numele premierului desemnat, potrivit unor surse Digi24 apropiate de Administra\u021bia Preziden\u021bial\u0103. La Palatul Cotroceni este luat\u0103 \u00een calcul inclusiv varianta unui premier independent, care s\u0103 poat\u0103 ob\u021bine sprijinul necesar \u00een Parlament. Potrivit acelora\u0219i surse, pre\u0219edintele are mai multe cerin\u021be pentru viitorul \u0219ef al Guvernului. El [&hellip;]","og_url":"https:\/\/totul.md\/ro\/news\/nicusor-dan-ar-putea-desemna-premierul-luni-ce-conditii-pune\/","og_site_name":"Totul","article_published_time":"2026-09-06T13:34:46+00:00","article_modified_time":"2026-09-06T13:35:07+00:00","og_image":[{"width":780,"height":440,"url":"https:\/\/totul.md\/wp-content\/uploads\/2026\/09\/2NTU5b.jpg","type":"image\/jpeg"}],"author":"TOTUL","twitter_card":"summary_large_image","twitter_misc":{"Scris de":"TOTUL","Timp estimat pentru citire":"2 minute"},"schema":{"@context":"https:\/\/schema.org","@graph":[{"@type":"Article","@id":"https:\/\/totul.md\/ro\/news\/nicusor-dan-ar-putea-desemna-premierul-luni-ce-conditii-pune\/#article","isPartOf":{"@id":"https:\/\/totul.md\/ro\/news\/nicusor-dan-ar-putea-desemna-premierul-luni-ce-conditii-pune\/"},"author":{"name":"TOTUL","@id":"https:\/\/totul.md\/#\/schema\/person\/93f2fffe0c74089acf5f74fb041a330b"},"headline":"Nicu\u0219or Dan ar putea desemna premierul luni: ce condi\u021bii pune","datePublished":"2026-09-06T13:34:46+00:00","dateModified":"2026-09-06T13:35:07+00:00","mainEntityOfPage":{"@id":"https:\/\/totul.md\/ro\/news\/nicusor-dan-ar-putea-desemna-premierul-luni-ce-conditii-pune\/"},"wordCount":220,"image":{"@id":"https:\/\/totul.md\/ro\/news\/nicusor-dan-ar-putea-desemna-premierul-luni-ce-conditii-pune\/#primaryimage"},"thumbnailUrl":"https:\/\/totul.md\/wp-content\/uploads\/2026\/09\/2NTU5b.jpg","articleSection":["\u0218tiri"],"inLanguage":"ro-RO"},{"@type":"WebPage","@id":"https:\/\/totul.md\/ro\/news\/nicusor-dan-ar-putea-desemna-premierul-luni-ce-conditii-pune\/","url":"https:\/\/totul.md\/ro\/news\/nicusor-dan-ar-putea-desemna-premierul-luni-ce-conditii-pune\/","name":"Nicu\u0219or Dan ar putea desemna premierul luni: ce condi\u021bii pune","isPartOf":{"@id":"https:\/\/totul.md\/#website"},"primaryImageOfPage":{"@id":"https:\/\/totul.md\/ro\/news\/nicusor-dan-ar-putea-desemna-premierul-luni-ce-conditii-pune\/#primaryimage"},"image":{"@id":"https:\/\/totul.md\/ro\/news\/nicusor-dan-ar-putea-desemna-premierul-luni-ce-conditii-pune\/#primaryimage"},"thumbnailUrl":"https:\/\/totul.md\/wp-content\/uploads\/2026\/09\/2NTU5b.jpg","datePublished":"2026-09-06T13:34:46+00:00","dateModified":"2026-09-06T13:35:07+00:00","author":{"@id":"https:\/\/totul.md\/#\/schema\/person\/93f2fffe0c74089acf5f74fb041a330b"},"breadcrumb":{"@id":"https:\/\/totul.md\/ro\/news\/nicusor-dan-ar-putea-desemna-premierul-luni-ce-conditii-pune\/#breadcrumb"},"inLanguage":"ro-RO","potentialAction":[{"@type":"ReadAction","target":["https:\/\/totul.md\/ro\/news\/nicusor-dan-ar-putea-desemna-premierul-luni-ce-conditii-pune\/"]}]},{"@type":"ImageObject","inLanguage":"ro-RO","@id":"https:\/\/totul.md\/ro\/news\/nicusor-dan-ar-putea-desemna-premierul-luni-ce-conditii-pune\/#primaryimage","url":"https:\/\/totul.md\/wp-content\/uploads\/2026\/09\/2NTU5b.jpg","contentUrl":"https:\/\/totul.md\/wp-content\/uploads\/2026\/09\/2NTU5b.jpg","width":780,"height":440},{"@type":"BreadcrumbList","@id":"https:\/\/totul.md\/ro\/news\/nicusor-dan-ar-putea-desemna-premierul-luni-ce-conditii-pune\/#breadcrumb","itemListElement":[{"@type":"ListItem","position":1,"name":"\u0413\u043b\u0430\u0432\u043d\u0430\u044f \u0441\u0442\u0440\u0430\u043d\u0438\u0446\u0430","item":"https:\/\/totul.md\/ro\/acasa\/"},{"@type":"ListItem","position":2,"name":"Nicu\u0219or Dan ar putea desemna premierul luni: ce condi\u021bii pune"}]},{"@type":"WebSite","@id":"https:\/\/totul.md\/#website","url":"https:\/\/totul.md\/","name":"TOTUL.md","description":"","potentialAction":[{"@type":"SearchAction","target":{"@type":"EntryPoint","urlTemplate":"https:\/\/totul.md\/?s={search_term_string}"},"query-input":{"@type":"PropertyValueSpecification","valueRequired":true,"valueName":"search_term_string"}}],"inLanguage":"ro-RO"},{"@type":"Person","@id":"https:\/\/totul.md\/#\/schema\/person\/93f2fffe0c74089acf5f74fb041a330b","name":"TOTUL","image":{"@type":"ImageObject","inLanguage":"ro-RO","@id":"https:\/\/secure.gravatar.com\/avatar\/5e87996a50ae2ab46b00fceeeaf96f4ea6936f57c0b849f1d668bd140d0141d9?s=96&d=mm&r=g","url":"https:\/\/secure.gravatar.com\/avatar\/5e87996a50ae2ab46b00fceeeaf96f4ea6936f57c0b849f1d668bd140d0141d9?s=96&d=mm&r=g","contentUrl":"https:\/\/secure.gravatar.com\/avatar\/5e87996a50ae2ab46b00fceeeaf96f4ea6936f57c0b849f1d668bd140d0141d9?s=96&d=mm&r=g","caption":"TOTUL"},"url":"https:\/\/totul.md\/ro\/author\/anna-perjan\/"}]}},"_links":{"self":[{"href":"https:\/\/totul.md\/ro\/wp-json\/wp\/v2\/posts\/54697","targetHints":{"allow":["GET"]}}],"collection":[{"href":"https:\/\/totul.md\/ro\/wp-json\/wp\/v2\/posts"}],"about":[{"href":"https:\/\/totul.md\/ro\/wp-json\/wp\/v2\/types\/post"}],"author":[{"embeddable":true,"href":"https:\/\/totul.md\/ro\/wp-json\/wp\/v2\/users\/78"}],"replies":[{"embeddable":true,"href":"https:\/\/totul.md\/ro\/wp-json\/wp\/v2\/comments?post=54697"}],"version-history":[{"count":1,"href":"https:\/\/totul.md\/ro\/wp-json\/wp\/v2\/posts\/54697\/revisions"}],"predecessor-version":[{"id":54698,"href":"https:\/\/totul.md\/ro\/wp-json\/wp\/v2\/posts\/54697\/revisions\/54698"}],"wp:featuredmedia":[{"embeddable":true,"href":"https:\/\/totul.md\/ro\/wp-json\/wp\/v2\/media\/54694"}],"wp:attachment":[{"href":"https:\/\/totul.md\/ro\/wp-json\/wp\/v2\/media?parent=54697"}],"wp:term":[{"taxonomy":"category","embeddable":true,"href":"https:\/\/totul.md\/ro\/wp-json\/wp\/v2\/categories?post=54697"},{"taxonomy":"post_tag","embeddable":true,"href":"https:\/\/totul.md\/ro\/wp-json\/wp\/v2\/tags?post=54697"}],"curies":[{"name":"wp","href":"https:\/\/api.w.org\/{rel}","templated":true}]}}