{"id":54702,"date":"2026-09-06T14:09:56","date_gmt":"2026-09-06T14:09:56","guid":{"rendered":"https:\/\/totul.md\/?p=54702"},"modified":"2026-09-06T15:44:01","modified_gmt":"2026-09-06T15:44:01","slug":"emisarii-americani-pentru-pace-witkoff-si-kushner-au-ajuns-la-kiev-pentru-negocieri-cu-zelenski","status":"publish","type":"post","link":"https:\/\/totul.md\/ro\/news\/emisarii-americani-pentru-pace-witkoff-si-kushner-au-ajuns-la-kiev-pentru-negocieri-cu-zelenski\/","title":{"rendered":"Emisarii americani pentru pace Witkoff \u0219i Kushner au ajuns la Kiev pentru negocieri cu Zelenski"},"content":{"rendered":"<p>Emisarii pentru pace ai pre\u0219edintelui SUA Donald Trump, <strong>Steve Witkoff<\/strong> \u0219i <strong>Jared Kushner<\/strong>, au ajuns la Kiev pe 6 septembrie \u0219i au \u00eenceput negocierile cu pre\u0219edintele Ucrainei, <strong>Volodimir Zelenski.<\/strong> Este prima lor vizit\u0103 \u00een capitala ucrainean\u0103 dup\u0103 \u00eent\u00e2lnirea cu pre\u0219edintele rus Vladimir Putin, desf\u0103\u0219urat\u0103 la Moscova pe 5 septembrie.<\/p>\n<p>Witkoff \u0219i Kushner au ajuns la Kiev cu trenul. Potrivit lui Zelenski, ini\u021bial era planificat ca oficialii americani s\u0103 vin\u0103 cu avionul, \u00eens\u0103 atacurile ruse\u0219ti au \u00eempiedicat aceast\u0103 variant\u0103.<\/p>\n<p>\u00cen cadrul negocierilor sunt discutate perspectivele \u00eencet\u0103rii r\u0103zboiului, garan\u021biile de securitate pentru Ucraina, precum \u0219i preg\u0103tirea \u021b\u0103rii pentru iarn\u0103 \u0219i eventuale atacuri ruse\u0219ti asupra infrastructurii energetice.<\/p>\n<p>Dup\u0103 \u00eent\u00e2lnirea cu Zelenski, emisarii americani urmeaz\u0103 s\u0103 poarte discu\u021bii suplimentare cu reprezentan\u021bi ai Marii Britanii, Fran\u021bei \u0219i Germaniei.<\/p>\n<p>Vizita la Kiev are loc pe fondul intensific\u0103rii eforturilor diplomatice ale administra\u021biei Trump. Cu o zi \u00eenainte, Witkoff \u0219i Kushner au discutat timp de peste trei ore despre r\u0103zboiul din Ucraina cu Vladimir Putin la Kremlin. Potrivit declara\u021biilor p\u0103r\u021bii ruse, \u00eens\u0103, nu s-a \u00eenregistrat niciun progres semnificativ.<\/p>\n<p>Moscova \u00ee\u0219i men\u021bine \u00een continuare revendic\u0103rile teritoriale, \u00een timp ce Kievul solicit\u0103 garan\u021bii de securitate \u0219i o \u00eencetare durabil\u0103 a ostilit\u0103\u021bilor.<\/p>\n<p>Un reprezentant al Casei Albe a declarat jurnali\u0219tilor c\u0103 cele dou\u0103 p\u0103r\u021bi \u201eau discutat planuri concrete pentru urm\u0103torii pa\u0219i, care vor fi anun\u021ba\u021bi \u00een urm\u0103toarele s\u0103pt\u0103m\u00e2ni\u201d, f\u0103r\u0103 a oferi alte detalii.<\/p>\n<p><strong>Sursa:<\/strong> <a href=\"https:\/\/kyivindependent.com\/us-envoys-witkoff-kushner-arrive-in-ukraine\/\" target=\"_blank\" rel=\"nofollow\">The Kyiv Independent<\/a><\/p>\n","protected":false},"excerpt":{"rendered":"<p>Emisarii pentru pace ai pre\u0219edintelui SUA Donald Trump, Steve Witkoff \u0219i Jared Kushner, au ajuns la Kiev pe 6 septembrie \u0219i au \u00eenceput negocierile cu pre\u0219edintele Ucrainei, Volodimir Zelenski. Este prima lor vizit\u0103 \u00een capitala ucrainean\u0103 dup\u0103 \u00eent\u00e2lnirea cu pre\u0219edintele rus Vladimir Putin, desf\u0103\u0219urat\u0103 la Moscova pe 5 septembrie. Witkoff \u0219i Kushner au ajuns la [&hellip;]<\/p>\n","protected":false},"author":78,"featured_media":54711,"comment_status":"closed","ping_status":"closed","sticky":false,"template":"","format":"standard","meta":{"footnotes":""},"categories":[218],"tags":[],"class_list":["post-54702","post","type-post","status-publish","format-standard","has-post-thumbnail","category-news"],"yoast_head":"<!-- This site is optimized with the Yoast SEO plugin v28.3 - https:\/\/yoast.com\/product\/yoast-seo-wordpress\/ -->\n<title>Emisarii americani pentru pace Witkoff \u0219i Kushner au ajuns la Kiev pentru negocieri cu Zelenski<\/title>\n<meta name=\"robots\" content=\"index, follow, max-snippet:-1, max-image-preview:large, max-video-preview:-1\" \/>\n<link rel=\"canonical\" href=\"https:\/\/totul.md\/ro\/news\/emisarii-americani-pentru-pace-witkoff-si-kushner-au-ajuns-la-kiev-pentru-negocieri-cu-zelenski\/\" \/>\n<meta property=\"og:locale\" content=\"ro_RO\" \/>\n<meta property=\"og:type\" content=\"article\" \/>\n<meta property=\"og:title\" content=\"Emisarii americani pentru pace Witkoff \u0219i Kushner au ajuns la Kiev pentru negocieri cu Zelenski\" \/>\n<meta property=\"og:description\" content=\"Emisarii pentru pace ai pre\u0219edintelui SUA Donald Trump, Steve Witkoff \u0219i Jared Kushner, au ajuns la Kiev pe 6 septembrie \u0219i au \u00eenceput negocierile cu pre\u0219edintele Ucrainei, Volodimir Zelenski. Este prima lor vizit\u0103 \u00een capitala ucrainean\u0103 dup\u0103 \u00eent\u00e2lnirea cu pre\u0219edintele rus Vladimir Putin, desf\u0103\u0219urat\u0103 la Moscova pe 5 septembrie. Witkoff \u0219i Kushner au ajuns la [&hellip;]\" \/>\n<meta property=\"og:url\" content=\"https:\/\/totul.md\/ro\/news\/emisarii-americani-pentru-pace-witkoff-si-kushner-au-ajuns-la-kiev-pentru-negocieri-cu-zelenski\/\" \/>\n<meta property=\"og:site_name\" content=\"Totul\" \/>\n<meta property=\"article:published_time\" content=\"2026-09-06T14:09:56+00:00\" \/>\n<meta property=\"article:modified_time\" content=\"2026-09-06T15:44:01+00:00\" \/>\n<meta property=\"og:image\" content=\"https:\/\/totul.md\/wp-content\/uploads\/2026\/09\/I4829.webp\" \/>\n\t<meta property=\"og:image:width\" content=\"1024\" \/>\n\t<meta property=\"og:image:height\" content=\"768\" \/>\n\t<meta property=\"og:image:type\" content=\"image\/webp\" \/>\n<meta name=\"author\" content=\"TOTUL\" \/>\n<meta name=\"twitter:card\" content=\"summary_large_image\" \/>\n<meta name=\"twitter:label1\" content=\"Scris de\" \/>\n\t<meta name=\"twitter:data1\" content=\"TOTUL\" \/>\n\t<meta name=\"twitter:label2\" content=\"Timp estimat pentru citire\" \/>\n\t<meta name=\"twitter:data2\" content=\"2 minute\" \/>\n<script type=\"application\/ld+json\" class=\"yoast-schema-graph\">{\"@context\":\"https:\\\/\\\/schema.org\",\"@graph\":[{\"@type\":\"Article\",\"@id\":\"https:\\\/\\\/totul.md\\\/ro\\\/news\\\/emisarii-americani-pentru-pace-witkoff-si-kushner-au-ajuns-la-kiev-pentru-negocieri-cu-zelenski\\\/#article\",\"isPartOf\":{\"@id\":\"https:\\\/\\\/totul.md\\\/ro\\\/news\\\/emisarii-americani-pentru-pace-witkoff-si-kushner-au-ajuns-la-kiev-pentru-negocieri-cu-zelenski\\\/\"},\"author\":{\"name\":\"TOTUL\",\"@id\":\"https:\\\/\\\/totul.md\\\/#\\\/schema\\\/person\\\/93f2fffe0c74089acf5f74fb041a330b\"},\"headline\":\"Emisarii americani pentru pace Witkoff \u0219i Kushner au ajuns la Kiev pentru negocieri cu Zelenski\",\"datePublished\":\"2026-09-06T14:09:56+00:00\",\"dateModified\":\"2026-09-06T15:44:01+00:00\",\"mainEntityOfPage\":{\"@id\":\"https:\\\/\\\/totul.md\\\/ro\\\/news\\\/emisarii-americani-pentru-pace-witkoff-si-kushner-au-ajuns-la-kiev-pentru-negocieri-cu-zelenski\\\/\"},\"wordCount\":277,\"image\":{\"@id\":\"https:\\\/\\\/totul.md\\\/ro\\\/news\\\/emisarii-americani-pentru-pace-witkoff-si-kushner-au-ajuns-la-kiev-pentru-negocieri-cu-zelenski\\\/#primaryimage\"},\"thumbnailUrl\":\"https:\\\/\\\/totul.md\\\/wp-content\\\/uploads\\\/2026\\\/09\\\/I4829.webp\",\"articleSection\":[\"\u0218tiri\"],\"inLanguage\":\"ro-RO\"},{\"@type\":\"WebPage\",\"@id\":\"https:\\\/\\\/totul.md\\\/ro\\\/news\\\/emisarii-americani-pentru-pace-witkoff-si-kushner-au-ajuns-la-kiev-pentru-negocieri-cu-zelenski\\\/\",\"url\":\"https:\\\/\\\/totul.md\\\/ro\\\/news\\\/emisarii-americani-pentru-pace-witkoff-si-kushner-au-ajuns-la-kiev-pentru-negocieri-cu-zelenski\\\/\",\"name\":\"Emisarii americani pentru pace Witkoff \u0219i Kushner au ajuns la Kiev pentru negocieri cu Zelenski\",\"isPartOf\":{\"@id\":\"https:\\\/\\\/totul.md\\\/#website\"},\"primaryImageOfPage\":{\"@id\":\"https:\\\/\\\/totul.md\\\/ro\\\/news\\\/emisarii-americani-pentru-pace-witkoff-si-kushner-au-ajuns-la-kiev-pentru-negocieri-cu-zelenski\\\/#primaryimage\"},\"image\":{\"@id\":\"https:\\\/\\\/totul.md\\\/ro\\\/news\\\/emisarii-americani-pentru-pace-witkoff-si-kushner-au-ajuns-la-kiev-pentru-negocieri-cu-zelenski\\\/#primaryimage\"},\"thumbnailUrl\":\"https:\\\/\\\/totul.md\\\/wp-content\\\/uploads\\\/2026\\\/09\\\/I4829.webp\",\"datePublished\":\"2026-09-06T14:09:56+00:00\",\"dateModified\":\"2026-09-06T15:44:01+00:00\",\"author\":{\"@id\":\"https:\\\/\\\/totul.md\\\/#\\\/schema\\\/person\\\/93f2fffe0c74089acf5f74fb041a330b\"},\"breadcrumb\":{\"@id\":\"https:\\\/\\\/totul.md\\\/ro\\\/news\\\/emisarii-americani-pentru-pace-witkoff-si-kushner-au-ajuns-la-kiev-pentru-negocieri-cu-zelenski\\\/#breadcrumb\"},\"inLanguage\":\"ro-RO\",\"potentialAction\":[{\"@type\":\"ReadAction\",\"target\":[\"https:\\\/\\\/totul.md\\\/ro\\\/news\\\/emisarii-americani-pentru-pace-witkoff-si-kushner-au-ajuns-la-kiev-pentru-negocieri-cu-zelenski\\\/\"]}]},{\"@type\":\"ImageObject\",\"inLanguage\":\"ro-RO\",\"@id\":\"https:\\\/\\\/totul.md\\\/ro\\\/news\\\/emisarii-americani-pentru-pace-witkoff-si-kushner-au-ajuns-la-kiev-pentru-negocieri-cu-zelenski\\\/#primaryimage\",\"url\":\"https:\\\/\\\/totul.md\\\/wp-content\\\/uploads\\\/2026\\\/09\\\/I4829.webp\",\"contentUrl\":\"https:\\\/\\\/totul.md\\\/wp-content\\\/uploads\\\/2026\\\/09\\\/I4829.webp\",\"width\":1024,\"height\":768},{\"@type\":\"BreadcrumbList\",\"@id\":\"https:\\\/\\\/totul.md\\\/ro\\\/news\\\/emisarii-americani-pentru-pace-witkoff-si-kushner-au-ajuns-la-kiev-pentru-negocieri-cu-zelenski\\\/#breadcrumb\",\"itemListElement\":[{\"@type\":\"ListItem\",\"position\":1,\"name\":\"\u0413\u043b\u0430\u0432\u043d\u0430\u044f \u0441\u0442\u0440\u0430\u043d\u0438\u0446\u0430\",\"item\":\"https:\\\/\\\/totul.md\\\/ro\\\/acasa\\\/\"},{\"@type\":\"ListItem\",\"position\":2,\"name\":\"Emisarii americani pentru pace Witkoff \u0219i Kushner au ajuns la Kiev pentru negocieri cu Zelenski\"}]},{\"@type\":\"WebSite\",\"@id\":\"https:\\\/\\\/totul.md\\\/#website\",\"url\":\"https:\\\/\\\/totul.md\\\/\",\"name\":\"TOTUL.md\",\"description\":\"\",\"potentialAction\":[{\"@type\":\"SearchAction\",\"target\":{\"@type\":\"EntryPoint\",\"urlTemplate\":\"https:\\\/\\\/totul.md\\\/?s={search_term_string}\"},\"query-input\":{\"@type\":\"PropertyValueSpecification\",\"valueRequired\":true,\"valueName\":\"search_term_string\"}}],\"inLanguage\":\"ro-RO\"},{\"@type\":\"Person\",\"@id\":\"https:\\\/\\\/totul.md\\\/#\\\/schema\\\/person\\\/93f2fffe0c74089acf5f74fb041a330b\",\"name\":\"TOTUL\",\"image\":{\"@type\":\"ImageObject\",\"inLanguage\":\"ro-RO\",\"@id\":\"https:\\\/\\\/secure.gravatar.com\\\/avatar\\\/5e87996a50ae2ab46b00fceeeaf96f4ea6936f57c0b849f1d668bd140d0141d9?s=96&d=mm&r=g\",\"url\":\"https:\\\/\\\/secure.gravatar.com\\\/avatar\\\/5e87996a50ae2ab46b00fceeeaf96f4ea6936f57c0b849f1d668bd140d0141d9?s=96&d=mm&r=g\",\"contentUrl\":\"https:\\\/\\\/secure.gravatar.com\\\/avatar\\\/5e87996a50ae2ab46b00fceeeaf96f4ea6936f57c0b849f1d668bd140d0141d9?s=96&d=mm&r=g\",\"caption\":\"TOTUL\"},\"url\":\"https:\\\/\\\/totul.md\\\/ro\\\/author\\\/anna-perjan\\\/\"}]}<\/script>\n<!-- \/ Yoast SEO plugin. -->","yoast_head_json":{"title":"Emisarii americani pentru pace Witkoff \u0219i Kushner au ajuns la Kiev pentru negocieri cu Zelenski","robots":{"index":"index","follow":"follow","max-snippet":"max-snippet:-1","max-image-preview":"max-image-preview:large","max-video-preview":"max-video-preview:-1"},"canonical":"https:\/\/totul.md\/ro\/news\/emisarii-americani-pentru-pace-witkoff-si-kushner-au-ajuns-la-kiev-pentru-negocieri-cu-zelenski\/","og_locale":"ro_RO","og_type":"article","og_title":"Emisarii americani pentru pace Witkoff \u0219i Kushner au ajuns la Kiev pentru negocieri cu Zelenski","og_description":"Emisarii pentru pace ai pre\u0219edintelui SUA Donald Trump, Steve Witkoff \u0219i Jared Kushner, au ajuns la Kiev pe 6 septembrie \u0219i au \u00eenceput negocierile cu pre\u0219edintele Ucrainei, Volodimir Zelenski. Este prima lor vizit\u0103 \u00een capitala ucrainean\u0103 dup\u0103 \u00eent\u00e2lnirea cu pre\u0219edintele rus Vladimir Putin, desf\u0103\u0219urat\u0103 la Moscova pe 5 septembrie. Witkoff \u0219i Kushner au ajuns la [&hellip;]","og_url":"https:\/\/totul.md\/ro\/news\/emisarii-americani-pentru-pace-witkoff-si-kushner-au-ajuns-la-kiev-pentru-negocieri-cu-zelenski\/","og_site_name":"Totul","article_published_time":"2026-09-06T14:09:56+00:00","article_modified_time":"2026-09-06T15:44:01+00:00","og_image":[{"width":1024,"height":768,"url":"https:\/\/totul.md\/wp-content\/uploads\/2026\/09\/I4829.webp","type":"image\/webp"}],"author":"TOTUL","twitter_card":"summary_large_image","twitter_misc":{"Scris de":"TOTUL","Timp estimat pentru citire":"2 minute"},"schema":{"@context":"https:\/\/schema.org","@graph":[{"@type":"Article","@id":"https:\/\/totul.md\/ro\/news\/emisarii-americani-pentru-pace-witkoff-si-kushner-au-ajuns-la-kiev-pentru-negocieri-cu-zelenski\/#article","isPartOf":{"@id":"https:\/\/totul.md\/ro\/news\/emisarii-americani-pentru-pace-witkoff-si-kushner-au-ajuns-la-kiev-pentru-negocieri-cu-zelenski\/"},"author":{"name":"TOTUL","@id":"https:\/\/totul.md\/#\/schema\/person\/93f2fffe0c74089acf5f74fb041a330b"},"headline":"Emisarii americani pentru pace Witkoff \u0219i Kushner au ajuns la Kiev pentru negocieri cu Zelenski","datePublished":"2026-09-06T14:09:56+00:00","dateModified":"2026-09-06T15:44:01+00:00","mainEntityOfPage":{"@id":"https:\/\/totul.md\/ro\/news\/emisarii-americani-pentru-pace-witkoff-si-kushner-au-ajuns-la-kiev-pentru-negocieri-cu-zelenski\/"},"wordCount":277,"image":{"@id":"https:\/\/totul.md\/ro\/news\/emisarii-americani-pentru-pace-witkoff-si-kushner-au-ajuns-la-kiev-pentru-negocieri-cu-zelenski\/#primaryimage"},"thumbnailUrl":"https:\/\/totul.md\/wp-content\/uploads\/2026\/09\/I4829.webp","articleSection":["\u0218tiri"],"inLanguage":"ro-RO"},{"@type":"WebPage","@id":"https:\/\/totul.md\/ro\/news\/emisarii-americani-pentru-pace-witkoff-si-kushner-au-ajuns-la-kiev-pentru-negocieri-cu-zelenski\/","url":"https:\/\/totul.md\/ro\/news\/emisarii-americani-pentru-pace-witkoff-si-kushner-au-ajuns-la-kiev-pentru-negocieri-cu-zelenski\/","name":"Emisarii americani pentru pace Witkoff \u0219i Kushner au ajuns la Kiev pentru negocieri cu Zelenski","isPartOf":{"@id":"https:\/\/totul.md\/#website"},"primaryImageOfPage":{"@id":"https:\/\/totul.md\/ro\/news\/emisarii-americani-pentru-pace-witkoff-si-kushner-au-ajuns-la-kiev-pentru-negocieri-cu-zelenski\/#primaryimage"},"image":{"@id":"https:\/\/totul.md\/ro\/news\/emisarii-americani-pentru-pace-witkoff-si-kushner-au-ajuns-la-kiev-pentru-negocieri-cu-zelenski\/#primaryimage"},"thumbnailUrl":"https:\/\/totul.md\/wp-content\/uploads\/2026\/09\/I4829.webp","datePublished":"2026-09-06T14:09:56+00:00","dateModified":"2026-09-06T15:44:01+00:00","author":{"@id":"https:\/\/totul.md\/#\/schema\/person\/93f2fffe0c74089acf5f74fb041a330b"},"breadcrumb":{"@id":"https:\/\/totul.md\/ro\/news\/emisarii-americani-pentru-pace-witkoff-si-kushner-au-ajuns-la-kiev-pentru-negocieri-cu-zelenski\/#breadcrumb"},"inLanguage":"ro-RO","potentialAction":[{"@type":"ReadAction","target":["https:\/\/totul.md\/ro\/news\/emisarii-americani-pentru-pace-witkoff-si-kushner-au-ajuns-la-kiev-pentru-negocieri-cu-zelenski\/"]}]},{"@type":"ImageObject","inLanguage":"ro-RO","@id":"https:\/\/totul.md\/ro\/news\/emisarii-americani-pentru-pace-witkoff-si-kushner-au-ajuns-la-kiev-pentru-negocieri-cu-zelenski\/#primaryimage","url":"https:\/\/totul.md\/wp-content\/uploads\/2026\/09\/I4829.webp","contentUrl":"https:\/\/totul.md\/wp-content\/uploads\/2026\/09\/I4829.webp","width":1024,"height":768},{"@type":"BreadcrumbList","@id":"https:\/\/totul.md\/ro\/news\/emisarii-americani-pentru-pace-witkoff-si-kushner-au-ajuns-la-kiev-pentru-negocieri-cu-zelenski\/#breadcrumb","itemListElement":[{"@type":"ListItem","position":1,"name":"\u0413\u043b\u0430\u0432\u043d\u0430\u044f \u0441\u0442\u0440\u0430\u043d\u0438\u0446\u0430","item":"https:\/\/totul.md\/ro\/acasa\/"},{"@type":"ListItem","position":2,"name":"Emisarii americani pentru pace Witkoff \u0219i Kushner au ajuns la Kiev pentru negocieri cu Zelenski"}]},{"@type":"WebSite","@id":"https:\/\/totul.md\/#website","url":"https:\/\/totul.md\/","name":"TOTUL.md","description":"","potentialAction":[{"@type":"SearchAction","target":{"@type":"EntryPoint","urlTemplate":"https:\/\/totul.md\/?s={search_term_string}"},"query-input":{"@type":"PropertyValueSpecification","valueRequired":true,"valueName":"search_term_string"}}],"inLanguage":"ro-RO"},{"@type":"Person","@id":"https:\/\/totul.md\/#\/schema\/person\/93f2fffe0c74089acf5f74fb041a330b","name":"TOTUL","image":{"@type":"ImageObject","inLanguage":"ro-RO","@id":"https:\/\/secure.gravatar.com\/avatar\/5e87996a50ae2ab46b00fceeeaf96f4ea6936f57c0b849f1d668bd140d0141d9?s=96&d=mm&r=g","url":"https:\/\/secure.gravatar.com\/avatar\/5e87996a50ae2ab46b00fceeeaf96f4ea6936f57c0b849f1d668bd140d0141d9?s=96&d=mm&r=g","contentUrl":"https:\/\/secure.gravatar.com\/avatar\/5e87996a50ae2ab46b00fceeeaf96f4ea6936f57c0b849f1d668bd140d0141d9?s=96&d=mm&r=g","caption":"TOTUL"},"url":"https:\/\/totul.md\/ro\/author\/anna-perjan\/"}]}},"_links":{"self":[{"href":"https:\/\/totul.md\/ro\/wp-json\/wp\/v2\/posts\/54702","targetHints":{"allow":["GET"]}}],"collection":[{"href":"https:\/\/totul.md\/ro\/wp-json\/wp\/v2\/posts"}],"about":[{"href":"https:\/\/totul.md\/ro\/wp-json\/wp\/v2\/types\/post"}],"author":[{"embeddable":true,"href":"https:\/\/totul.md\/ro\/wp-json\/wp\/v2\/users\/78"}],"replies":[{"embeddable":true,"href":"https:\/\/totul.md\/ro\/wp-json\/wp\/v2\/comments?post=54702"}],"version-history":[{"count":1,"href":"https:\/\/totul.md\/ro\/wp-json\/wp\/v2\/posts\/54702\/revisions"}],"predecessor-version":[{"id":54703,"href":"https:\/\/totul.md\/ro\/wp-json\/wp\/v2\/posts\/54702\/revisions\/54703"}],"wp:featuredmedia":[{"embeddable":true,"href":"https:\/\/totul.md\/ro\/wp-json\/wp\/v2\/media\/54711"}],"wp:attachment":[{"href":"https:\/\/totul.md\/ro\/wp-json\/wp\/v2\/media?parent=54702"}],"wp:term":[{"taxonomy":"category","embeddable":true,"href":"https:\/\/totul.md\/ro\/wp-json\/wp\/v2\/categories?post=54702"},{"taxonomy":"post_tag","embeddable":true,"href":"https:\/\/totul.md\/ro\/wp-json\/wp\/v2\/tags?post=54702"}],"curies":[{"name":"wp","href":"https:\/\/api.w.org\/{rel}","templated":true}]}}